{"id":16380,"date":"2026-07-02T09:38:28","date_gmt":"2026-07-02T07:38:28","guid":{"rendered":"https:\/\/adiznctb3b.wpdns.site\/dodatni-elektricni-autobusi-kompanije-k-bus-jacaju-odrzivu-mobilnost-u-leobenu\/"},"modified":"2026-07-02T09:38:28","modified_gmt":"2026-07-02T07:38:28","slug":"dodatni-elektricni-autobusi-kompanije-k-bus-jacaju-odrzivu-mobilnost-u-leobenu","status":"publish","type":"post","link":"https:\/\/k-bus.at\/bs\/dodatni-elektricni-autobusi-kompanije-k-bus-jacaju-odrzivu-mobilnost-u-leobenu\/","title":{"rendered":"Dodatni elektri\u010dni autobusi kompanije K-BUS ja\u010daju odr\u017eivu mobilnost u Leobenu"},"content":{"rendered":"<p data-start=\"200\" data-end=\"584\">Elektrifikacija javnog prevoza u Leobenu napreduje. Isporukom novih elektri\u010dnih autobusa, flota gradskog prevoznika Leoben se strate\u0161ki pro\u0161iruje. Ova moderna vozila \u0107e se koristiti i u redovnim gradskim autobuskim linijama i u autobuskim linijama na zahtjev, \u010dime \u0107e zna\u010dajno doprinijeti odr\u017eivoj mobilnosti u regiji.   <\/p>\n<p data-start=\"586\" data-end=\"782\">Regionalne novine MeinBezirk tako\u0111er izvje\u0161tavaju o ovome u \u010dlanku <strong data-start=\"488\" data-end=\"538\">&#8220;Ja\u010danje elektri\u010dnog voznog parka u op\u0107inskim komunalnim preduze\u0107ima&#8221;<\/strong> . \u010clanak pokazuje va\u017enost novih elektri\u010dnih autobusa za grad Leoben. <\/p>\n<p data-start=\"904\" data-end=\"1051\">Cijeli \u010dlanak mo\u017eete prona\u0107i ovdje:<br data-start=\"949\" data-end=\"952\"\/> <a class=\"decorated-link\" href=\"https:\/\/www.meinbezirk.at\/leoben\/c-lokales\/verstaerkung-der-e-flotte-bei-den-stadtwerken_a8515549\" target=\"_new\" rel=\"noopener\" data-start=\"952\" data-end=\"1049\">https:\/\/www.meinbezirk.at\/leoben\/c-lokales\/verstaerkung-der-e-flotte-bei-den-stadtwerken_a8515549<\/a><\/p>\n","protected":false},"excerpt":{"rendered":"<p>Elektrifikacija javnog prevoza u Leobenu napreduje. Isporukom novih elektri\u010dnih autobusa, flota gradskog prevoznika Leoben se strate\u0161ki pro\u0161iruje. Ova moderna vozila<\/p>\n","protected":false},"author":3,"featured_media":2315,"comment_status":"closed","ping_status":"closed","sticky":false,"template":"","format":"standard","meta":{"_acf_changed":false,"footnotes":""},"categories":[242],"tags":[],"class_list":["post-16380","post","type-post","status-publish","format-standard","has-post-thumbnail","hentry","category-nekategorizirano"],"acf":[],"yoast_head":"<!-- This site is optimized with the Yoast SEO plugin v28.0 - https:\/\/yoast.com\/product\/yoast-seo-wordpress\/ -->\n<title>Dodatni elektri\u010dni autobusi kompanije K-BUS ja\u010daju odr\u017eivu mobilnost u Leobenu - K-Bus<\/title>\n<meta name=\"robots\" content=\"index, follow, max-snippet:-1, max-image-preview:large, max-video-preview:-1\" \/>\n<link rel=\"canonical\" href=\"https:\/\/k-bus.at\/bs\/dodatni-elektricni-autobusi-kompanije-k-bus-jacaju-odrzivu-mobilnost-u-leobenu\/\" \/>\n<meta property=\"og:locale\" content=\"bs_BA\" \/>\n<meta property=\"og:type\" content=\"article\" \/>\n<meta property=\"og:title\" content=\"Dodatni elektri\u010dni autobusi kompanije K-BUS ja\u010daju odr\u017eivu mobilnost u Leobenu - K-Bus\" \/>\n<meta property=\"og:description\" content=\"Elektrifikacija javnog prevoza u Leobenu napreduje. Isporukom novih elektri\u010dnih autobusa, flota gradskog prevoznika Leoben se strate\u0161ki pro\u0161iruje. Ova moderna vozila\" \/>\n<meta property=\"og:url\" content=\"https:\/\/k-bus.at\/bs\/dodatni-elektricni-autobusi-kompanije-k-bus-jacaju-odrzivu-mobilnost-u-leobenu\/\" \/>\n<meta property=\"og:site_name\" content=\"K-Bus\" \/>\n<meta property=\"article:published_time\" content=\"2026-07-02T07:38:28+00:00\" \/>\n<meta property=\"og:image\" content=\"https:\/\/k-bus.at\/wp-content\/uploads\/2026\/04\/20260310_1016140-scaled-e1775804841780.jpg\" \/>\n\t<meta property=\"og:image:width\" content=\"2560\" \/>\n\t<meta property=\"og:image:height\" content=\"1920\" \/>\n\t<meta property=\"og:image:type\" content=\"image\/jpeg\" \/>\n<meta name=\"author\" content=\"Andrea Pirecki\" \/>\n<meta name=\"twitter:card\" content=\"summary_large_image\" \/>\n<meta name=\"twitter:label1\" content=\"Written by\" \/>\n\t<meta name=\"twitter:data1\" content=\"Andrea Pirecki\" \/>\n<script type=\"application\/ld+json\" class=\"yoast-schema-graph\">{\"@context\":\"https:\\\/\\\/schema.org\",\"@graph\":[{\"@type\":\"Article\",\"@id\":\"https:\\\/\\\/k-bus.at\\\/bs\\\/dodatni-elektricni-autobusi-kompanije-k-bus-jacaju-odrzivu-mobilnost-u-leobenu\\\/#article\",\"isPartOf\":{\"@id\":\"https:\\\/\\\/k-bus.at\\\/bs\\\/dodatni-elektricni-autobusi-kompanije-k-bus-jacaju-odrzivu-mobilnost-u-leobenu\\\/\"},\"author\":{\"name\":\"Andrea Pirecki\",\"@id\":\"https:\\\/\\\/k-bus.at\\\/bs\\\/#\\\/schema\\\/person\\\/b79a4f67da3db34c482fb3becd6e4245\"},\"headline\":\"Dodatni elektri\u010dni autobusi kompanije K-BUS ja\u010daju odr\u017eivu mobilnost u Leobenu\",\"datePublished\":\"2026-07-02T07:38:28+00:00\",\"mainEntityOfPage\":{\"@id\":\"https:\\\/\\\/k-bus.at\\\/bs\\\/dodatni-elektricni-autobusi-kompanije-k-bus-jacaju-odrzivu-mobilnost-u-leobenu\\\/\"},\"wordCount\":110,\"image\":{\"@id\":\"https:\\\/\\\/k-bus.at\\\/bs\\\/dodatni-elektricni-autobusi-kompanije-k-bus-jacaju-odrzivu-mobilnost-u-leobenu\\\/#primaryimage\"},\"thumbnailUrl\":\"https:\\\/\\\/k-bus.at\\\/wp-content\\\/uploads\\\/2026\\\/04\\\/20260310_1016140-scaled.jpg\",\"articleSection\":[\"Nekategorizirano\"],\"inLanguage\":\"bs-BA\"},{\"@type\":\"WebPage\",\"@id\":\"https:\\\/\\\/k-bus.at\\\/bs\\\/dodatni-elektricni-autobusi-kompanije-k-bus-jacaju-odrzivu-mobilnost-u-leobenu\\\/\",\"url\":\"https:\\\/\\\/k-bus.at\\\/bs\\\/dodatni-elektricni-autobusi-kompanije-k-bus-jacaju-odrzivu-mobilnost-u-leobenu\\\/\",\"name\":\"Dodatni elektri\u010dni autobusi kompanije K-BUS ja\u010daju odr\u017eivu mobilnost u Leobenu - K-Bus\",\"isPartOf\":{\"@id\":\"https:\\\/\\\/k-bus.at\\\/bs\\\/#website\"},\"primaryImageOfPage\":{\"@id\":\"https:\\\/\\\/k-bus.at\\\/bs\\\/dodatni-elektricni-autobusi-kompanije-k-bus-jacaju-odrzivu-mobilnost-u-leobenu\\\/#primaryimage\"},\"image\":{\"@id\":\"https:\\\/\\\/k-bus.at\\\/bs\\\/dodatni-elektricni-autobusi-kompanije-k-bus-jacaju-odrzivu-mobilnost-u-leobenu\\\/#primaryimage\"},\"thumbnailUrl\":\"https:\\\/\\\/k-bus.at\\\/wp-content\\\/uploads\\\/2026\\\/04\\\/20260310_1016140-scaled.jpg\",\"datePublished\":\"2026-07-02T07:38:28+00:00\",\"author\":{\"@id\":\"https:\\\/\\\/k-bus.at\\\/bs\\\/#\\\/schema\\\/person\\\/b79a4f67da3db34c482fb3becd6e4245\"},\"breadcrumb\":{\"@id\":\"https:\\\/\\\/k-bus.at\\\/bs\\\/dodatni-elektricni-autobusi-kompanije-k-bus-jacaju-odrzivu-mobilnost-u-leobenu\\\/#breadcrumb\"},\"inLanguage\":\"bs-BA\",\"potentialAction\":[{\"@type\":\"ReadAction\",\"target\":[\"https:\\\/\\\/k-bus.at\\\/bs\\\/dodatni-elektricni-autobusi-kompanije-k-bus-jacaju-odrzivu-mobilnost-u-leobenu\\\/\"]}]},{\"@type\":\"ImageObject\",\"inLanguage\":\"bs-BA\",\"@id\":\"https:\\\/\\\/k-bus.at\\\/bs\\\/dodatni-elektricni-autobusi-kompanije-k-bus-jacaju-odrzivu-mobilnost-u-leobenu\\\/#primaryimage\",\"url\":\"https:\\\/\\\/k-bus.at\\\/wp-content\\\/uploads\\\/2026\\\/04\\\/20260310_1016140-scaled.jpg\",\"contentUrl\":\"https:\\\/\\\/k-bus.at\\\/wp-content\\\/uploads\\\/2026\\\/04\\\/20260310_1016140-scaled.jpg\",\"width\":2560,\"height\":1920,\"caption\":\"KBus-Kutsenits\"},{\"@type\":\"BreadcrumbList\",\"@id\":\"https:\\\/\\\/k-bus.at\\\/bs\\\/dodatni-elektricni-autobusi-kompanije-k-bus-jacaju-odrzivu-mobilnost-u-leobenu\\\/#breadcrumb\",\"itemListElement\":[{\"@type\":\"ListItem\",\"position\":1,\"name\":\"Startseite\",\"item\":\"https:\\\/\\\/k-bus.at\\\/bs\\\/k-bus-gmbh\\\/\"},{\"@type\":\"ListItem\",\"position\":2,\"name\":\"Dodatni elektri\u010dni autobusi kompanije K-BUS ja\u010daju odr\u017eivu mobilnost u Leobenu\"}]},{\"@type\":\"WebSite\",\"@id\":\"https:\\\/\\\/k-bus.at\\\/bs\\\/#website\",\"url\":\"https:\\\/\\\/k-bus.at\\\/bs\\\/\",\"name\":\"K-Bus\",\"description\":\"Smart Mobility\",\"potentialAction\":[{\"@type\":\"SearchAction\",\"target\":{\"@type\":\"EntryPoint\",\"urlTemplate\":\"https:\\\/\\\/k-bus.at\\\/bs\\\/?s={search_term_string}\"},\"query-input\":{\"@type\":\"PropertyValueSpecification\",\"valueRequired\":true,\"valueName\":\"search_term_string\"}}],\"inLanguage\":\"bs-BA\"},{\"@type\":\"Person\",\"@id\":\"https:\\\/\\\/k-bus.at\\\/bs\\\/#\\\/schema\\\/person\\\/b79a4f67da3db34c482fb3becd6e4245\",\"name\":\"Andrea Pirecki\",\"image\":{\"@type\":\"ImageObject\",\"inLanguage\":\"bs-BA\",\"@id\":\"https:\\\/\\\/secure.gravatar.com\\\/avatar\\\/5e7490fdafa64acbdd60eca8c45c7de318b19f18b275b5c3183eff64bd4dd9e8?s=96&d=mm&r=g\",\"url\":\"https:\\\/\\\/secure.gravatar.com\\\/avatar\\\/5e7490fdafa64acbdd60eca8c45c7de318b19f18b275b5c3183eff64bd4dd9e8?s=96&d=mm&r=g\",\"contentUrl\":\"https:\\\/\\\/secure.gravatar.com\\\/avatar\\\/5e7490fdafa64acbdd60eca8c45c7de318b19f18b275b5c3183eff64bd4dd9e8?s=96&d=mm&r=g\",\"caption\":\"Andrea Pirecki\"}}]}<\/script>\n<!-- \/ Yoast SEO plugin. -->","yoast_head_json":{"title":"Dodatni elektri\u010dni autobusi kompanije K-BUS ja\u010daju odr\u017eivu mobilnost u Leobenu - K-Bus","robots":{"index":"index","follow":"follow","max-snippet":"max-snippet:-1","max-image-preview":"max-image-preview:large","max-video-preview":"max-video-preview:-1"},"canonical":"https:\/\/k-bus.at\/bs\/dodatni-elektricni-autobusi-kompanije-k-bus-jacaju-odrzivu-mobilnost-u-leobenu\/","og_locale":"bs_BA","og_type":"article","og_title":"Dodatni elektri\u010dni autobusi kompanije K-BUS ja\u010daju odr\u017eivu mobilnost u Leobenu - K-Bus","og_description":"Elektrifikacija javnog prevoza u Leobenu napreduje. Isporukom novih elektri\u010dnih autobusa, flota gradskog prevoznika Leoben se strate\u0161ki pro\u0161iruje. Ova moderna vozila","og_url":"https:\/\/k-bus.at\/bs\/dodatni-elektricni-autobusi-kompanije-k-bus-jacaju-odrzivu-mobilnost-u-leobenu\/","og_site_name":"K-Bus","article_published_time":"2026-07-02T07:38:28+00:00","og_image":[{"width":2560,"height":1920,"url":"https:\/\/k-bus.at\/wp-content\/uploads\/2026\/04\/20260310_1016140-scaled-e1775804841780.jpg","type":"image\/jpeg"}],"author":"Andrea Pirecki","twitter_card":"summary_large_image","twitter_misc":{"Written by":"Andrea Pirecki"},"schema":{"@context":"https:\/\/schema.org","@graph":[{"@type":"Article","@id":"https:\/\/k-bus.at\/bs\/dodatni-elektricni-autobusi-kompanije-k-bus-jacaju-odrzivu-mobilnost-u-leobenu\/#article","isPartOf":{"@id":"https:\/\/k-bus.at\/bs\/dodatni-elektricni-autobusi-kompanije-k-bus-jacaju-odrzivu-mobilnost-u-leobenu\/"},"author":{"name":"Andrea Pirecki","@id":"https:\/\/k-bus.at\/bs\/#\/schema\/person\/b79a4f67da3db34c482fb3becd6e4245"},"headline":"Dodatni elektri\u010dni autobusi kompanije K-BUS ja\u010daju odr\u017eivu mobilnost u Leobenu","datePublished":"2026-07-02T07:38:28+00:00","mainEntityOfPage":{"@id":"https:\/\/k-bus.at\/bs\/dodatni-elektricni-autobusi-kompanije-k-bus-jacaju-odrzivu-mobilnost-u-leobenu\/"},"wordCount":110,"image":{"@id":"https:\/\/k-bus.at\/bs\/dodatni-elektricni-autobusi-kompanije-k-bus-jacaju-odrzivu-mobilnost-u-leobenu\/#primaryimage"},"thumbnailUrl":"https:\/\/k-bus.at\/wp-content\/uploads\/2026\/04\/20260310_1016140-scaled.jpg","articleSection":["Nekategorizirano"],"inLanguage":"bs-BA"},{"@type":"WebPage","@id":"https:\/\/k-bus.at\/bs\/dodatni-elektricni-autobusi-kompanije-k-bus-jacaju-odrzivu-mobilnost-u-leobenu\/","url":"https:\/\/k-bus.at\/bs\/dodatni-elektricni-autobusi-kompanije-k-bus-jacaju-odrzivu-mobilnost-u-leobenu\/","name":"Dodatni elektri\u010dni autobusi kompanije K-BUS ja\u010daju odr\u017eivu mobilnost u Leobenu - K-Bus","isPartOf":{"@id":"https:\/\/k-bus.at\/bs\/#website"},"primaryImageOfPage":{"@id":"https:\/\/k-bus.at\/bs\/dodatni-elektricni-autobusi-kompanije-k-bus-jacaju-odrzivu-mobilnost-u-leobenu\/#primaryimage"},"image":{"@id":"https:\/\/k-bus.at\/bs\/dodatni-elektricni-autobusi-kompanije-k-bus-jacaju-odrzivu-mobilnost-u-leobenu\/#primaryimage"},"thumbnailUrl":"https:\/\/k-bus.at\/wp-content\/uploads\/2026\/04\/20260310_1016140-scaled.jpg","datePublished":"2026-07-02T07:38:28+00:00","author":{"@id":"https:\/\/k-bus.at\/bs\/#\/schema\/person\/b79a4f67da3db34c482fb3becd6e4245"},"breadcrumb":{"@id":"https:\/\/k-bus.at\/bs\/dodatni-elektricni-autobusi-kompanije-k-bus-jacaju-odrzivu-mobilnost-u-leobenu\/#breadcrumb"},"inLanguage":"bs-BA","potentialAction":[{"@type":"ReadAction","target":["https:\/\/k-bus.at\/bs\/dodatni-elektricni-autobusi-kompanije-k-bus-jacaju-odrzivu-mobilnost-u-leobenu\/"]}]},{"@type":"ImageObject","inLanguage":"bs-BA","@id":"https:\/\/k-bus.at\/bs\/dodatni-elektricni-autobusi-kompanije-k-bus-jacaju-odrzivu-mobilnost-u-leobenu\/#primaryimage","url":"https:\/\/k-bus.at\/wp-content\/uploads\/2026\/04\/20260310_1016140-scaled.jpg","contentUrl":"https:\/\/k-bus.at\/wp-content\/uploads\/2026\/04\/20260310_1016140-scaled.jpg","width":2560,"height":1920,"caption":"KBus-Kutsenits"},{"@type":"BreadcrumbList","@id":"https:\/\/k-bus.at\/bs\/dodatni-elektricni-autobusi-kompanije-k-bus-jacaju-odrzivu-mobilnost-u-leobenu\/#breadcrumb","itemListElement":[{"@type":"ListItem","position":1,"name":"Startseite","item":"https:\/\/k-bus.at\/bs\/k-bus-gmbh\/"},{"@type":"ListItem","position":2,"name":"Dodatni elektri\u010dni autobusi kompanije K-BUS ja\u010daju odr\u017eivu mobilnost u Leobenu"}]},{"@type":"WebSite","@id":"https:\/\/k-bus.at\/bs\/#website","url":"https:\/\/k-bus.at\/bs\/","name":"K-Bus","description":"Smart Mobility","potentialAction":[{"@type":"SearchAction","target":{"@type":"EntryPoint","urlTemplate":"https:\/\/k-bus.at\/bs\/?s={search_term_string}"},"query-input":{"@type":"PropertyValueSpecification","valueRequired":true,"valueName":"search_term_string"}}],"inLanguage":"bs-BA"},{"@type":"Person","@id":"https:\/\/k-bus.at\/bs\/#\/schema\/person\/b79a4f67da3db34c482fb3becd6e4245","name":"Andrea Pirecki","image":{"@type":"ImageObject","inLanguage":"bs-BA","@id":"https:\/\/secure.gravatar.com\/avatar\/5e7490fdafa64acbdd60eca8c45c7de318b19f18b275b5c3183eff64bd4dd9e8?s=96&d=mm&r=g","url":"https:\/\/secure.gravatar.com\/avatar\/5e7490fdafa64acbdd60eca8c45c7de318b19f18b275b5c3183eff64bd4dd9e8?s=96&d=mm&r=g","contentUrl":"https:\/\/secure.gravatar.com\/avatar\/5e7490fdafa64acbdd60eca8c45c7de318b19f18b275b5c3183eff64bd4dd9e8?s=96&d=mm&r=g","caption":"Andrea Pirecki"}}]}},"_links":{"self":[{"href":"https:\/\/k-bus.at\/bs\/wp-json\/wp\/v2\/posts\/16380","targetHints":{"allow":["GET"]}}],"collection":[{"href":"https:\/\/k-bus.at\/bs\/wp-json\/wp\/v2\/posts"}],"about":[{"href":"https:\/\/k-bus.at\/bs\/wp-json\/wp\/v2\/types\/post"}],"author":[{"embeddable":true,"href":"https:\/\/k-bus.at\/bs\/wp-json\/wp\/v2\/users\/3"}],"replies":[{"embeddable":true,"href":"https:\/\/k-bus.at\/bs\/wp-json\/wp\/v2\/comments?post=16380"}],"version-history":[{"count":0,"href":"https:\/\/k-bus.at\/bs\/wp-json\/wp\/v2\/posts\/16380\/revisions"}],"wp:featuredmedia":[{"embeddable":true,"href":"https:\/\/k-bus.at\/bs\/wp-json\/wp\/v2\/media\/2315"}],"wp:attachment":[{"href":"https:\/\/k-bus.at\/bs\/wp-json\/wp\/v2\/media?parent=16380"}],"wp:term":[{"taxonomy":"category","embeddable":true,"href":"https:\/\/k-bus.at\/bs\/wp-json\/wp\/v2\/categories?post=16380"},{"taxonomy":"post_tag","embeddable":true,"href":"https:\/\/k-bus.at\/bs\/wp-json\/wp\/v2\/tags?post=16380"}],"curies":[{"name":"wp","href":"https:\/\/api.w.org\/{rel}","templated":true}]}}