{"id":16390,"date":"2026-07-02T09:38:33","date_gmt":"2026-07-02T07:38:33","guid":{"rendered":"https:\/\/adiznctb3b.wpdns.site\/prvi-elektricni-autobus-novog-dizajna-od-k-bus-a-za-kapfenberg\/"},"modified":"2026-07-02T09:38:33","modified_gmt":"2026-07-02T07:38:33","slug":"prvi-elektricni-autobus-novog-dizajna-od-k-bus-a-za-kapfenberg","status":"publish","type":"post","link":"https:\/\/k-bus.at\/bs\/prvi-elektricni-autobus-novog-dizajna-od-k-bus-a-za-kapfenberg\/","title":{"rendered":"Prvi elektri\u010dni autobus novog dizajna od K-BUS-a za Kapfenberg"},"content":{"rendered":"<p data-start=\"176\" data-end=\"399\">K-BUS sa zadovoljstvom objavljuje uspje\u0161no uvo\u0111enje svog prvog elektri\u010dnog autobusa u novom dizajnu. Inovativno vozilo sada saobra\u0107a u Kapfenbergu i predstavlja modernu, odr\u017eivu mobilnost u regiji. <\/p>\n<p data-start=\"401\" data-end=\"653\">Regionalne novine <span class=\"hover:entity-accent entity-underline inline cursor-pointer align-baseline\"><span class=\"whitespace-normal\">MeinBezirk<\/span><\/span> tako\u0111er op\u0161irno izvje\u0161tavaju o projektu u nedavnom online \u010dlanku. \u010clanak isti\u010de i tehni\u010dke karakteristike i va\u017enost elektri\u010dnog autobusa za regiju. <\/p>\n<p data-start=\"655\" data-end=\"820\">Cijeli \u010dlanak mo\u017eete prona\u0107i ovdje:<br data-start=\"700\" data-end=\"703\"\/> <a class=\"decorated-link\" href=\"https:\/\/www.meinbezirk.at\/bruck-an-der-mur\/c-wirtschaft\/erster-e-bus-mit-neuem-design-rollt-durch-kapfenberg_a8455460\" target=\"_new\" rel=\"noopener\" data-start=\"703\" data-end=\"820\">https:\/\/www.meinbezirk.at\/bruck-an-der-mur\/c-wirtschaft\/erster-e-bus-mit-neuem-design-rollt-durch-kapfenberg_a8455460<\/a><\/p>\n","protected":false},"excerpt":{"rendered":"<p>K-BUS sa zadovoljstvom objavljuje uspje\u0161no uvo\u0111enje svog prvog elektri\u010dnog autobusa u novom dizajnu. Inovativno vozilo sada saobra\u0107a u Kapfenbergu i<\/p>\n","protected":false},"author":3,"featured_media":2380,"comment_status":"closed","ping_status":"closed","sticky":false,"template":"","format":"standard","meta":{"_acf_changed":false,"footnotes":""},"categories":[242],"tags":[],"class_list":["post-16390","post","type-post","status-publish","format-standard","has-post-thumbnail","hentry","category-nekategorizirano"],"acf":[],"yoast_head":"<!-- This site is optimized with the Yoast SEO plugin v28.0 - https:\/\/yoast.com\/product\/yoast-seo-wordpress\/ -->\n<title>Prvi elektri\u010dni autobus novog dizajna od K-BUS-a za Kapfenberg - K-Bus<\/title>\n<meta name=\"robots\" content=\"index, follow, max-snippet:-1, max-image-preview:large, max-video-preview:-1\" \/>\n<link rel=\"canonical\" href=\"https:\/\/k-bus.at\/bs\/prvi-elektricni-autobus-novog-dizajna-od-k-bus-a-za-kapfenberg\/\" \/>\n<meta property=\"og:locale\" content=\"bs_BA\" \/>\n<meta property=\"og:type\" content=\"article\" \/>\n<meta property=\"og:title\" content=\"Prvi elektri\u010dni autobus novog dizajna od K-BUS-a za Kapfenberg - K-Bus\" \/>\n<meta property=\"og:description\" content=\"K-BUS sa zadovoljstvom objavljuje uspje\u0161no uvo\u0111enje svog prvog elektri\u010dnog autobusa u novom dizajnu. Inovativno vozilo sada saobra\u0107a u Kapfenbergu i\" \/>\n<meta property=\"og:url\" content=\"https:\/\/k-bus.at\/bs\/prvi-elektricni-autobus-novog-dizajna-od-k-bus-a-za-kapfenberg\/\" \/>\n<meta property=\"og:site_name\" content=\"K-Bus\" \/>\n<meta property=\"article:published_time\" content=\"2026-07-02T07:38:33+00:00\" \/>\n<meta property=\"og:image\" content=\"https:\/\/k-bus.at\/wp-content\/uploads\/2026\/03\/Muerztaler-scaled-e1775812594961.jpg\" \/>\n\t<meta property=\"og:image:width\" content=\"2560\" \/>\n\t<meta property=\"og:image:height\" content=\"1920\" \/>\n\t<meta property=\"og:image:type\" content=\"image\/jpeg\" \/>\n<meta name=\"author\" content=\"Andrea Pirecki\" \/>\n<meta name=\"twitter:card\" content=\"summary_large_image\" \/>\n<meta name=\"twitter:label1\" content=\"Written by\" \/>\n\t<meta name=\"twitter:data1\" content=\"Andrea Pirecki\" \/>\n<script type=\"application\/ld+json\" class=\"yoast-schema-graph\">{\"@context\":\"https:\\\/\\\/schema.org\",\"@graph\":[{\"@type\":\"Article\",\"@id\":\"https:\\\/\\\/k-bus.at\\\/bs\\\/prvi-elektricni-autobus-novog-dizajna-od-k-bus-a-za-kapfenberg\\\/#article\",\"isPartOf\":{\"@id\":\"https:\\\/\\\/k-bus.at\\\/bs\\\/prvi-elektricni-autobus-novog-dizajna-od-k-bus-a-za-kapfenberg\\\/\"},\"author\":{\"name\":\"Andrea Pirecki\",\"@id\":\"https:\\\/\\\/k-bus.at\\\/bs\\\/#\\\/schema\\\/person\\\/b79a4f67da3db34c482fb3becd6e4245\"},\"headline\":\"Prvi elektri\u010dni autobus novog dizajna od K-BUS-a za Kapfenberg\",\"datePublished\":\"2026-07-02T07:38:33+00:00\",\"mainEntityOfPage\":{\"@id\":\"https:\\\/\\\/k-bus.at\\\/bs\\\/prvi-elektricni-autobus-novog-dizajna-od-k-bus-a-za-kapfenberg\\\/\"},\"wordCount\":86,\"image\":{\"@id\":\"https:\\\/\\\/k-bus.at\\\/bs\\\/prvi-elektricni-autobus-novog-dizajna-od-k-bus-a-za-kapfenberg\\\/#primaryimage\"},\"thumbnailUrl\":\"https:\\\/\\\/k-bus.at\\\/wp-content\\\/uploads\\\/2026\\\/03\\\/Muerztaler-scaled.jpg\",\"articleSection\":[\"Nekategorizirano\"],\"inLanguage\":\"bs-BA\"},{\"@type\":\"WebPage\",\"@id\":\"https:\\\/\\\/k-bus.at\\\/bs\\\/prvi-elektricni-autobus-novog-dizajna-od-k-bus-a-za-kapfenberg\\\/\",\"url\":\"https:\\\/\\\/k-bus.at\\\/bs\\\/prvi-elektricni-autobus-novog-dizajna-od-k-bus-a-za-kapfenberg\\\/\",\"name\":\"Prvi elektri\u010dni autobus novog dizajna od K-BUS-a za Kapfenberg - K-Bus\",\"isPartOf\":{\"@id\":\"https:\\\/\\\/k-bus.at\\\/bs\\\/#website\"},\"primaryImageOfPage\":{\"@id\":\"https:\\\/\\\/k-bus.at\\\/bs\\\/prvi-elektricni-autobus-novog-dizajna-od-k-bus-a-za-kapfenberg\\\/#primaryimage\"},\"image\":{\"@id\":\"https:\\\/\\\/k-bus.at\\\/bs\\\/prvi-elektricni-autobus-novog-dizajna-od-k-bus-a-za-kapfenberg\\\/#primaryimage\"},\"thumbnailUrl\":\"https:\\\/\\\/k-bus.at\\\/wp-content\\\/uploads\\\/2026\\\/03\\\/Muerztaler-scaled.jpg\",\"datePublished\":\"2026-07-02T07:38:33+00:00\",\"author\":{\"@id\":\"https:\\\/\\\/k-bus.at\\\/bs\\\/#\\\/schema\\\/person\\\/b79a4f67da3db34c482fb3becd6e4245\"},\"breadcrumb\":{\"@id\":\"https:\\\/\\\/k-bus.at\\\/bs\\\/prvi-elektricni-autobus-novog-dizajna-od-k-bus-a-za-kapfenberg\\\/#breadcrumb\"},\"inLanguage\":\"bs-BA\",\"potentialAction\":[{\"@type\":\"ReadAction\",\"target\":[\"https:\\\/\\\/k-bus.at\\\/bs\\\/prvi-elektricni-autobus-novog-dizajna-od-k-bus-a-za-kapfenberg\\\/\"]}]},{\"@type\":\"ImageObject\",\"inLanguage\":\"bs-BA\",\"@id\":\"https:\\\/\\\/k-bus.at\\\/bs\\\/prvi-elektricni-autobus-novog-dizajna-od-k-bus-a-za-kapfenberg\\\/#primaryimage\",\"url\":\"https:\\\/\\\/k-bus.at\\\/wp-content\\\/uploads\\\/2026\\\/03\\\/Muerztaler-scaled.jpg\",\"contentUrl\":\"https:\\\/\\\/k-bus.at\\\/wp-content\\\/uploads\\\/2026\\\/03\\\/Muerztaler-scaled.jpg\",\"width\":2560,\"height\":1920},{\"@type\":\"BreadcrumbList\",\"@id\":\"https:\\\/\\\/k-bus.at\\\/bs\\\/prvi-elektricni-autobus-novog-dizajna-od-k-bus-a-za-kapfenberg\\\/#breadcrumb\",\"itemListElement\":[{\"@type\":\"ListItem\",\"position\":1,\"name\":\"Startseite\",\"item\":\"https:\\\/\\\/k-bus.at\\\/bs\\\/k-bus-gmbh\\\/\"},{\"@type\":\"ListItem\",\"position\":2,\"name\":\"Prvi elektri\u010dni autobus novog dizajna od K-BUS-a za Kapfenberg\"}]},{\"@type\":\"WebSite\",\"@id\":\"https:\\\/\\\/k-bus.at\\\/bs\\\/#website\",\"url\":\"https:\\\/\\\/k-bus.at\\\/bs\\\/\",\"name\":\"K-Bus\",\"description\":\"Smart Mobility\",\"potentialAction\":[{\"@type\":\"SearchAction\",\"target\":{\"@type\":\"EntryPoint\",\"urlTemplate\":\"https:\\\/\\\/k-bus.at\\\/bs\\\/?s={search_term_string}\"},\"query-input\":{\"@type\":\"PropertyValueSpecification\",\"valueRequired\":true,\"valueName\":\"search_term_string\"}}],\"inLanguage\":\"bs-BA\"},{\"@type\":\"Person\",\"@id\":\"https:\\\/\\\/k-bus.at\\\/bs\\\/#\\\/schema\\\/person\\\/b79a4f67da3db34c482fb3becd6e4245\",\"name\":\"Andrea Pirecki\",\"image\":{\"@type\":\"ImageObject\",\"inLanguage\":\"bs-BA\",\"@id\":\"https:\\\/\\\/secure.gravatar.com\\\/avatar\\\/5e7490fdafa64acbdd60eca8c45c7de318b19f18b275b5c3183eff64bd4dd9e8?s=96&d=mm&r=g\",\"url\":\"https:\\\/\\\/secure.gravatar.com\\\/avatar\\\/5e7490fdafa64acbdd60eca8c45c7de318b19f18b275b5c3183eff64bd4dd9e8?s=96&d=mm&r=g\",\"contentUrl\":\"https:\\\/\\\/secure.gravatar.com\\\/avatar\\\/5e7490fdafa64acbdd60eca8c45c7de318b19f18b275b5c3183eff64bd4dd9e8?s=96&d=mm&r=g\",\"caption\":\"Andrea Pirecki\"}}]}<\/script>\n<!-- \/ Yoast SEO plugin. -->","yoast_head_json":{"title":"Prvi elektri\u010dni autobus novog dizajna od K-BUS-a za Kapfenberg - K-Bus","robots":{"index":"index","follow":"follow","max-snippet":"max-snippet:-1","max-image-preview":"max-image-preview:large","max-video-preview":"max-video-preview:-1"},"canonical":"https:\/\/k-bus.at\/bs\/prvi-elektricni-autobus-novog-dizajna-od-k-bus-a-za-kapfenberg\/","og_locale":"bs_BA","og_type":"article","og_title":"Prvi elektri\u010dni autobus novog dizajna od K-BUS-a za Kapfenberg - K-Bus","og_description":"K-BUS sa zadovoljstvom objavljuje uspje\u0161no uvo\u0111enje svog prvog elektri\u010dnog autobusa u novom dizajnu. Inovativno vozilo sada saobra\u0107a u Kapfenbergu i","og_url":"https:\/\/k-bus.at\/bs\/prvi-elektricni-autobus-novog-dizajna-od-k-bus-a-za-kapfenberg\/","og_site_name":"K-Bus","article_published_time":"2026-07-02T07:38:33+00:00","og_image":[{"width":2560,"height":1920,"url":"https:\/\/k-bus.at\/wp-content\/uploads\/2026\/03\/Muerztaler-scaled-e1775812594961.jpg","type":"image\/jpeg"}],"author":"Andrea Pirecki","twitter_card":"summary_large_image","twitter_misc":{"Written by":"Andrea Pirecki"},"schema":{"@context":"https:\/\/schema.org","@graph":[{"@type":"Article","@id":"https:\/\/k-bus.at\/bs\/prvi-elektricni-autobus-novog-dizajna-od-k-bus-a-za-kapfenberg\/#article","isPartOf":{"@id":"https:\/\/k-bus.at\/bs\/prvi-elektricni-autobus-novog-dizajna-od-k-bus-a-za-kapfenberg\/"},"author":{"name":"Andrea Pirecki","@id":"https:\/\/k-bus.at\/bs\/#\/schema\/person\/b79a4f67da3db34c482fb3becd6e4245"},"headline":"Prvi elektri\u010dni autobus novog dizajna od K-BUS-a za Kapfenberg","datePublished":"2026-07-02T07:38:33+00:00","mainEntityOfPage":{"@id":"https:\/\/k-bus.at\/bs\/prvi-elektricni-autobus-novog-dizajna-od-k-bus-a-za-kapfenberg\/"},"wordCount":86,"image":{"@id":"https:\/\/k-bus.at\/bs\/prvi-elektricni-autobus-novog-dizajna-od-k-bus-a-za-kapfenberg\/#primaryimage"},"thumbnailUrl":"https:\/\/k-bus.at\/wp-content\/uploads\/2026\/03\/Muerztaler-scaled.jpg","articleSection":["Nekategorizirano"],"inLanguage":"bs-BA"},{"@type":"WebPage","@id":"https:\/\/k-bus.at\/bs\/prvi-elektricni-autobus-novog-dizajna-od-k-bus-a-za-kapfenberg\/","url":"https:\/\/k-bus.at\/bs\/prvi-elektricni-autobus-novog-dizajna-od-k-bus-a-za-kapfenberg\/","name":"Prvi elektri\u010dni autobus novog dizajna od K-BUS-a za Kapfenberg - K-Bus","isPartOf":{"@id":"https:\/\/k-bus.at\/bs\/#website"},"primaryImageOfPage":{"@id":"https:\/\/k-bus.at\/bs\/prvi-elektricni-autobus-novog-dizajna-od-k-bus-a-za-kapfenberg\/#primaryimage"},"image":{"@id":"https:\/\/k-bus.at\/bs\/prvi-elektricni-autobus-novog-dizajna-od-k-bus-a-za-kapfenberg\/#primaryimage"},"thumbnailUrl":"https:\/\/k-bus.at\/wp-content\/uploads\/2026\/03\/Muerztaler-scaled.jpg","datePublished":"2026-07-02T07:38:33+00:00","author":{"@id":"https:\/\/k-bus.at\/bs\/#\/schema\/person\/b79a4f67da3db34c482fb3becd6e4245"},"breadcrumb":{"@id":"https:\/\/k-bus.at\/bs\/prvi-elektricni-autobus-novog-dizajna-od-k-bus-a-za-kapfenberg\/#breadcrumb"},"inLanguage":"bs-BA","potentialAction":[{"@type":"ReadAction","target":["https:\/\/k-bus.at\/bs\/prvi-elektricni-autobus-novog-dizajna-od-k-bus-a-za-kapfenberg\/"]}]},{"@type":"ImageObject","inLanguage":"bs-BA","@id":"https:\/\/k-bus.at\/bs\/prvi-elektricni-autobus-novog-dizajna-od-k-bus-a-za-kapfenberg\/#primaryimage","url":"https:\/\/k-bus.at\/wp-content\/uploads\/2026\/03\/Muerztaler-scaled.jpg","contentUrl":"https:\/\/k-bus.at\/wp-content\/uploads\/2026\/03\/Muerztaler-scaled.jpg","width":2560,"height":1920},{"@type":"BreadcrumbList","@id":"https:\/\/k-bus.at\/bs\/prvi-elektricni-autobus-novog-dizajna-od-k-bus-a-za-kapfenberg\/#breadcrumb","itemListElement":[{"@type":"ListItem","position":1,"name":"Startseite","item":"https:\/\/k-bus.at\/bs\/k-bus-gmbh\/"},{"@type":"ListItem","position":2,"name":"Prvi elektri\u010dni autobus novog dizajna od K-BUS-a za Kapfenberg"}]},{"@type":"WebSite","@id":"https:\/\/k-bus.at\/bs\/#website","url":"https:\/\/k-bus.at\/bs\/","name":"K-Bus","description":"Smart Mobility","potentialAction":[{"@type":"SearchAction","target":{"@type":"EntryPoint","urlTemplate":"https:\/\/k-bus.at\/bs\/?s={search_term_string}"},"query-input":{"@type":"PropertyValueSpecification","valueRequired":true,"valueName":"search_term_string"}}],"inLanguage":"bs-BA"},{"@type":"Person","@id":"https:\/\/k-bus.at\/bs\/#\/schema\/person\/b79a4f67da3db34c482fb3becd6e4245","name":"Andrea Pirecki","image":{"@type":"ImageObject","inLanguage":"bs-BA","@id":"https:\/\/secure.gravatar.com\/avatar\/5e7490fdafa64acbdd60eca8c45c7de318b19f18b275b5c3183eff64bd4dd9e8?s=96&d=mm&r=g","url":"https:\/\/secure.gravatar.com\/avatar\/5e7490fdafa64acbdd60eca8c45c7de318b19f18b275b5c3183eff64bd4dd9e8?s=96&d=mm&r=g","contentUrl":"https:\/\/secure.gravatar.com\/avatar\/5e7490fdafa64acbdd60eca8c45c7de318b19f18b275b5c3183eff64bd4dd9e8?s=96&d=mm&r=g","caption":"Andrea Pirecki"}}]}},"_links":{"self":[{"href":"https:\/\/k-bus.at\/bs\/wp-json\/wp\/v2\/posts\/16390","targetHints":{"allow":["GET"]}}],"collection":[{"href":"https:\/\/k-bus.at\/bs\/wp-json\/wp\/v2\/posts"}],"about":[{"href":"https:\/\/k-bus.at\/bs\/wp-json\/wp\/v2\/types\/post"}],"author":[{"embeddable":true,"href":"https:\/\/k-bus.at\/bs\/wp-json\/wp\/v2\/users\/3"}],"replies":[{"embeddable":true,"href":"https:\/\/k-bus.at\/bs\/wp-json\/wp\/v2\/comments?post=16390"}],"version-history":[{"count":0,"href":"https:\/\/k-bus.at\/bs\/wp-json\/wp\/v2\/posts\/16390\/revisions"}],"wp:featuredmedia":[{"embeddable":true,"href":"https:\/\/k-bus.at\/bs\/wp-json\/wp\/v2\/media\/2380"}],"wp:attachment":[{"href":"https:\/\/k-bus.at\/bs\/wp-json\/wp\/v2\/media?parent=16390"}],"wp:term":[{"taxonomy":"category","embeddable":true,"href":"https:\/\/k-bus.at\/bs\/wp-json\/wp\/v2\/categories?post=16390"},{"taxonomy":"post_tag","embeddable":true,"href":"https:\/\/k-bus.at\/bs\/wp-json\/wp\/v2\/tags?post=16390"}],"curies":[{"name":"wp","href":"https:\/\/api.w.org\/{rel}","templated":true}]}}