{"id":16554,"date":"2026-07-02T09:40:19","date_gmt":"2026-07-02T07:40:19","guid":{"rendered":"https:\/\/adiznctb3b.wpdns.site\/k-bus-pone-en-marcha-la-primera-linea-de-autobuses-totalmente-electricos-en-innsbruck\/"},"modified":"2026-07-02T09:40:19","modified_gmt":"2026-07-02T07:40:19","slug":"k-bus-pone-en-marcha-la-primera-linea-de-autobuses-totalmente-electricos-en-innsbruck","status":"publish","type":"post","link":"https:\/\/k-bus.at\/es\/k-bus-pone-en-marcha-la-primera-linea-de-autobuses-totalmente-electricos-en-innsbruck\/","title":{"rendered":"K-BUS pone en marcha la primera l\u00ednea de autobuses totalmente el\u00e9ctricos en Innsbruck"},"content":{"rendered":"<p data-start=\"167\" data-end=\"549\">Con la puesta en marcha de la primera l\u00ednea de autobuses totalmente el\u00e9ctricos en Innsbruck, contin\u00faa de forma sistem\u00e1tica la expansi\u00f3n de la movilidad sostenible. En la nueva l\u00ednea D se utilizan modernos minibuses el\u00e9ctricos de K-Bus, dise\u00f1ados espec\u00edficamente para el uso urbano en calles estrechas y con una autonom\u00eda de unos 150 kil\u00f3metros. <\/p>\n<p data-start=\"551\" data-end=\"776\">La nueva l\u00ednea mejora, en particular, la conexi\u00f3n entre los barrios de Arzl y M\u00fchlau y, al mismo tiempo, supone un paso importante hacia un transporte p\u00fablico sin emisiones.<\/p>\n<p data-start=\"778\" data-end=\"992\">El peri\u00f3dico regional tambi\u00e9n informa sobre el proyecto <span class=\"hover:entity-accent entity-underline inline cursor-pointer align-baseline\"><span class=\"whitespace-normal\">MeinBezirk<\/span><\/span> en el art\u00edculo <strong data-start=\"879\" data-end=\"937\">\u00abPrimera l\u00ednea de autob\u00fas totalmente el\u00e9ctrica para Innsbruck\u00bb<\/strong>, escrito por <span class=\"hover:entity-accent entity-underline inline cursor-pointer align-baseline\"><span class=\"whitespace-normal\">Pascal Pali<\/span><\/span>.<\/p>\n<p data-start=\"994\" data-end=\"1153\">Puede consultar el art\u00edculo completo aqu\u00ed:<br data-start=\"1039\" data-end=\"1042\"\/><a class=\"decorated-link\" href=\"https:\/\/www.meinbezirk.at\/innsbruck\/c-lokales\/erste-vollstaendig-elektrische-buslinie-fuer-innsbruck_a7871915\" target=\"_new\" rel=\"noopener\" data-start=\"1042\" data-end=\"1151\">https:\/\/www.meinbezirk.at\/innsbruck\/c-lokales\/erste-vollstaendig-elektrische-buslinie-fuer-innsbruck_a7871915<\/a><\/p>\n","protected":false},"excerpt":{"rendered":"<p>Con la puesta en marcha de la primera l\u00ednea de autobuses totalmente el\u00e9ctricos en Innsbruck, contin\u00faa de forma sistem\u00e1tica la<\/p>\n","protected":false},"author":3,"featured_media":2375,"comment_status":"closed","ping_status":"closed","sticky":false,"template":"","format":"standard","meta":{"_acf_changed":false,"footnotes":""},"categories":[149],"tags":[],"class_list":["post-16554","post","type-post","status-publish","format-standard","has-post-thumbnail","hentry","category-sin-categoria"],"acf":[],"yoast_head":"<!-- This site is optimized with the Yoast SEO plugin v28.0 - https:\/\/yoast.com\/product\/yoast-seo-wordpress\/ -->\n<title>K-BUS pone en marcha la primera l\u00ednea de autobuses totalmente el\u00e9ctricos en Innsbruck - K-Bus<\/title>\n<meta name=\"robots\" content=\"index, follow, max-snippet:-1, max-image-preview:large, max-video-preview:-1\" \/>\n<link rel=\"canonical\" href=\"https:\/\/k-bus.at\/es\/k-bus-pone-en-marcha-la-primera-linea-de-autobuses-totalmente-electricos-en-innsbruck\/\" \/>\n<meta property=\"og:locale\" content=\"es_ES\" \/>\n<meta property=\"og:type\" content=\"article\" \/>\n<meta property=\"og:title\" content=\"K-BUS pone en marcha la primera l\u00ednea de autobuses totalmente el\u00e9ctricos en Innsbruck - K-Bus\" \/>\n<meta property=\"og:description\" content=\"Con la puesta en marcha de la primera l\u00ednea de autobuses totalmente el\u00e9ctricos en Innsbruck, contin\u00faa de forma sistem\u00e1tica la\" \/>\n<meta property=\"og:url\" content=\"https:\/\/k-bus.at\/es\/k-bus-pone-en-marcha-la-primera-linea-de-autobuses-totalmente-electricos-en-innsbruck\/\" \/>\n<meta property=\"og:site_name\" content=\"K-Bus\" \/>\n<meta property=\"article:published_time\" content=\"2026-07-02T07:40:19+00:00\" \/>\n<meta property=\"og:image\" content=\"https:\/\/k-bus.at\/wp-content\/uploads\/2026\/04\/20251112_071301.jpg\" \/>\n\t<meta property=\"og:image:width\" content=\"1280\" \/>\n\t<meta property=\"og:image:height\" content=\"960\" \/>\n\t<meta property=\"og:image:type\" content=\"image\/jpeg\" \/>\n<meta name=\"author\" content=\"Andrea Pirecki\" \/>\n<meta name=\"twitter:card\" content=\"summary_large_image\" \/>\n<meta name=\"twitter:label1\" content=\"Escrito por\" \/>\n\t<meta name=\"twitter:data1\" content=\"Andrea Pirecki\" \/>\n\t<meta name=\"twitter:label2\" content=\"Tiempo de lectura\" \/>\n\t<meta name=\"twitter:data2\" content=\"1 minuto\" \/>\n<script type=\"application\/ld+json\" class=\"yoast-schema-graph\">{\"@context\":\"https:\\\/\\\/schema.org\",\"@graph\":[{\"@type\":\"Article\",\"@id\":\"https:\\\/\\\/k-bus.at\\\/es\\\/k-bus-pone-en-marcha-la-primera-linea-de-autobuses-totalmente-electricos-en-innsbruck\\\/#article\",\"isPartOf\":{\"@id\":\"https:\\\/\\\/k-bus.at\\\/es\\\/k-bus-pone-en-marcha-la-primera-linea-de-autobuses-totalmente-electricos-en-innsbruck\\\/\"},\"author\":{\"name\":\"Andrea Pirecki\",\"@id\":\"https:\\\/\\\/k-bus.at\\\/es\\\/#\\\/schema\\\/person\\\/b79a4f67da3db34c482fb3becd6e4245\"},\"headline\":\"K-BUS pone en marcha la primera l\u00ednea de autobuses totalmente el\u00e9ctricos en Innsbruck\",\"datePublished\":\"2026-07-02T07:40:19+00:00\",\"mainEntityOfPage\":{\"@id\":\"https:\\\/\\\/k-bus.at\\\/es\\\/k-bus-pone-en-marcha-la-primera-linea-de-autobuses-totalmente-electricos-en-innsbruck\\\/\"},\"wordCount\":157,\"image\":{\"@id\":\"https:\\\/\\\/k-bus.at\\\/es\\\/k-bus-pone-en-marcha-la-primera-linea-de-autobuses-totalmente-electricos-en-innsbruck\\\/#primaryimage\"},\"thumbnailUrl\":\"https:\\\/\\\/k-bus.at\\\/wp-content\\\/uploads\\\/2026\\\/04\\\/20251112_071301.jpg\",\"inLanguage\":\"es\"},{\"@type\":\"WebPage\",\"@id\":\"https:\\\/\\\/k-bus.at\\\/es\\\/k-bus-pone-en-marcha-la-primera-linea-de-autobuses-totalmente-electricos-en-innsbruck\\\/\",\"url\":\"https:\\\/\\\/k-bus.at\\\/es\\\/k-bus-pone-en-marcha-la-primera-linea-de-autobuses-totalmente-electricos-en-innsbruck\\\/\",\"name\":\"K-BUS pone en marcha la primera l\u00ednea de autobuses totalmente el\u00e9ctricos en Innsbruck - K-Bus\",\"isPartOf\":{\"@id\":\"https:\\\/\\\/k-bus.at\\\/es\\\/#website\"},\"primaryImageOfPage\":{\"@id\":\"https:\\\/\\\/k-bus.at\\\/es\\\/k-bus-pone-en-marcha-la-primera-linea-de-autobuses-totalmente-electricos-en-innsbruck\\\/#primaryimage\"},\"image\":{\"@id\":\"https:\\\/\\\/k-bus.at\\\/es\\\/k-bus-pone-en-marcha-la-primera-linea-de-autobuses-totalmente-electricos-en-innsbruck\\\/#primaryimage\"},\"thumbnailUrl\":\"https:\\\/\\\/k-bus.at\\\/wp-content\\\/uploads\\\/2026\\\/04\\\/20251112_071301.jpg\",\"datePublished\":\"2026-07-02T07:40:19+00:00\",\"author\":{\"@id\":\"https:\\\/\\\/k-bus.at\\\/es\\\/#\\\/schema\\\/person\\\/b79a4f67da3db34c482fb3becd6e4245\"},\"breadcrumb\":{\"@id\":\"https:\\\/\\\/k-bus.at\\\/es\\\/k-bus-pone-en-marcha-la-primera-linea-de-autobuses-totalmente-electricos-en-innsbruck\\\/#breadcrumb\"},\"inLanguage\":\"es\",\"potentialAction\":[{\"@type\":\"ReadAction\",\"target\":[\"https:\\\/\\\/k-bus.at\\\/es\\\/k-bus-pone-en-marcha-la-primera-linea-de-autobuses-totalmente-electricos-en-innsbruck\\\/\"]}]},{\"@type\":\"ImageObject\",\"inLanguage\":\"es\",\"@id\":\"https:\\\/\\\/k-bus.at\\\/es\\\/k-bus-pone-en-marcha-la-primera-linea-de-autobuses-totalmente-electricos-en-innsbruck\\\/#primaryimage\",\"url\":\"https:\\\/\\\/k-bus.at\\\/wp-content\\\/uploads\\\/2026\\\/04\\\/20251112_071301.jpg\",\"contentUrl\":\"https:\\\/\\\/k-bus.at\\\/wp-content\\\/uploads\\\/2026\\\/04\\\/20251112_071301.jpg\",\"width\":1280,\"height\":960,\"caption\":\"KBus-Kutsenits\"},{\"@type\":\"BreadcrumbList\",\"@id\":\"https:\\\/\\\/k-bus.at\\\/es\\\/k-bus-pone-en-marcha-la-primera-linea-de-autobuses-totalmente-electricos-en-innsbruck\\\/#breadcrumb\",\"itemListElement\":[{\"@type\":\"ListItem\",\"position\":1,\"name\":\"Startseite\",\"item\":\"https:\\\/\\\/k-bus.at\\\/es\\\/k-bus-gmbh\\\/\"},{\"@type\":\"ListItem\",\"position\":2,\"name\":\"K-BUS pone en marcha la primera l\u00ednea de autobuses totalmente el\u00e9ctricos en Innsbruck\"}]},{\"@type\":\"WebSite\",\"@id\":\"https:\\\/\\\/k-bus.at\\\/es\\\/#website\",\"url\":\"https:\\\/\\\/k-bus.at\\\/es\\\/\",\"name\":\"K-Bus\",\"description\":\"Smart Mobility\",\"potentialAction\":[{\"@type\":\"SearchAction\",\"target\":{\"@type\":\"EntryPoint\",\"urlTemplate\":\"https:\\\/\\\/k-bus.at\\\/es\\\/?s={search_term_string}\"},\"query-input\":{\"@type\":\"PropertyValueSpecification\",\"valueRequired\":true,\"valueName\":\"search_term_string\"}}],\"inLanguage\":\"es\"},{\"@type\":\"Person\",\"@id\":\"https:\\\/\\\/k-bus.at\\\/es\\\/#\\\/schema\\\/person\\\/b79a4f67da3db34c482fb3becd6e4245\",\"name\":\"Andrea Pirecki\",\"image\":{\"@type\":\"ImageObject\",\"inLanguage\":\"es\",\"@id\":\"https:\\\/\\\/secure.gravatar.com\\\/avatar\\\/5e7490fdafa64acbdd60eca8c45c7de318b19f18b275b5c3183eff64bd4dd9e8?s=96&d=mm&r=g\",\"url\":\"https:\\\/\\\/secure.gravatar.com\\\/avatar\\\/5e7490fdafa64acbdd60eca8c45c7de318b19f18b275b5c3183eff64bd4dd9e8?s=96&d=mm&r=g\",\"contentUrl\":\"https:\\\/\\\/secure.gravatar.com\\\/avatar\\\/5e7490fdafa64acbdd60eca8c45c7de318b19f18b275b5c3183eff64bd4dd9e8?s=96&d=mm&r=g\",\"caption\":\"Andrea Pirecki\"}}]}<\/script>\n<!-- \/ Yoast SEO plugin. -->","yoast_head_json":{"title":"K-BUS pone en marcha la primera l\u00ednea de autobuses totalmente el\u00e9ctricos en Innsbruck - K-Bus","robots":{"index":"index","follow":"follow","max-snippet":"max-snippet:-1","max-image-preview":"max-image-preview:large","max-video-preview":"max-video-preview:-1"},"canonical":"https:\/\/k-bus.at\/es\/k-bus-pone-en-marcha-la-primera-linea-de-autobuses-totalmente-electricos-en-innsbruck\/","og_locale":"es_ES","og_type":"article","og_title":"K-BUS pone en marcha la primera l\u00ednea de autobuses totalmente el\u00e9ctricos en Innsbruck - K-Bus","og_description":"Con la puesta en marcha de la primera l\u00ednea de autobuses totalmente el\u00e9ctricos en Innsbruck, contin\u00faa de forma sistem\u00e1tica la","og_url":"https:\/\/k-bus.at\/es\/k-bus-pone-en-marcha-la-primera-linea-de-autobuses-totalmente-electricos-en-innsbruck\/","og_site_name":"K-Bus","article_published_time":"2026-07-02T07:40:19+00:00","og_image":[{"width":1280,"height":960,"url":"https:\/\/k-bus.at\/wp-content\/uploads\/2026\/04\/20251112_071301.jpg","type":"image\/jpeg"}],"author":"Andrea Pirecki","twitter_card":"summary_large_image","twitter_misc":{"Escrito por":"Andrea Pirecki","Tiempo de lectura":"1 minuto"},"schema":{"@context":"https:\/\/schema.org","@graph":[{"@type":"Article","@id":"https:\/\/k-bus.at\/es\/k-bus-pone-en-marcha-la-primera-linea-de-autobuses-totalmente-electricos-en-innsbruck\/#article","isPartOf":{"@id":"https:\/\/k-bus.at\/es\/k-bus-pone-en-marcha-la-primera-linea-de-autobuses-totalmente-electricos-en-innsbruck\/"},"author":{"name":"Andrea Pirecki","@id":"https:\/\/k-bus.at\/es\/#\/schema\/person\/b79a4f67da3db34c482fb3becd6e4245"},"headline":"K-BUS pone en marcha la primera l\u00ednea de autobuses totalmente el\u00e9ctricos en Innsbruck","datePublished":"2026-07-02T07:40:19+00:00","mainEntityOfPage":{"@id":"https:\/\/k-bus.at\/es\/k-bus-pone-en-marcha-la-primera-linea-de-autobuses-totalmente-electricos-en-innsbruck\/"},"wordCount":157,"image":{"@id":"https:\/\/k-bus.at\/es\/k-bus-pone-en-marcha-la-primera-linea-de-autobuses-totalmente-electricos-en-innsbruck\/#primaryimage"},"thumbnailUrl":"https:\/\/k-bus.at\/wp-content\/uploads\/2026\/04\/20251112_071301.jpg","inLanguage":"es"},{"@type":"WebPage","@id":"https:\/\/k-bus.at\/es\/k-bus-pone-en-marcha-la-primera-linea-de-autobuses-totalmente-electricos-en-innsbruck\/","url":"https:\/\/k-bus.at\/es\/k-bus-pone-en-marcha-la-primera-linea-de-autobuses-totalmente-electricos-en-innsbruck\/","name":"K-BUS pone en marcha la primera l\u00ednea de autobuses totalmente el\u00e9ctricos en Innsbruck - K-Bus","isPartOf":{"@id":"https:\/\/k-bus.at\/es\/#website"},"primaryImageOfPage":{"@id":"https:\/\/k-bus.at\/es\/k-bus-pone-en-marcha-la-primera-linea-de-autobuses-totalmente-electricos-en-innsbruck\/#primaryimage"},"image":{"@id":"https:\/\/k-bus.at\/es\/k-bus-pone-en-marcha-la-primera-linea-de-autobuses-totalmente-electricos-en-innsbruck\/#primaryimage"},"thumbnailUrl":"https:\/\/k-bus.at\/wp-content\/uploads\/2026\/04\/20251112_071301.jpg","datePublished":"2026-07-02T07:40:19+00:00","author":{"@id":"https:\/\/k-bus.at\/es\/#\/schema\/person\/b79a4f67da3db34c482fb3becd6e4245"},"breadcrumb":{"@id":"https:\/\/k-bus.at\/es\/k-bus-pone-en-marcha-la-primera-linea-de-autobuses-totalmente-electricos-en-innsbruck\/#breadcrumb"},"inLanguage":"es","potentialAction":[{"@type":"ReadAction","target":["https:\/\/k-bus.at\/es\/k-bus-pone-en-marcha-la-primera-linea-de-autobuses-totalmente-electricos-en-innsbruck\/"]}]},{"@type":"ImageObject","inLanguage":"es","@id":"https:\/\/k-bus.at\/es\/k-bus-pone-en-marcha-la-primera-linea-de-autobuses-totalmente-electricos-en-innsbruck\/#primaryimage","url":"https:\/\/k-bus.at\/wp-content\/uploads\/2026\/04\/20251112_071301.jpg","contentUrl":"https:\/\/k-bus.at\/wp-content\/uploads\/2026\/04\/20251112_071301.jpg","width":1280,"height":960,"caption":"KBus-Kutsenits"},{"@type":"BreadcrumbList","@id":"https:\/\/k-bus.at\/es\/k-bus-pone-en-marcha-la-primera-linea-de-autobuses-totalmente-electricos-en-innsbruck\/#breadcrumb","itemListElement":[{"@type":"ListItem","position":1,"name":"Startseite","item":"https:\/\/k-bus.at\/es\/k-bus-gmbh\/"},{"@type":"ListItem","position":2,"name":"K-BUS pone en marcha la primera l\u00ednea de autobuses totalmente el\u00e9ctricos en Innsbruck"}]},{"@type":"WebSite","@id":"https:\/\/k-bus.at\/es\/#website","url":"https:\/\/k-bus.at\/es\/","name":"K-Bus","description":"Smart Mobility","potentialAction":[{"@type":"SearchAction","target":{"@type":"EntryPoint","urlTemplate":"https:\/\/k-bus.at\/es\/?s={search_term_string}"},"query-input":{"@type":"PropertyValueSpecification","valueRequired":true,"valueName":"search_term_string"}}],"inLanguage":"es"},{"@type":"Person","@id":"https:\/\/k-bus.at\/es\/#\/schema\/person\/b79a4f67da3db34c482fb3becd6e4245","name":"Andrea Pirecki","image":{"@type":"ImageObject","inLanguage":"es","@id":"https:\/\/secure.gravatar.com\/avatar\/5e7490fdafa64acbdd60eca8c45c7de318b19f18b275b5c3183eff64bd4dd9e8?s=96&d=mm&r=g","url":"https:\/\/secure.gravatar.com\/avatar\/5e7490fdafa64acbdd60eca8c45c7de318b19f18b275b5c3183eff64bd4dd9e8?s=96&d=mm&r=g","contentUrl":"https:\/\/secure.gravatar.com\/avatar\/5e7490fdafa64acbdd60eca8c45c7de318b19f18b275b5c3183eff64bd4dd9e8?s=96&d=mm&r=g","caption":"Andrea Pirecki"}}]}},"_links":{"self":[{"href":"https:\/\/k-bus.at\/es\/wp-json\/wp\/v2\/posts\/16554","targetHints":{"allow":["GET"]}}],"collection":[{"href":"https:\/\/k-bus.at\/es\/wp-json\/wp\/v2\/posts"}],"about":[{"href":"https:\/\/k-bus.at\/es\/wp-json\/wp\/v2\/types\/post"}],"author":[{"embeddable":true,"href":"https:\/\/k-bus.at\/es\/wp-json\/wp\/v2\/users\/3"}],"replies":[{"embeddable":true,"href":"https:\/\/k-bus.at\/es\/wp-json\/wp\/v2\/comments?post=16554"}],"version-history":[{"count":0,"href":"https:\/\/k-bus.at\/es\/wp-json\/wp\/v2\/posts\/16554\/revisions"}],"wp:featuredmedia":[{"embeddable":true,"href":"https:\/\/k-bus.at\/es\/wp-json\/wp\/v2\/media\/2375"}],"wp:attachment":[{"href":"https:\/\/k-bus.at\/es\/wp-json\/wp\/v2\/media?parent=16554"}],"wp:term":[{"taxonomy":"category","embeddable":true,"href":"https:\/\/k-bus.at\/es\/wp-json\/wp\/v2\/categories?post=16554"},{"taxonomy":"post_tag","embeddable":true,"href":"https:\/\/k-bus.at\/es\/wp-json\/wp\/v2\/tags?post=16554"}],"curies":[{"name":"wp","href":"https:\/\/api.w.org\/{rel}","templated":true}]}}