{"id":16374,"date":"2026-07-02T09:38:24","date_gmt":"2026-07-02T07:38:24","guid":{"rendered":"https:\/\/adiznctb3b.wpdns.site\/k-bus-avab-innsbruckis-esimese-taeielikult-elektrilise-bussiliini\/"},"modified":"2026-07-02T09:38:24","modified_gmt":"2026-07-02T07:38:24","slug":"k-bus-avab-innsbruckis-esimese-taeielikult-elektrilise-bussiliini","status":"publish","type":"post","link":"https:\/\/k-bus.at\/et\/k-bus-avab-innsbruckis-esimese-taeielikult-elektrilise-bussiliini\/","title":{"rendered":"K-BUS avab Innsbruckis esimese t\u00e4ielikult elektrilise bussiliini"},"content":{"rendered":"<p data-start=\"167\" data-end=\"549\">Innsbruckis esimese t\u00e4ielikult elektrilise bussiliini kasutuselev\u00f5tuga j\u00e4tkub j\u00e4rjekindlalt j\u00e4tkusuutliku liikuvuse arendamine. Uuel liinil D kasutatakse K-Busi kaasaegseid elektrilisi minibusse, mis on spetsiaalselt kavandatud kasutamiseks kitsastel linnat\u00e4navatel ja mille s\u00f5iduulatus on umbes 150 kilomeetrit. <\/p>\n<p data-start=\"551\" data-end=\"776\">Uus liin parandab eelk\u00f5ige Arzli ja M\u00fchlau linnaosade \u00fchendust ning on samal ajal oluline samm heitgaasivaba \u00fchistranspordi suunas.<\/p>\n<p data-start=\"778\" data-end=\"992\">Projektist kirjutab ka piirkondlik ajaleht <span class=\"hover:entity-accent entity-underline inline cursor-pointer align-baseline\"><span class=\"whitespace-normal\">MeinBezirk<\/span><\/span> artiklis <strong data-start=\"879\" data-end=\"937\">\u201eInnsbrucki esimene t\u00e4ielikult elektriline bussiliin\u201c<\/strong>, mille autor on <span class=\"hover:entity-accent entity-underline inline cursor-pointer align-baseline\"><span class=\"whitespace-normal\">Pascal Pali<\/span><\/span>.<\/p>\n<p data-start=\"994\" data-end=\"1153\">Artikli t\u00e4isteksti leiate siit:<br data-start=\"1039\" data-end=\"1042\"\/><a class=\"decorated-link\" href=\"https:\/\/www.meinbezirk.at\/innsbruck\/c-lokales\/erste-vollstaendig-elektrische-buslinie-fuer-innsbruck_a7871915\" target=\"_new\" rel=\"noopener\" data-start=\"1042\" data-end=\"1151\">https:\/\/www.meinbezirk.at\/innsbruck\/c-lokales\/erste-vollstaendig-elektrische-buslinie-fuer-innsbruck_a7871915<\/a><\/p>\n","protected":false},"excerpt":{"rendered":"<p>Innsbruckis esimese t\u00e4ielikult elektrilise bussiliini kasutuselev\u00f5tuga j\u00e4tkub j\u00e4rjekindlalt j\u00e4tkusuutliku liikuvuse arendamine. Uuel liinil D kasutatakse K-Busi kaasaegseid elektrilisi minibusse, mis<\/p>\n","protected":false},"author":3,"featured_media":2355,"comment_status":"closed","ping_status":"closed","sticky":false,"template":"","format":"standard","meta":{"_acf_changed":false,"footnotes":""},"categories":[246],"tags":[],"class_list":["post-16374","post","type-post","status-publish","format-standard","has-post-thumbnail","hentry","category-kategooriata"],"acf":[],"yoast_head":"<!-- This site is optimized with the Yoast SEO plugin v28.0 - https:\/\/yoast.com\/product\/yoast-seo-wordpress\/ -->\n<title>K-BUS avab Innsbruckis esimese t\u00e4ielikult elektrilise bussiliini - K-Bus<\/title>\n<meta name=\"robots\" content=\"index, follow, max-snippet:-1, max-image-preview:large, max-video-preview:-1\" \/>\n<link rel=\"canonical\" href=\"https:\/\/k-bus.at\/et\/k-bus-avab-innsbruckis-esimese-taeielikult-elektrilise-bussiliini\/\" \/>\n<meta property=\"og:locale\" content=\"et_EE\" \/>\n<meta property=\"og:type\" content=\"article\" \/>\n<meta property=\"og:title\" content=\"K-BUS avab Innsbruckis esimese t\u00e4ielikult elektrilise bussiliini - K-Bus\" \/>\n<meta property=\"og:description\" content=\"Innsbruckis esimese t\u00e4ielikult elektrilise bussiliini kasutuselev\u00f5tuga j\u00e4tkub j\u00e4rjekindlalt j\u00e4tkusuutliku liikuvuse arendamine. Uuel liinil D kasutatakse K-Busi kaasaegseid elektrilisi minibusse, mis\" \/>\n<meta property=\"og:url\" content=\"https:\/\/k-bus.at\/et\/k-bus-avab-innsbruckis-esimese-taeielikult-elektrilise-bussiliini\/\" \/>\n<meta property=\"og:site_name\" content=\"K-Bus\" \/>\n<meta property=\"article:published_time\" content=\"2026-07-02T07:38:24+00:00\" \/>\n<meta property=\"og:image\" content=\"https:\/\/k-bus.at\/wp-content\/uploads\/2026\/04\/20251112_071301.jpg\" \/>\n\t<meta property=\"og:image:width\" content=\"1280\" \/>\n\t<meta property=\"og:image:height\" content=\"960\" \/>\n\t<meta property=\"og:image:type\" content=\"image\/jpeg\" \/>\n<meta name=\"author\" content=\"Andrea Pirecki\" \/>\n<meta name=\"twitter:card\" content=\"summary_large_image\" \/>\n<meta name=\"twitter:label1\" content=\"Kirjutanud\" \/>\n\t<meta name=\"twitter:data1\" content=\"Andrea Pirecki\" \/>\n<script type=\"application\/ld+json\" class=\"yoast-schema-graph\">{\"@context\":\"https:\\\/\\\/schema.org\",\"@graph\":[{\"@type\":\"Article\",\"@id\":\"https:\\\/\\\/k-bus.at\\\/et\\\/k-bus-avab-innsbruckis-esimese-taeielikult-elektrilise-bussiliini\\\/#article\",\"isPartOf\":{\"@id\":\"https:\\\/\\\/k-bus.at\\\/et\\\/k-bus-avab-innsbruckis-esimese-taeielikult-elektrilise-bussiliini\\\/\"},\"author\":{\"name\":\"Andrea Pirecki\",\"@id\":\"https:\\\/\\\/k-bus.at\\\/et\\\/#\\\/schema\\\/person\\\/b79a4f67da3db34c482fb3becd6e4245\"},\"headline\":\"K-BUS avab Innsbruckis esimese t\u00e4ielikult elektrilise bussiliini\",\"datePublished\":\"2026-07-02T07:38:24+00:00\",\"mainEntityOfPage\":{\"@id\":\"https:\\\/\\\/k-bus.at\\\/et\\\/k-bus-avab-innsbruckis-esimese-taeielikult-elektrilise-bussiliini\\\/\"},\"wordCount\":98,\"image\":{\"@id\":\"https:\\\/\\\/k-bus.at\\\/et\\\/k-bus-avab-innsbruckis-esimese-taeielikult-elektrilise-bussiliini\\\/#primaryimage\"},\"thumbnailUrl\":\"https:\\\/\\\/k-bus.at\\\/wp-content\\\/uploads\\\/2026\\\/04\\\/20251112_071301.jpg\",\"articleSection\":[\"Kategooriata\"],\"inLanguage\":\"et\"},{\"@type\":\"WebPage\",\"@id\":\"https:\\\/\\\/k-bus.at\\\/et\\\/k-bus-avab-innsbruckis-esimese-taeielikult-elektrilise-bussiliini\\\/\",\"url\":\"https:\\\/\\\/k-bus.at\\\/et\\\/k-bus-avab-innsbruckis-esimese-taeielikult-elektrilise-bussiliini\\\/\",\"name\":\"K-BUS avab Innsbruckis esimese t\u00e4ielikult elektrilise bussiliini - K-Bus\",\"isPartOf\":{\"@id\":\"https:\\\/\\\/k-bus.at\\\/et\\\/#website\"},\"primaryImageOfPage\":{\"@id\":\"https:\\\/\\\/k-bus.at\\\/et\\\/k-bus-avab-innsbruckis-esimese-taeielikult-elektrilise-bussiliini\\\/#primaryimage\"},\"image\":{\"@id\":\"https:\\\/\\\/k-bus.at\\\/et\\\/k-bus-avab-innsbruckis-esimese-taeielikult-elektrilise-bussiliini\\\/#primaryimage\"},\"thumbnailUrl\":\"https:\\\/\\\/k-bus.at\\\/wp-content\\\/uploads\\\/2026\\\/04\\\/20251112_071301.jpg\",\"datePublished\":\"2026-07-02T07:38:24+00:00\",\"author\":{\"@id\":\"https:\\\/\\\/k-bus.at\\\/et\\\/#\\\/schema\\\/person\\\/b79a4f67da3db34c482fb3becd6e4245\"},\"breadcrumb\":{\"@id\":\"https:\\\/\\\/k-bus.at\\\/et\\\/k-bus-avab-innsbruckis-esimese-taeielikult-elektrilise-bussiliini\\\/#breadcrumb\"},\"inLanguage\":\"et\",\"potentialAction\":[{\"@type\":\"ReadAction\",\"target\":[\"https:\\\/\\\/k-bus.at\\\/et\\\/k-bus-avab-innsbruckis-esimese-taeielikult-elektrilise-bussiliini\\\/\"]}]},{\"@type\":\"ImageObject\",\"inLanguage\":\"et\",\"@id\":\"https:\\\/\\\/k-bus.at\\\/et\\\/k-bus-avab-innsbruckis-esimese-taeielikult-elektrilise-bussiliini\\\/#primaryimage\",\"url\":\"https:\\\/\\\/k-bus.at\\\/wp-content\\\/uploads\\\/2026\\\/04\\\/20251112_071301.jpg\",\"contentUrl\":\"https:\\\/\\\/k-bus.at\\\/wp-content\\\/uploads\\\/2026\\\/04\\\/20251112_071301.jpg\",\"width\":1280,\"height\":960,\"caption\":\"KBus-Kutsenits\"},{\"@type\":\"BreadcrumbList\",\"@id\":\"https:\\\/\\\/k-bus.at\\\/et\\\/k-bus-avab-innsbruckis-esimese-taeielikult-elektrilise-bussiliini\\\/#breadcrumb\",\"itemListElement\":[{\"@type\":\"ListItem\",\"position\":1,\"name\":\"Startseite\",\"item\":\"https:\\\/\\\/k-bus.at\\\/et\\\/k-bus-gmbh\\\/\"},{\"@type\":\"ListItem\",\"position\":2,\"name\":\"K-BUS avab Innsbruckis esimese t\u00e4ielikult elektrilise bussiliini\"}]},{\"@type\":\"WebSite\",\"@id\":\"https:\\\/\\\/k-bus.at\\\/et\\\/#website\",\"url\":\"https:\\\/\\\/k-bus.at\\\/et\\\/\",\"name\":\"K-Bus\",\"description\":\"Smart Mobility\",\"potentialAction\":[{\"@type\":\"SearchAction\",\"target\":{\"@type\":\"EntryPoint\",\"urlTemplate\":\"https:\\\/\\\/k-bus.at\\\/et\\\/?s={search_term_string}\"},\"query-input\":{\"@type\":\"PropertyValueSpecification\",\"valueRequired\":true,\"valueName\":\"search_term_string\"}}],\"inLanguage\":\"et\"},{\"@type\":\"Person\",\"@id\":\"https:\\\/\\\/k-bus.at\\\/et\\\/#\\\/schema\\\/person\\\/b79a4f67da3db34c482fb3becd6e4245\",\"name\":\"Andrea Pirecki\",\"image\":{\"@type\":\"ImageObject\",\"inLanguage\":\"et\",\"@id\":\"https:\\\/\\\/secure.gravatar.com\\\/avatar\\\/5e7490fdafa64acbdd60eca8c45c7de318b19f18b275b5c3183eff64bd4dd9e8?s=96&d=mm&r=g\",\"url\":\"https:\\\/\\\/secure.gravatar.com\\\/avatar\\\/5e7490fdafa64acbdd60eca8c45c7de318b19f18b275b5c3183eff64bd4dd9e8?s=96&d=mm&r=g\",\"contentUrl\":\"https:\\\/\\\/secure.gravatar.com\\\/avatar\\\/5e7490fdafa64acbdd60eca8c45c7de318b19f18b275b5c3183eff64bd4dd9e8?s=96&d=mm&r=g\",\"caption\":\"Andrea Pirecki\"}}]}<\/script>\n<!-- \/ Yoast SEO plugin. -->","yoast_head_json":{"title":"K-BUS avab Innsbruckis esimese t\u00e4ielikult elektrilise bussiliini - K-Bus","robots":{"index":"index","follow":"follow","max-snippet":"max-snippet:-1","max-image-preview":"max-image-preview:large","max-video-preview":"max-video-preview:-1"},"canonical":"https:\/\/k-bus.at\/et\/k-bus-avab-innsbruckis-esimese-taeielikult-elektrilise-bussiliini\/","og_locale":"et_EE","og_type":"article","og_title":"K-BUS avab Innsbruckis esimese t\u00e4ielikult elektrilise bussiliini - K-Bus","og_description":"Innsbruckis esimese t\u00e4ielikult elektrilise bussiliini kasutuselev\u00f5tuga j\u00e4tkub j\u00e4rjekindlalt j\u00e4tkusuutliku liikuvuse arendamine. Uuel liinil D kasutatakse K-Busi kaasaegseid elektrilisi minibusse, mis","og_url":"https:\/\/k-bus.at\/et\/k-bus-avab-innsbruckis-esimese-taeielikult-elektrilise-bussiliini\/","og_site_name":"K-Bus","article_published_time":"2026-07-02T07:38:24+00:00","og_image":[{"width":1280,"height":960,"url":"https:\/\/k-bus.at\/wp-content\/uploads\/2026\/04\/20251112_071301.jpg","type":"image\/jpeg"}],"author":"Andrea Pirecki","twitter_card":"summary_large_image","twitter_misc":{"Kirjutanud":"Andrea Pirecki"},"schema":{"@context":"https:\/\/schema.org","@graph":[{"@type":"Article","@id":"https:\/\/k-bus.at\/et\/k-bus-avab-innsbruckis-esimese-taeielikult-elektrilise-bussiliini\/#article","isPartOf":{"@id":"https:\/\/k-bus.at\/et\/k-bus-avab-innsbruckis-esimese-taeielikult-elektrilise-bussiliini\/"},"author":{"name":"Andrea Pirecki","@id":"https:\/\/k-bus.at\/et\/#\/schema\/person\/b79a4f67da3db34c482fb3becd6e4245"},"headline":"K-BUS avab Innsbruckis esimese t\u00e4ielikult elektrilise bussiliini","datePublished":"2026-07-02T07:38:24+00:00","mainEntityOfPage":{"@id":"https:\/\/k-bus.at\/et\/k-bus-avab-innsbruckis-esimese-taeielikult-elektrilise-bussiliini\/"},"wordCount":98,"image":{"@id":"https:\/\/k-bus.at\/et\/k-bus-avab-innsbruckis-esimese-taeielikult-elektrilise-bussiliini\/#primaryimage"},"thumbnailUrl":"https:\/\/k-bus.at\/wp-content\/uploads\/2026\/04\/20251112_071301.jpg","articleSection":["Kategooriata"],"inLanguage":"et"},{"@type":"WebPage","@id":"https:\/\/k-bus.at\/et\/k-bus-avab-innsbruckis-esimese-taeielikult-elektrilise-bussiliini\/","url":"https:\/\/k-bus.at\/et\/k-bus-avab-innsbruckis-esimese-taeielikult-elektrilise-bussiliini\/","name":"K-BUS avab Innsbruckis esimese t\u00e4ielikult elektrilise bussiliini - K-Bus","isPartOf":{"@id":"https:\/\/k-bus.at\/et\/#website"},"primaryImageOfPage":{"@id":"https:\/\/k-bus.at\/et\/k-bus-avab-innsbruckis-esimese-taeielikult-elektrilise-bussiliini\/#primaryimage"},"image":{"@id":"https:\/\/k-bus.at\/et\/k-bus-avab-innsbruckis-esimese-taeielikult-elektrilise-bussiliini\/#primaryimage"},"thumbnailUrl":"https:\/\/k-bus.at\/wp-content\/uploads\/2026\/04\/20251112_071301.jpg","datePublished":"2026-07-02T07:38:24+00:00","author":{"@id":"https:\/\/k-bus.at\/et\/#\/schema\/person\/b79a4f67da3db34c482fb3becd6e4245"},"breadcrumb":{"@id":"https:\/\/k-bus.at\/et\/k-bus-avab-innsbruckis-esimese-taeielikult-elektrilise-bussiliini\/#breadcrumb"},"inLanguage":"et","potentialAction":[{"@type":"ReadAction","target":["https:\/\/k-bus.at\/et\/k-bus-avab-innsbruckis-esimese-taeielikult-elektrilise-bussiliini\/"]}]},{"@type":"ImageObject","inLanguage":"et","@id":"https:\/\/k-bus.at\/et\/k-bus-avab-innsbruckis-esimese-taeielikult-elektrilise-bussiliini\/#primaryimage","url":"https:\/\/k-bus.at\/wp-content\/uploads\/2026\/04\/20251112_071301.jpg","contentUrl":"https:\/\/k-bus.at\/wp-content\/uploads\/2026\/04\/20251112_071301.jpg","width":1280,"height":960,"caption":"KBus-Kutsenits"},{"@type":"BreadcrumbList","@id":"https:\/\/k-bus.at\/et\/k-bus-avab-innsbruckis-esimese-taeielikult-elektrilise-bussiliini\/#breadcrumb","itemListElement":[{"@type":"ListItem","position":1,"name":"Startseite","item":"https:\/\/k-bus.at\/et\/k-bus-gmbh\/"},{"@type":"ListItem","position":2,"name":"K-BUS avab Innsbruckis esimese t\u00e4ielikult elektrilise bussiliini"}]},{"@type":"WebSite","@id":"https:\/\/k-bus.at\/et\/#website","url":"https:\/\/k-bus.at\/et\/","name":"K-Bus","description":"Smart Mobility","potentialAction":[{"@type":"SearchAction","target":{"@type":"EntryPoint","urlTemplate":"https:\/\/k-bus.at\/et\/?s={search_term_string}"},"query-input":{"@type":"PropertyValueSpecification","valueRequired":true,"valueName":"search_term_string"}}],"inLanguage":"et"},{"@type":"Person","@id":"https:\/\/k-bus.at\/et\/#\/schema\/person\/b79a4f67da3db34c482fb3becd6e4245","name":"Andrea Pirecki","image":{"@type":"ImageObject","inLanguage":"et","@id":"https:\/\/secure.gravatar.com\/avatar\/5e7490fdafa64acbdd60eca8c45c7de318b19f18b275b5c3183eff64bd4dd9e8?s=96&d=mm&r=g","url":"https:\/\/secure.gravatar.com\/avatar\/5e7490fdafa64acbdd60eca8c45c7de318b19f18b275b5c3183eff64bd4dd9e8?s=96&d=mm&r=g","contentUrl":"https:\/\/secure.gravatar.com\/avatar\/5e7490fdafa64acbdd60eca8c45c7de318b19f18b275b5c3183eff64bd4dd9e8?s=96&d=mm&r=g","caption":"Andrea Pirecki"}}]}},"_links":{"self":[{"href":"https:\/\/k-bus.at\/et\/wp-json\/wp\/v2\/posts\/16374","targetHints":{"allow":["GET"]}}],"collection":[{"href":"https:\/\/k-bus.at\/et\/wp-json\/wp\/v2\/posts"}],"about":[{"href":"https:\/\/k-bus.at\/et\/wp-json\/wp\/v2\/types\/post"}],"author":[{"embeddable":true,"href":"https:\/\/k-bus.at\/et\/wp-json\/wp\/v2\/users\/3"}],"replies":[{"embeddable":true,"href":"https:\/\/k-bus.at\/et\/wp-json\/wp\/v2\/comments?post=16374"}],"version-history":[{"count":0,"href":"https:\/\/k-bus.at\/et\/wp-json\/wp\/v2\/posts\/16374\/revisions"}],"wp:featuredmedia":[{"embeddable":true,"href":"https:\/\/k-bus.at\/et\/wp-json\/wp\/v2\/media\/2355"}],"wp:attachment":[{"href":"https:\/\/k-bus.at\/et\/wp-json\/wp\/v2\/media?parent=16374"}],"wp:term":[{"taxonomy":"category","embeddable":true,"href":"https:\/\/k-bus.at\/et\/wp-json\/wp\/v2\/categories?post=16374"},{"taxonomy":"post_tag","embeddable":true,"href":"https:\/\/k-bus.at\/et\/wp-json\/wp\/v2\/tags?post=16374"}],"curies":[{"name":"wp","href":"https:\/\/api.w.org\/{rel}","templated":true}]}}