{"id":16384,"date":"2026-07-02T09:38:29","date_gmt":"2026-07-02T07:38:29","guid":{"rendered":"https:\/\/adiznctb3b.wpdns.site\/k-busi-uued-elektribussid-tugevdavad-leobenis-jaetkusuutlikku-liikuvust\/"},"modified":"2026-07-02T09:38:29","modified_gmt":"2026-07-02T07:38:29","slug":"k-busi-uued-elektribussid-tugevdavad-leobenis-jaetkusuutlikku-liikuvust","status":"publish","type":"post","link":"https:\/\/k-bus.at\/et\/k-busi-uued-elektribussid-tugevdavad-leobenis-jaetkusuutlikku-liikuvust\/","title":{"rendered":"K-BUSi uued elektribussid tugevdavad Leobenis j\u00e4tkusuutlikku liikuvust"},"content":{"rendered":"<p data-start=\"200\" data-end=\"584\">Leobeni \u00fchistranspordi elektrifitseerimine j\u00e4tkub. Uute elektribusside \u00fcleandmisega Leobenis laiendatakse sihip\u00e4raselt Stadtwerke Leobeni s\u00f5idukiparki. Neid kaasaegseid s\u00f5idukeid kasutatakse tulevikus nii linnasisese liiniliikluses kui ka tellimusbusside s\u00fcsteemis. Seega annavad need olulise panuse piirkonna j\u00e4tkusuutlikku liikuvusse.   <\/p>\n<p data-start=\"586\" data-end=\"782\">Ka piirkondlik ajaleht \u201eMeinBezirk\u201c kirjutab sellest artiklis <strong data-start=\"488\" data-end=\"538\">\u201eLinnakommunaalettev\u00f5tte elektris\u00f5idukipargi t\u00e4iendamine\u201c.<\/strong> Artikkel n\u00e4itab, kui olulised on uued elektribussid Leobeni linnale. <\/p>\n<p data-start=\"904\" data-end=\"1051\">Artikli t\u00e4isteksti leiate siit:<br data-start=\"949\" data-end=\"952\"\/><a class=\"decorated-link\" href=\"https:\/\/www.meinbezirk.at\/leoben\/c-lokales\/verstaerkung-der-e-flotte-bei-den-stadtwerken_a8515549\" target=\"_new\" rel=\"noopener\" data-start=\"952\" data-end=\"1049\">https:\/\/www.meinbezirk.at\/leoben\/c-lokales\/verstaerkung-der-e-flotte-bei-den-stadtwerken_a8515549<\/a><\/p>\n","protected":false},"excerpt":{"rendered":"<p>Leobeni \u00fchistranspordi elektrifitseerimine j\u00e4tkub. Uute elektribusside \u00fcleandmisega Leobenis laiendatakse sihip\u00e4raselt Stadtwerke Leobeni s\u00f5idukiparki. Neid kaasaegseid s\u00f5idukeid kasutatakse tulevikus nii linnasisese<\/p>\n","protected":false},"author":3,"featured_media":2322,"comment_status":"closed","ping_status":"closed","sticky":false,"template":"","format":"standard","meta":{"_acf_changed":false,"footnotes":""},"categories":[246],"tags":[],"class_list":["post-16384","post","type-post","status-publish","format-standard","has-post-thumbnail","hentry","category-kategooriata"],"acf":[],"yoast_head":"<!-- This site is optimized with the Yoast SEO plugin v28.0 - https:\/\/yoast.com\/product\/yoast-seo-wordpress\/ -->\n<title>K-BUSi uued elektribussid tugevdavad Leobenis j\u00e4tkusuutlikku liikuvust - K-Bus<\/title>\n<meta name=\"robots\" content=\"index, follow, max-snippet:-1, max-image-preview:large, max-video-preview:-1\" \/>\n<link rel=\"canonical\" href=\"https:\/\/k-bus.at\/et\/k-busi-uued-elektribussid-tugevdavad-leobenis-jaetkusuutlikku-liikuvust\/\" \/>\n<meta property=\"og:locale\" content=\"et_EE\" \/>\n<meta property=\"og:type\" content=\"article\" \/>\n<meta property=\"og:title\" content=\"K-BUSi uued elektribussid tugevdavad Leobenis j\u00e4tkusuutlikku liikuvust - K-Bus\" \/>\n<meta property=\"og:description\" content=\"Leobeni \u00fchistranspordi elektrifitseerimine j\u00e4tkub. Uute elektribusside \u00fcleandmisega Leobenis laiendatakse sihip\u00e4raselt Stadtwerke Leobeni s\u00f5idukiparki. Neid kaasaegseid s\u00f5idukeid kasutatakse tulevikus nii linnasisese\" \/>\n<meta property=\"og:url\" content=\"https:\/\/k-bus.at\/et\/k-busi-uued-elektribussid-tugevdavad-leobenis-jaetkusuutlikku-liikuvust\/\" \/>\n<meta property=\"og:site_name\" content=\"K-Bus\" \/>\n<meta property=\"article:published_time\" content=\"2026-07-02T07:38:29+00:00\" \/>\n<meta property=\"og:image\" content=\"https:\/\/k-bus.at\/wp-content\/uploads\/2026\/04\/20260310_1016140-scaled-e1775804841780.jpg\" \/>\n\t<meta property=\"og:image:width\" content=\"2560\" \/>\n\t<meta property=\"og:image:height\" content=\"1920\" \/>\n\t<meta property=\"og:image:type\" content=\"image\/jpeg\" \/>\n<meta name=\"author\" content=\"Andrea Pirecki\" \/>\n<meta name=\"twitter:card\" content=\"summary_large_image\" \/>\n<meta name=\"twitter:label1\" content=\"Kirjutanud\" \/>\n\t<meta name=\"twitter:data1\" content=\"Andrea Pirecki\" \/>\n<script type=\"application\/ld+json\" class=\"yoast-schema-graph\">{\"@context\":\"https:\\\/\\\/schema.org\",\"@graph\":[{\"@type\":\"Article\",\"@id\":\"https:\\\/\\\/k-bus.at\\\/et\\\/k-busi-uued-elektribussid-tugevdavad-leobenis-jaetkusuutlikku-liikuvust\\\/#article\",\"isPartOf\":{\"@id\":\"https:\\\/\\\/k-bus.at\\\/et\\\/k-busi-uued-elektribussid-tugevdavad-leobenis-jaetkusuutlikku-liikuvust\\\/\"},\"author\":{\"name\":\"Andrea Pirecki\",\"@id\":\"https:\\\/\\\/k-bus.at\\\/et\\\/#\\\/schema\\\/person\\\/b79a4f67da3db34c482fb3becd6e4245\"},\"headline\":\"K-BUSi uued elektribussid tugevdavad Leobenis j\u00e4tkusuutlikku liikuvust\",\"datePublished\":\"2026-07-02T07:38:29+00:00\",\"mainEntityOfPage\":{\"@id\":\"https:\\\/\\\/k-bus.at\\\/et\\\/k-busi-uued-elektribussid-tugevdavad-leobenis-jaetkusuutlikku-liikuvust\\\/\"},\"wordCount\":83,\"image\":{\"@id\":\"https:\\\/\\\/k-bus.at\\\/et\\\/k-busi-uued-elektribussid-tugevdavad-leobenis-jaetkusuutlikku-liikuvust\\\/#primaryimage\"},\"thumbnailUrl\":\"https:\\\/\\\/k-bus.at\\\/wp-content\\\/uploads\\\/2026\\\/04\\\/20260310_1016140-scaled.jpg\",\"articleSection\":[\"Kategooriata\"],\"inLanguage\":\"et\"},{\"@type\":\"WebPage\",\"@id\":\"https:\\\/\\\/k-bus.at\\\/et\\\/k-busi-uued-elektribussid-tugevdavad-leobenis-jaetkusuutlikku-liikuvust\\\/\",\"url\":\"https:\\\/\\\/k-bus.at\\\/et\\\/k-busi-uued-elektribussid-tugevdavad-leobenis-jaetkusuutlikku-liikuvust\\\/\",\"name\":\"K-BUSi uued elektribussid tugevdavad Leobenis j\u00e4tkusuutlikku liikuvust - K-Bus\",\"isPartOf\":{\"@id\":\"https:\\\/\\\/k-bus.at\\\/et\\\/#website\"},\"primaryImageOfPage\":{\"@id\":\"https:\\\/\\\/k-bus.at\\\/et\\\/k-busi-uued-elektribussid-tugevdavad-leobenis-jaetkusuutlikku-liikuvust\\\/#primaryimage\"},\"image\":{\"@id\":\"https:\\\/\\\/k-bus.at\\\/et\\\/k-busi-uued-elektribussid-tugevdavad-leobenis-jaetkusuutlikku-liikuvust\\\/#primaryimage\"},\"thumbnailUrl\":\"https:\\\/\\\/k-bus.at\\\/wp-content\\\/uploads\\\/2026\\\/04\\\/20260310_1016140-scaled.jpg\",\"datePublished\":\"2026-07-02T07:38:29+00:00\",\"author\":{\"@id\":\"https:\\\/\\\/k-bus.at\\\/et\\\/#\\\/schema\\\/person\\\/b79a4f67da3db34c482fb3becd6e4245\"},\"breadcrumb\":{\"@id\":\"https:\\\/\\\/k-bus.at\\\/et\\\/k-busi-uued-elektribussid-tugevdavad-leobenis-jaetkusuutlikku-liikuvust\\\/#breadcrumb\"},\"inLanguage\":\"et\",\"potentialAction\":[{\"@type\":\"ReadAction\",\"target\":[\"https:\\\/\\\/k-bus.at\\\/et\\\/k-busi-uued-elektribussid-tugevdavad-leobenis-jaetkusuutlikku-liikuvust\\\/\"]}]},{\"@type\":\"ImageObject\",\"inLanguage\":\"et\",\"@id\":\"https:\\\/\\\/k-bus.at\\\/et\\\/k-busi-uued-elektribussid-tugevdavad-leobenis-jaetkusuutlikku-liikuvust\\\/#primaryimage\",\"url\":\"https:\\\/\\\/k-bus.at\\\/wp-content\\\/uploads\\\/2026\\\/04\\\/20260310_1016140-scaled.jpg\",\"contentUrl\":\"https:\\\/\\\/k-bus.at\\\/wp-content\\\/uploads\\\/2026\\\/04\\\/20260310_1016140-scaled.jpg\",\"width\":2560,\"height\":1920,\"caption\":\"KBus-Kutsenits\"},{\"@type\":\"BreadcrumbList\",\"@id\":\"https:\\\/\\\/k-bus.at\\\/et\\\/k-busi-uued-elektribussid-tugevdavad-leobenis-jaetkusuutlikku-liikuvust\\\/#breadcrumb\",\"itemListElement\":[{\"@type\":\"ListItem\",\"position\":1,\"name\":\"Startseite\",\"item\":\"https:\\\/\\\/k-bus.at\\\/et\\\/k-bus-gmbh\\\/\"},{\"@type\":\"ListItem\",\"position\":2,\"name\":\"K-BUSi uued elektribussid tugevdavad Leobenis j\u00e4tkusuutlikku liikuvust\"}]},{\"@type\":\"WebSite\",\"@id\":\"https:\\\/\\\/k-bus.at\\\/et\\\/#website\",\"url\":\"https:\\\/\\\/k-bus.at\\\/et\\\/\",\"name\":\"K-Bus\",\"description\":\"Smart Mobility\",\"potentialAction\":[{\"@type\":\"SearchAction\",\"target\":{\"@type\":\"EntryPoint\",\"urlTemplate\":\"https:\\\/\\\/k-bus.at\\\/et\\\/?s={search_term_string}\"},\"query-input\":{\"@type\":\"PropertyValueSpecification\",\"valueRequired\":true,\"valueName\":\"search_term_string\"}}],\"inLanguage\":\"et\"},{\"@type\":\"Person\",\"@id\":\"https:\\\/\\\/k-bus.at\\\/et\\\/#\\\/schema\\\/person\\\/b79a4f67da3db34c482fb3becd6e4245\",\"name\":\"Andrea Pirecki\",\"image\":{\"@type\":\"ImageObject\",\"inLanguage\":\"et\",\"@id\":\"https:\\\/\\\/secure.gravatar.com\\\/avatar\\\/5e7490fdafa64acbdd60eca8c45c7de318b19f18b275b5c3183eff64bd4dd9e8?s=96&d=mm&r=g\",\"url\":\"https:\\\/\\\/secure.gravatar.com\\\/avatar\\\/5e7490fdafa64acbdd60eca8c45c7de318b19f18b275b5c3183eff64bd4dd9e8?s=96&d=mm&r=g\",\"contentUrl\":\"https:\\\/\\\/secure.gravatar.com\\\/avatar\\\/5e7490fdafa64acbdd60eca8c45c7de318b19f18b275b5c3183eff64bd4dd9e8?s=96&d=mm&r=g\",\"caption\":\"Andrea Pirecki\"}}]}<\/script>\n<!-- \/ Yoast SEO plugin. -->","yoast_head_json":{"title":"K-BUSi uued elektribussid tugevdavad Leobenis j\u00e4tkusuutlikku liikuvust - K-Bus","robots":{"index":"index","follow":"follow","max-snippet":"max-snippet:-1","max-image-preview":"max-image-preview:large","max-video-preview":"max-video-preview:-1"},"canonical":"https:\/\/k-bus.at\/et\/k-busi-uued-elektribussid-tugevdavad-leobenis-jaetkusuutlikku-liikuvust\/","og_locale":"et_EE","og_type":"article","og_title":"K-BUSi uued elektribussid tugevdavad Leobenis j\u00e4tkusuutlikku liikuvust - K-Bus","og_description":"Leobeni \u00fchistranspordi elektrifitseerimine j\u00e4tkub. Uute elektribusside \u00fcleandmisega Leobenis laiendatakse sihip\u00e4raselt Stadtwerke Leobeni s\u00f5idukiparki. Neid kaasaegseid s\u00f5idukeid kasutatakse tulevikus nii linnasisese","og_url":"https:\/\/k-bus.at\/et\/k-busi-uued-elektribussid-tugevdavad-leobenis-jaetkusuutlikku-liikuvust\/","og_site_name":"K-Bus","article_published_time":"2026-07-02T07:38:29+00:00","og_image":[{"width":2560,"height":1920,"url":"https:\/\/k-bus.at\/wp-content\/uploads\/2026\/04\/20260310_1016140-scaled-e1775804841780.jpg","type":"image\/jpeg"}],"author":"Andrea Pirecki","twitter_card":"summary_large_image","twitter_misc":{"Kirjutanud":"Andrea Pirecki"},"schema":{"@context":"https:\/\/schema.org","@graph":[{"@type":"Article","@id":"https:\/\/k-bus.at\/et\/k-busi-uued-elektribussid-tugevdavad-leobenis-jaetkusuutlikku-liikuvust\/#article","isPartOf":{"@id":"https:\/\/k-bus.at\/et\/k-busi-uued-elektribussid-tugevdavad-leobenis-jaetkusuutlikku-liikuvust\/"},"author":{"name":"Andrea Pirecki","@id":"https:\/\/k-bus.at\/et\/#\/schema\/person\/b79a4f67da3db34c482fb3becd6e4245"},"headline":"K-BUSi uued elektribussid tugevdavad Leobenis j\u00e4tkusuutlikku liikuvust","datePublished":"2026-07-02T07:38:29+00:00","mainEntityOfPage":{"@id":"https:\/\/k-bus.at\/et\/k-busi-uued-elektribussid-tugevdavad-leobenis-jaetkusuutlikku-liikuvust\/"},"wordCount":83,"image":{"@id":"https:\/\/k-bus.at\/et\/k-busi-uued-elektribussid-tugevdavad-leobenis-jaetkusuutlikku-liikuvust\/#primaryimage"},"thumbnailUrl":"https:\/\/k-bus.at\/wp-content\/uploads\/2026\/04\/20260310_1016140-scaled.jpg","articleSection":["Kategooriata"],"inLanguage":"et"},{"@type":"WebPage","@id":"https:\/\/k-bus.at\/et\/k-busi-uued-elektribussid-tugevdavad-leobenis-jaetkusuutlikku-liikuvust\/","url":"https:\/\/k-bus.at\/et\/k-busi-uued-elektribussid-tugevdavad-leobenis-jaetkusuutlikku-liikuvust\/","name":"K-BUSi uued elektribussid tugevdavad Leobenis j\u00e4tkusuutlikku liikuvust - K-Bus","isPartOf":{"@id":"https:\/\/k-bus.at\/et\/#website"},"primaryImageOfPage":{"@id":"https:\/\/k-bus.at\/et\/k-busi-uued-elektribussid-tugevdavad-leobenis-jaetkusuutlikku-liikuvust\/#primaryimage"},"image":{"@id":"https:\/\/k-bus.at\/et\/k-busi-uued-elektribussid-tugevdavad-leobenis-jaetkusuutlikku-liikuvust\/#primaryimage"},"thumbnailUrl":"https:\/\/k-bus.at\/wp-content\/uploads\/2026\/04\/20260310_1016140-scaled.jpg","datePublished":"2026-07-02T07:38:29+00:00","author":{"@id":"https:\/\/k-bus.at\/et\/#\/schema\/person\/b79a4f67da3db34c482fb3becd6e4245"},"breadcrumb":{"@id":"https:\/\/k-bus.at\/et\/k-busi-uued-elektribussid-tugevdavad-leobenis-jaetkusuutlikku-liikuvust\/#breadcrumb"},"inLanguage":"et","potentialAction":[{"@type":"ReadAction","target":["https:\/\/k-bus.at\/et\/k-busi-uued-elektribussid-tugevdavad-leobenis-jaetkusuutlikku-liikuvust\/"]}]},{"@type":"ImageObject","inLanguage":"et","@id":"https:\/\/k-bus.at\/et\/k-busi-uued-elektribussid-tugevdavad-leobenis-jaetkusuutlikku-liikuvust\/#primaryimage","url":"https:\/\/k-bus.at\/wp-content\/uploads\/2026\/04\/20260310_1016140-scaled.jpg","contentUrl":"https:\/\/k-bus.at\/wp-content\/uploads\/2026\/04\/20260310_1016140-scaled.jpg","width":2560,"height":1920,"caption":"KBus-Kutsenits"},{"@type":"BreadcrumbList","@id":"https:\/\/k-bus.at\/et\/k-busi-uued-elektribussid-tugevdavad-leobenis-jaetkusuutlikku-liikuvust\/#breadcrumb","itemListElement":[{"@type":"ListItem","position":1,"name":"Startseite","item":"https:\/\/k-bus.at\/et\/k-bus-gmbh\/"},{"@type":"ListItem","position":2,"name":"K-BUSi uued elektribussid tugevdavad Leobenis j\u00e4tkusuutlikku liikuvust"}]},{"@type":"WebSite","@id":"https:\/\/k-bus.at\/et\/#website","url":"https:\/\/k-bus.at\/et\/","name":"K-Bus","description":"Smart Mobility","potentialAction":[{"@type":"SearchAction","target":{"@type":"EntryPoint","urlTemplate":"https:\/\/k-bus.at\/et\/?s={search_term_string}"},"query-input":{"@type":"PropertyValueSpecification","valueRequired":true,"valueName":"search_term_string"}}],"inLanguage":"et"},{"@type":"Person","@id":"https:\/\/k-bus.at\/et\/#\/schema\/person\/b79a4f67da3db34c482fb3becd6e4245","name":"Andrea Pirecki","image":{"@type":"ImageObject","inLanguage":"et","@id":"https:\/\/secure.gravatar.com\/avatar\/5e7490fdafa64acbdd60eca8c45c7de318b19f18b275b5c3183eff64bd4dd9e8?s=96&d=mm&r=g","url":"https:\/\/secure.gravatar.com\/avatar\/5e7490fdafa64acbdd60eca8c45c7de318b19f18b275b5c3183eff64bd4dd9e8?s=96&d=mm&r=g","contentUrl":"https:\/\/secure.gravatar.com\/avatar\/5e7490fdafa64acbdd60eca8c45c7de318b19f18b275b5c3183eff64bd4dd9e8?s=96&d=mm&r=g","caption":"Andrea Pirecki"}}]}},"_links":{"self":[{"href":"https:\/\/k-bus.at\/et\/wp-json\/wp\/v2\/posts\/16384","targetHints":{"allow":["GET"]}}],"collection":[{"href":"https:\/\/k-bus.at\/et\/wp-json\/wp\/v2\/posts"}],"about":[{"href":"https:\/\/k-bus.at\/et\/wp-json\/wp\/v2\/types\/post"}],"author":[{"embeddable":true,"href":"https:\/\/k-bus.at\/et\/wp-json\/wp\/v2\/users\/3"}],"replies":[{"embeddable":true,"href":"https:\/\/k-bus.at\/et\/wp-json\/wp\/v2\/comments?post=16384"}],"version-history":[{"count":0,"href":"https:\/\/k-bus.at\/et\/wp-json\/wp\/v2\/posts\/16384\/revisions"}],"wp:featuredmedia":[{"embeddable":true,"href":"https:\/\/k-bus.at\/et\/wp-json\/wp\/v2\/media\/2322"}],"wp:attachment":[{"href":"https:\/\/k-bus.at\/et\/wp-json\/wp\/v2\/media?parent=16384"}],"wp:term":[{"taxonomy":"category","embeddable":true,"href":"https:\/\/k-bus.at\/et\/wp-json\/wp\/v2\/categories?post=16384"},{"taxonomy":"post_tag","embeddable":true,"href":"https:\/\/k-bus.at\/et\/wp-json\/wp\/v2\/tags?post=16384"}],"curies":[{"name":"wp","href":"https:\/\/api.w.org\/{rel}","templated":true}]}}