{"id":16395,"date":"2026-07-02T09:38:34","date_gmt":"2026-07-02T07:38:34","guid":{"rendered":"https:\/\/adiznctb3b.wpdns.site\/kapfenbergin-ensimmaeinen-k-busin-uudella-muotoilulla-varustettu-saehkoebussi\/"},"modified":"2026-07-02T09:38:34","modified_gmt":"2026-07-02T07:38:34","slug":"kapfenbergin-ensimmaeinen-k-busin-uudella-muotoilulla-varustettu-saehkoebussi","status":"publish","type":"post","link":"https:\/\/k-bus.at\/fi\/kapfenbergin-ensimmaeinen-k-busin-uudella-muotoilulla-varustettu-saehkoebussi\/","title":{"rendered":"Kapfenbergin ensimm\u00e4inen K-BUSin uudella muotoilulla varustettu s\u00e4hk\u00f6bussi"},"content":{"rendered":"<p data-start=\"176\" data-end=\"399\">K-BUS-yritys on iloinen voidessaan ilmoittaa ensimm\u00e4isen uuden muotoilunsa saaneen s\u00e4hk\u00f6bussinsa menestyksekk\u00e4\u00e4st\u00e4 k\u00e4ytt\u00f6\u00f6notosta. T\u00e4m\u00e4 innovatiivinen ajoneuvo liikenn\u00f6i nyt Kapfenbergiss\u00e4 ja edustaa modernia, kest\u00e4v\u00e4\u00e4 liikkuvuutta alueella. <\/p>\n<p data-start=\"401\" data-end=\"653\">My\u00f6s alueellinen sanomalehti raportoi projektista <span class=\"hover:entity-accent entity-underline inline cursor-pointer align-baseline\"><span class=\"whitespace-normal\">MeinBezirk<\/span><\/span> kertoo hankkeesta yksityiskohtaisesti tuoreessa verkkouutisessaan. Siin\u00e4 korostetaan sek\u00e4 s\u00e4hk\u00f6bussin teknisi\u00e4 erityispiirteit\u00e4 ett\u00e4 sen merkityst\u00e4 alueelle. <\/p>\n<p data-start=\"655\" data-end=\"820\">Lue koko artikkeli t\u00e4\u00e4lt\u00e4:<br data-start=\"700\" data-end=\"703\"\/><a class=\"decorated-link\" href=\"https:\/\/www.meinbezirk.at\/bruck-an-der-mur\/c-wirtschaft\/erster-e-bus-mit-neuem-design-rollt-durch-kapfenberg_a8455460\" target=\"_new\" rel=\"noopener\" data-start=\"703\" data-end=\"820\">https:\/\/www.meinbezirk.at\/bruck-an-der-mur\/c-wirtschaft\/erster-e-bus-mit-neuem-design-rollt-durch-kapfenberg_a8455460<\/a><\/p>\n","protected":false},"excerpt":{"rendered":"<p>K-BUS-yritys on iloinen voidessaan ilmoittaa ensimm\u00e4isen uuden muotoilunsa saaneen s\u00e4hk\u00f6bussinsa menestyksekk\u00e4\u00e4st\u00e4 k\u00e4ytt\u00f6\u00f6notosta. T\u00e4m\u00e4 innovatiivinen ajoneuvo liikenn\u00f6i nyt Kapfenbergiss\u00e4 ja edustaa<\/p>\n","protected":false},"author":3,"featured_media":2388,"comment_status":"closed","ping_status":"closed","sticky":false,"template":"","format":"standard","meta":{"_acf_changed":false,"footnotes":""},"categories":[248],"tags":[],"class_list":["post-16395","post","type-post","status-publish","format-standard","has-post-thumbnail","hentry","category-luokittelematon"],"acf":[],"yoast_head":"<!-- This site is optimized with the Yoast SEO plugin v28.0 - https:\/\/yoast.com\/product\/yoast-seo-wordpress\/ -->\n<title>Kapfenbergin ensimm\u00e4inen K-BUSin uudella muotoilulla varustettu s\u00e4hk\u00f6bussi - K-Bus<\/title>\n<meta name=\"robots\" content=\"index, follow, max-snippet:-1, max-image-preview:large, max-video-preview:-1\" \/>\n<link rel=\"canonical\" href=\"https:\/\/k-bus.at\/fi\/kapfenbergin-ensimmaeinen-k-busin-uudella-muotoilulla-varustettu-saehkoebussi\/\" \/>\n<meta property=\"og:locale\" content=\"fi_FI\" \/>\n<meta property=\"og:type\" content=\"article\" \/>\n<meta property=\"og:title\" content=\"Kapfenbergin ensimm\u00e4inen K-BUSin uudella muotoilulla varustettu s\u00e4hk\u00f6bussi - K-Bus\" \/>\n<meta property=\"og:description\" content=\"K-BUS-yritys on iloinen voidessaan ilmoittaa ensimm\u00e4isen uuden muotoilunsa saaneen s\u00e4hk\u00f6bussinsa menestyksekk\u00e4\u00e4st\u00e4 k\u00e4ytt\u00f6\u00f6notosta. T\u00e4m\u00e4 innovatiivinen ajoneuvo liikenn\u00f6i nyt Kapfenbergiss\u00e4 ja edustaa\" \/>\n<meta property=\"og:url\" content=\"https:\/\/k-bus.at\/fi\/kapfenbergin-ensimmaeinen-k-busin-uudella-muotoilulla-varustettu-saehkoebussi\/\" \/>\n<meta property=\"og:site_name\" content=\"K-Bus\" \/>\n<meta property=\"article:published_time\" content=\"2026-07-02T07:38:34+00:00\" \/>\n<meta property=\"og:image\" content=\"https:\/\/k-bus.at\/wp-content\/uploads\/2026\/03\/Muerztaler-scaled-e1775812594961.jpg\" \/>\n\t<meta property=\"og:image:width\" content=\"2560\" \/>\n\t<meta property=\"og:image:height\" content=\"1920\" \/>\n\t<meta property=\"og:image:type\" content=\"image\/jpeg\" \/>\n<meta name=\"author\" content=\"Andrea Pirecki\" \/>\n<meta name=\"twitter:card\" content=\"summary_large_image\" \/>\n<meta name=\"twitter:label1\" content=\"Kirjoittanut\" \/>\n\t<meta name=\"twitter:data1\" content=\"Andrea Pirecki\" \/>\n<script type=\"application\/ld+json\" class=\"yoast-schema-graph\">{\"@context\":\"https:\\\/\\\/schema.org\",\"@graph\":[{\"@type\":\"Article\",\"@id\":\"https:\\\/\\\/k-bus.at\\\/fi\\\/kapfenbergin-ensimmaeinen-k-busin-uudella-muotoilulla-varustettu-saehkoebussi\\\/#article\",\"isPartOf\":{\"@id\":\"https:\\\/\\\/k-bus.at\\\/fi\\\/kapfenbergin-ensimmaeinen-k-busin-uudella-muotoilulla-varustettu-saehkoebussi\\\/\"},\"author\":{\"name\":\"Andrea Pirecki\",\"@id\":\"https:\\\/\\\/k-bus.at\\\/fi\\\/#\\\/schema\\\/person\\\/b79a4f67da3db34c482fb3becd6e4245\"},\"headline\":\"Kapfenbergin ensimm\u00e4inen K-BUSin uudella muotoilulla varustettu s\u00e4hk\u00f6bussi\",\"datePublished\":\"2026-07-02T07:38:34+00:00\",\"mainEntityOfPage\":{\"@id\":\"https:\\\/\\\/k-bus.at\\\/fi\\\/kapfenbergin-ensimmaeinen-k-busin-uudella-muotoilulla-varustettu-saehkoebussi\\\/\"},\"wordCount\":80,\"image\":{\"@id\":\"https:\\\/\\\/k-bus.at\\\/fi\\\/kapfenbergin-ensimmaeinen-k-busin-uudella-muotoilulla-varustettu-saehkoebussi\\\/#primaryimage\"},\"thumbnailUrl\":\"https:\\\/\\\/k-bus.at\\\/wp-content\\\/uploads\\\/2026\\\/03\\\/Muerztaler-scaled.jpg\",\"articleSection\":[\"Luokittelematon\"],\"inLanguage\":\"fi\"},{\"@type\":\"WebPage\",\"@id\":\"https:\\\/\\\/k-bus.at\\\/fi\\\/kapfenbergin-ensimmaeinen-k-busin-uudella-muotoilulla-varustettu-saehkoebussi\\\/\",\"url\":\"https:\\\/\\\/k-bus.at\\\/fi\\\/kapfenbergin-ensimmaeinen-k-busin-uudella-muotoilulla-varustettu-saehkoebussi\\\/\",\"name\":\"Kapfenbergin ensimm\u00e4inen K-BUSin uudella muotoilulla varustettu s\u00e4hk\u00f6bussi - K-Bus\",\"isPartOf\":{\"@id\":\"https:\\\/\\\/k-bus.at\\\/fi\\\/#website\"},\"primaryImageOfPage\":{\"@id\":\"https:\\\/\\\/k-bus.at\\\/fi\\\/kapfenbergin-ensimmaeinen-k-busin-uudella-muotoilulla-varustettu-saehkoebussi\\\/#primaryimage\"},\"image\":{\"@id\":\"https:\\\/\\\/k-bus.at\\\/fi\\\/kapfenbergin-ensimmaeinen-k-busin-uudella-muotoilulla-varustettu-saehkoebussi\\\/#primaryimage\"},\"thumbnailUrl\":\"https:\\\/\\\/k-bus.at\\\/wp-content\\\/uploads\\\/2026\\\/03\\\/Muerztaler-scaled.jpg\",\"datePublished\":\"2026-07-02T07:38:34+00:00\",\"author\":{\"@id\":\"https:\\\/\\\/k-bus.at\\\/fi\\\/#\\\/schema\\\/person\\\/b79a4f67da3db34c482fb3becd6e4245\"},\"breadcrumb\":{\"@id\":\"https:\\\/\\\/k-bus.at\\\/fi\\\/kapfenbergin-ensimmaeinen-k-busin-uudella-muotoilulla-varustettu-saehkoebussi\\\/#breadcrumb\"},\"inLanguage\":\"fi\",\"potentialAction\":[{\"@type\":\"ReadAction\",\"target\":[\"https:\\\/\\\/k-bus.at\\\/fi\\\/kapfenbergin-ensimmaeinen-k-busin-uudella-muotoilulla-varustettu-saehkoebussi\\\/\"]}]},{\"@type\":\"ImageObject\",\"inLanguage\":\"fi\",\"@id\":\"https:\\\/\\\/k-bus.at\\\/fi\\\/kapfenbergin-ensimmaeinen-k-busin-uudella-muotoilulla-varustettu-saehkoebussi\\\/#primaryimage\",\"url\":\"https:\\\/\\\/k-bus.at\\\/wp-content\\\/uploads\\\/2026\\\/03\\\/Muerztaler-scaled.jpg\",\"contentUrl\":\"https:\\\/\\\/k-bus.at\\\/wp-content\\\/uploads\\\/2026\\\/03\\\/Muerztaler-scaled.jpg\",\"width\":2560,\"height\":1920},{\"@type\":\"BreadcrumbList\",\"@id\":\"https:\\\/\\\/k-bus.at\\\/fi\\\/kapfenbergin-ensimmaeinen-k-busin-uudella-muotoilulla-varustettu-saehkoebussi\\\/#breadcrumb\",\"itemListElement\":[{\"@type\":\"ListItem\",\"position\":1,\"name\":\"Startseite\",\"item\":\"https:\\\/\\\/k-bus.at\\\/fi\\\/k-bus-gmbh\\\/\"},{\"@type\":\"ListItem\",\"position\":2,\"name\":\"Kapfenbergin ensimm\u00e4inen K-BUSin uudella muotoilulla varustettu s\u00e4hk\u00f6bussi\"}]},{\"@type\":\"WebSite\",\"@id\":\"https:\\\/\\\/k-bus.at\\\/fi\\\/#website\",\"url\":\"https:\\\/\\\/k-bus.at\\\/fi\\\/\",\"name\":\"K-Bus\",\"description\":\"Smart Mobility\",\"potentialAction\":[{\"@type\":\"SearchAction\",\"target\":{\"@type\":\"EntryPoint\",\"urlTemplate\":\"https:\\\/\\\/k-bus.at\\\/fi\\\/?s={search_term_string}\"},\"query-input\":{\"@type\":\"PropertyValueSpecification\",\"valueRequired\":true,\"valueName\":\"search_term_string\"}}],\"inLanguage\":\"fi\"},{\"@type\":\"Person\",\"@id\":\"https:\\\/\\\/k-bus.at\\\/fi\\\/#\\\/schema\\\/person\\\/b79a4f67da3db34c482fb3becd6e4245\",\"name\":\"Andrea Pirecki\",\"image\":{\"@type\":\"ImageObject\",\"inLanguage\":\"fi\",\"@id\":\"https:\\\/\\\/secure.gravatar.com\\\/avatar\\\/5e7490fdafa64acbdd60eca8c45c7de318b19f18b275b5c3183eff64bd4dd9e8?s=96&d=mm&r=g\",\"url\":\"https:\\\/\\\/secure.gravatar.com\\\/avatar\\\/5e7490fdafa64acbdd60eca8c45c7de318b19f18b275b5c3183eff64bd4dd9e8?s=96&d=mm&r=g\",\"contentUrl\":\"https:\\\/\\\/secure.gravatar.com\\\/avatar\\\/5e7490fdafa64acbdd60eca8c45c7de318b19f18b275b5c3183eff64bd4dd9e8?s=96&d=mm&r=g\",\"caption\":\"Andrea Pirecki\"}}]}<\/script>\n<!-- \/ Yoast SEO plugin. -->","yoast_head_json":{"title":"Kapfenbergin ensimm\u00e4inen K-BUSin uudella muotoilulla varustettu s\u00e4hk\u00f6bussi - K-Bus","robots":{"index":"index","follow":"follow","max-snippet":"max-snippet:-1","max-image-preview":"max-image-preview:large","max-video-preview":"max-video-preview:-1"},"canonical":"https:\/\/k-bus.at\/fi\/kapfenbergin-ensimmaeinen-k-busin-uudella-muotoilulla-varustettu-saehkoebussi\/","og_locale":"fi_FI","og_type":"article","og_title":"Kapfenbergin ensimm\u00e4inen K-BUSin uudella muotoilulla varustettu s\u00e4hk\u00f6bussi - K-Bus","og_description":"K-BUS-yritys on iloinen voidessaan ilmoittaa ensimm\u00e4isen uuden muotoilunsa saaneen s\u00e4hk\u00f6bussinsa menestyksekk\u00e4\u00e4st\u00e4 k\u00e4ytt\u00f6\u00f6notosta. T\u00e4m\u00e4 innovatiivinen ajoneuvo liikenn\u00f6i nyt Kapfenbergiss\u00e4 ja edustaa","og_url":"https:\/\/k-bus.at\/fi\/kapfenbergin-ensimmaeinen-k-busin-uudella-muotoilulla-varustettu-saehkoebussi\/","og_site_name":"K-Bus","article_published_time":"2026-07-02T07:38:34+00:00","og_image":[{"width":2560,"height":1920,"url":"https:\/\/k-bus.at\/wp-content\/uploads\/2026\/03\/Muerztaler-scaled-e1775812594961.jpg","type":"image\/jpeg"}],"author":"Andrea Pirecki","twitter_card":"summary_large_image","twitter_misc":{"Kirjoittanut":"Andrea Pirecki"},"schema":{"@context":"https:\/\/schema.org","@graph":[{"@type":"Article","@id":"https:\/\/k-bus.at\/fi\/kapfenbergin-ensimmaeinen-k-busin-uudella-muotoilulla-varustettu-saehkoebussi\/#article","isPartOf":{"@id":"https:\/\/k-bus.at\/fi\/kapfenbergin-ensimmaeinen-k-busin-uudella-muotoilulla-varustettu-saehkoebussi\/"},"author":{"name":"Andrea Pirecki","@id":"https:\/\/k-bus.at\/fi\/#\/schema\/person\/b79a4f67da3db34c482fb3becd6e4245"},"headline":"Kapfenbergin ensimm\u00e4inen K-BUSin uudella muotoilulla varustettu s\u00e4hk\u00f6bussi","datePublished":"2026-07-02T07:38:34+00:00","mainEntityOfPage":{"@id":"https:\/\/k-bus.at\/fi\/kapfenbergin-ensimmaeinen-k-busin-uudella-muotoilulla-varustettu-saehkoebussi\/"},"wordCount":80,"image":{"@id":"https:\/\/k-bus.at\/fi\/kapfenbergin-ensimmaeinen-k-busin-uudella-muotoilulla-varustettu-saehkoebussi\/#primaryimage"},"thumbnailUrl":"https:\/\/k-bus.at\/wp-content\/uploads\/2026\/03\/Muerztaler-scaled.jpg","articleSection":["Luokittelematon"],"inLanguage":"fi"},{"@type":"WebPage","@id":"https:\/\/k-bus.at\/fi\/kapfenbergin-ensimmaeinen-k-busin-uudella-muotoilulla-varustettu-saehkoebussi\/","url":"https:\/\/k-bus.at\/fi\/kapfenbergin-ensimmaeinen-k-busin-uudella-muotoilulla-varustettu-saehkoebussi\/","name":"Kapfenbergin ensimm\u00e4inen K-BUSin uudella muotoilulla varustettu s\u00e4hk\u00f6bussi - K-Bus","isPartOf":{"@id":"https:\/\/k-bus.at\/fi\/#website"},"primaryImageOfPage":{"@id":"https:\/\/k-bus.at\/fi\/kapfenbergin-ensimmaeinen-k-busin-uudella-muotoilulla-varustettu-saehkoebussi\/#primaryimage"},"image":{"@id":"https:\/\/k-bus.at\/fi\/kapfenbergin-ensimmaeinen-k-busin-uudella-muotoilulla-varustettu-saehkoebussi\/#primaryimage"},"thumbnailUrl":"https:\/\/k-bus.at\/wp-content\/uploads\/2026\/03\/Muerztaler-scaled.jpg","datePublished":"2026-07-02T07:38:34+00:00","author":{"@id":"https:\/\/k-bus.at\/fi\/#\/schema\/person\/b79a4f67da3db34c482fb3becd6e4245"},"breadcrumb":{"@id":"https:\/\/k-bus.at\/fi\/kapfenbergin-ensimmaeinen-k-busin-uudella-muotoilulla-varustettu-saehkoebussi\/#breadcrumb"},"inLanguage":"fi","potentialAction":[{"@type":"ReadAction","target":["https:\/\/k-bus.at\/fi\/kapfenbergin-ensimmaeinen-k-busin-uudella-muotoilulla-varustettu-saehkoebussi\/"]}]},{"@type":"ImageObject","inLanguage":"fi","@id":"https:\/\/k-bus.at\/fi\/kapfenbergin-ensimmaeinen-k-busin-uudella-muotoilulla-varustettu-saehkoebussi\/#primaryimage","url":"https:\/\/k-bus.at\/wp-content\/uploads\/2026\/03\/Muerztaler-scaled.jpg","contentUrl":"https:\/\/k-bus.at\/wp-content\/uploads\/2026\/03\/Muerztaler-scaled.jpg","width":2560,"height":1920},{"@type":"BreadcrumbList","@id":"https:\/\/k-bus.at\/fi\/kapfenbergin-ensimmaeinen-k-busin-uudella-muotoilulla-varustettu-saehkoebussi\/#breadcrumb","itemListElement":[{"@type":"ListItem","position":1,"name":"Startseite","item":"https:\/\/k-bus.at\/fi\/k-bus-gmbh\/"},{"@type":"ListItem","position":2,"name":"Kapfenbergin ensimm\u00e4inen K-BUSin uudella muotoilulla varustettu s\u00e4hk\u00f6bussi"}]},{"@type":"WebSite","@id":"https:\/\/k-bus.at\/fi\/#website","url":"https:\/\/k-bus.at\/fi\/","name":"K-Bus","description":"Smart Mobility","potentialAction":[{"@type":"SearchAction","target":{"@type":"EntryPoint","urlTemplate":"https:\/\/k-bus.at\/fi\/?s={search_term_string}"},"query-input":{"@type":"PropertyValueSpecification","valueRequired":true,"valueName":"search_term_string"}}],"inLanguage":"fi"},{"@type":"Person","@id":"https:\/\/k-bus.at\/fi\/#\/schema\/person\/b79a4f67da3db34c482fb3becd6e4245","name":"Andrea Pirecki","image":{"@type":"ImageObject","inLanguage":"fi","@id":"https:\/\/secure.gravatar.com\/avatar\/5e7490fdafa64acbdd60eca8c45c7de318b19f18b275b5c3183eff64bd4dd9e8?s=96&d=mm&r=g","url":"https:\/\/secure.gravatar.com\/avatar\/5e7490fdafa64acbdd60eca8c45c7de318b19f18b275b5c3183eff64bd4dd9e8?s=96&d=mm&r=g","contentUrl":"https:\/\/secure.gravatar.com\/avatar\/5e7490fdafa64acbdd60eca8c45c7de318b19f18b275b5c3183eff64bd4dd9e8?s=96&d=mm&r=g","caption":"Andrea Pirecki"}}]}},"_links":{"self":[{"href":"https:\/\/k-bus.at\/fi\/wp-json\/wp\/v2\/posts\/16395","targetHints":{"allow":["GET"]}}],"collection":[{"href":"https:\/\/k-bus.at\/fi\/wp-json\/wp\/v2\/posts"}],"about":[{"href":"https:\/\/k-bus.at\/fi\/wp-json\/wp\/v2\/types\/post"}],"author":[{"embeddable":true,"href":"https:\/\/k-bus.at\/fi\/wp-json\/wp\/v2\/users\/3"}],"replies":[{"embeddable":true,"href":"https:\/\/k-bus.at\/fi\/wp-json\/wp\/v2\/comments?post=16395"}],"version-history":[{"count":0,"href":"https:\/\/k-bus.at\/fi\/wp-json\/wp\/v2\/posts\/16395\/revisions"}],"wp:featuredmedia":[{"embeddable":true,"href":"https:\/\/k-bus.at\/fi\/wp-json\/wp\/v2\/media\/2388"}],"wp:attachment":[{"href":"https:\/\/k-bus.at\/fi\/wp-json\/wp\/v2\/media?parent=16395"}],"wp:term":[{"taxonomy":"category","embeddable":true,"href":"https:\/\/k-bus.at\/fi\/wp-json\/wp\/v2\/categories?post=16395"},{"taxonomy":"post_tag","embeddable":true,"href":"https:\/\/k-bus.at\/fi\/wp-json\/wp\/v2\/tags?post=16395"}],"curies":[{"name":"wp","href":"https:\/\/api.w.org\/{rel}","templated":true}]}}