{"id":16478,"date":"2026-07-02T09:39:30","date_gmt":"2026-07-02T07:39:30","guid":{"rendered":"https:\/\/adiznctb3b.wpdns.site\/premier-bus-electrique-au-nouveau-design-de-k-bus-pour-kapfenberg\/"},"modified":"2026-07-02T09:39:30","modified_gmt":"2026-07-02T07:39:30","slug":"premier-bus-electrique-au-nouveau-design-de-k-bus-pour-kapfenberg","status":"publish","type":"post","link":"https:\/\/k-bus.at\/fr\/premier-bus-electrique-au-nouveau-design-de-k-bus-pour-kapfenberg\/","title":{"rendered":"Premier bus \u00e9lectrique au nouveau design de K-BUS pour Kapfenberg"},"content":{"rendered":"<p data-start=\"176\" data-end=\"399\">La soci\u00e9t\u00e9 K-BUS a le plaisir d&rsquo;annoncer la mise en service r\u00e9ussie de son premier bus \u00e9lectrique au nouveau design. Ce v\u00e9hicule innovant circule d\u00e9sormais \u00e0 Kapfenberg et incarne une mobilit\u00e9 moderne et durable dans la r\u00e9gion. <\/p>\n<p data-start=\"401\" data-end=\"653\">Le journal r\u00e9gional consacre \u00e9galement un article \u00e0 ce projet <span class=\"hover:entity-accent entity-underline inline cursor-pointer align-baseline\"><span class=\"whitespace-normal\">MeinBezirk<\/span><\/span> en d\u00e9tail dans un article en ligne r\u00e9cent. Celui-ci met en avant aussi bien les particularit\u00e9s techniques que l&rsquo;importance du bus \u00e9lectrique pour la r\u00e9gion. <\/p>\n<p data-start=\"655\" data-end=\"820\">Vous trouverez l&rsquo;article complet ici :<br data-start=\"700\" data-end=\"703\"\/><a class=\"decorated-link\" href=\"https:\/\/www.meinbezirk.at\/bruck-an-der-mur\/c-wirtschaft\/erster-e-bus-mit-neuem-design-rollt-durch-kapfenberg_a8455460\" target=\"_new\" rel=\"noopener\" data-start=\"703\" data-end=\"820\">https:\/\/www.meinbezirk.at\/bruck-an-der-mur\/c-wirtschaft\/erster-e-bus-mit-neuem-design-rollt-durch-kapfenberg_a8455460<\/a><\/p>\n","protected":false},"excerpt":{"rendered":"<p>La soci\u00e9t\u00e9 K-BUS a le plaisir d&rsquo;annoncer la mise en service r\u00e9ussie de son premier bus \u00e9lectrique au nouveau design.<\/p>\n","protected":false},"author":3,"featured_media":2389,"comment_status":"closed","ping_status":"closed","sticky":false,"template":"","format":"standard","meta":{"_acf_changed":false,"footnotes":""},"categories":[140],"tags":[],"class_list":["post-16478","post","type-post","status-publish","format-standard","has-post-thumbnail","hentry","category-non-categorise"],"acf":[],"yoast_head":"<!-- This site is optimized with the Yoast SEO plugin v28.0 - https:\/\/yoast.com\/product\/yoast-seo-wordpress\/ -->\n<title>Premier bus \u00e9lectrique au nouveau design de K-BUS pour Kapfenberg - K-Bus<\/title>\n<meta name=\"robots\" content=\"index, follow, max-snippet:-1, max-image-preview:large, max-video-preview:-1\" \/>\n<link rel=\"canonical\" href=\"https:\/\/k-bus.at\/fr\/premier-bus-electrique-au-nouveau-design-de-k-bus-pour-kapfenberg\/\" \/>\n<meta property=\"og:locale\" content=\"fr_FR\" \/>\n<meta property=\"og:type\" content=\"article\" \/>\n<meta property=\"og:title\" content=\"Premier bus \u00e9lectrique au nouveau design de K-BUS pour Kapfenberg - K-Bus\" \/>\n<meta property=\"og:description\" content=\"La soci\u00e9t\u00e9 K-BUS a le plaisir d&rsquo;annoncer la mise en service r\u00e9ussie de son premier bus \u00e9lectrique au nouveau design.\" \/>\n<meta property=\"og:url\" content=\"https:\/\/k-bus.at\/fr\/premier-bus-electrique-au-nouveau-design-de-k-bus-pour-kapfenberg\/\" \/>\n<meta property=\"og:site_name\" content=\"K-Bus\" \/>\n<meta property=\"article:published_time\" content=\"2026-07-02T07:39:30+00:00\" \/>\n<meta property=\"og:image\" content=\"https:\/\/k-bus.at\/wp-content\/uploads\/2026\/03\/Muerztaler-scaled-e1775812594961.jpg\" \/>\n\t<meta property=\"og:image:width\" content=\"2560\" \/>\n\t<meta property=\"og:image:height\" content=\"1920\" \/>\n\t<meta property=\"og:image:type\" content=\"image\/jpeg\" \/>\n<meta name=\"author\" content=\"Andrea Pirecki\" \/>\n<meta name=\"twitter:card\" content=\"summary_large_image\" \/>\n<meta name=\"twitter:label1\" content=\"\u00c9crit par\" \/>\n\t<meta name=\"twitter:data1\" content=\"Andrea Pirecki\" \/>\n<script type=\"application\/ld+json\" class=\"yoast-schema-graph\">{\"@context\":\"https:\\\/\\\/schema.org\",\"@graph\":[{\"@type\":\"Article\",\"@id\":\"https:\\\/\\\/k-bus.at\\\/fr\\\/premier-bus-electrique-au-nouveau-design-de-k-bus-pour-kapfenberg\\\/#article\",\"isPartOf\":{\"@id\":\"https:\\\/\\\/k-bus.at\\\/fr\\\/premier-bus-electrique-au-nouveau-design-de-k-bus-pour-kapfenberg\\\/\"},\"author\":{\"name\":\"Andrea Pirecki\",\"@id\":\"https:\\\/\\\/k-bus.at\\\/fr\\\/#\\\/schema\\\/person\\\/b79a4f67da3db34c482fb3becd6e4245\"},\"headline\":\"Premier bus \u00e9lectrique au nouveau design de K-BUS pour Kapfenberg\",\"datePublished\":\"2026-07-02T07:39:30+00:00\",\"mainEntityOfPage\":{\"@id\":\"https:\\\/\\\/k-bus.at\\\/fr\\\/premier-bus-electrique-au-nouveau-design-de-k-bus-pour-kapfenberg\\\/\"},\"wordCount\":107,\"image\":{\"@id\":\"https:\\\/\\\/k-bus.at\\\/fr\\\/premier-bus-electrique-au-nouveau-design-de-k-bus-pour-kapfenberg\\\/#primaryimage\"},\"thumbnailUrl\":\"https:\\\/\\\/k-bus.at\\\/wp-content\\\/uploads\\\/2026\\\/03\\\/Muerztaler-scaled.jpg\",\"articleSection\":[\"Non cat\u00e9goris\u00e9\"],\"inLanguage\":\"fr-FR\"},{\"@type\":\"WebPage\",\"@id\":\"https:\\\/\\\/k-bus.at\\\/fr\\\/premier-bus-electrique-au-nouveau-design-de-k-bus-pour-kapfenberg\\\/\",\"url\":\"https:\\\/\\\/k-bus.at\\\/fr\\\/premier-bus-electrique-au-nouveau-design-de-k-bus-pour-kapfenberg\\\/\",\"name\":\"Premier bus \u00e9lectrique au nouveau design de K-BUS pour Kapfenberg - K-Bus\",\"isPartOf\":{\"@id\":\"https:\\\/\\\/k-bus.at\\\/fr\\\/#website\"},\"primaryImageOfPage\":{\"@id\":\"https:\\\/\\\/k-bus.at\\\/fr\\\/premier-bus-electrique-au-nouveau-design-de-k-bus-pour-kapfenberg\\\/#primaryimage\"},\"image\":{\"@id\":\"https:\\\/\\\/k-bus.at\\\/fr\\\/premier-bus-electrique-au-nouveau-design-de-k-bus-pour-kapfenberg\\\/#primaryimage\"},\"thumbnailUrl\":\"https:\\\/\\\/k-bus.at\\\/wp-content\\\/uploads\\\/2026\\\/03\\\/Muerztaler-scaled.jpg\",\"datePublished\":\"2026-07-02T07:39:30+00:00\",\"author\":{\"@id\":\"https:\\\/\\\/k-bus.at\\\/fr\\\/#\\\/schema\\\/person\\\/b79a4f67da3db34c482fb3becd6e4245\"},\"breadcrumb\":{\"@id\":\"https:\\\/\\\/k-bus.at\\\/fr\\\/premier-bus-electrique-au-nouveau-design-de-k-bus-pour-kapfenberg\\\/#breadcrumb\"},\"inLanguage\":\"fr-FR\",\"potentialAction\":[{\"@type\":\"ReadAction\",\"target\":[\"https:\\\/\\\/k-bus.at\\\/fr\\\/premier-bus-electrique-au-nouveau-design-de-k-bus-pour-kapfenberg\\\/\"]}]},{\"@type\":\"ImageObject\",\"inLanguage\":\"fr-FR\",\"@id\":\"https:\\\/\\\/k-bus.at\\\/fr\\\/premier-bus-electrique-au-nouveau-design-de-k-bus-pour-kapfenberg\\\/#primaryimage\",\"url\":\"https:\\\/\\\/k-bus.at\\\/wp-content\\\/uploads\\\/2026\\\/03\\\/Muerztaler-scaled.jpg\",\"contentUrl\":\"https:\\\/\\\/k-bus.at\\\/wp-content\\\/uploads\\\/2026\\\/03\\\/Muerztaler-scaled.jpg\",\"width\":2560,\"height\":1920},{\"@type\":\"BreadcrumbList\",\"@id\":\"https:\\\/\\\/k-bus.at\\\/fr\\\/premier-bus-electrique-au-nouveau-design-de-k-bus-pour-kapfenberg\\\/#breadcrumb\",\"itemListElement\":[{\"@type\":\"ListItem\",\"position\":1,\"name\":\"Startseite\",\"item\":\"https:\\\/\\\/k-bus.at\\\/fr\\\/k-bus-gmbh\\\/\"},{\"@type\":\"ListItem\",\"position\":2,\"name\":\"Premier bus \u00e9lectrique au nouveau design de K-BUS pour Kapfenberg\"}]},{\"@type\":\"WebSite\",\"@id\":\"https:\\\/\\\/k-bus.at\\\/fr\\\/#website\",\"url\":\"https:\\\/\\\/k-bus.at\\\/fr\\\/\",\"name\":\"K-Bus\",\"description\":\"Smart Mobility\",\"potentialAction\":[{\"@type\":\"SearchAction\",\"target\":{\"@type\":\"EntryPoint\",\"urlTemplate\":\"https:\\\/\\\/k-bus.at\\\/fr\\\/?s={search_term_string}\"},\"query-input\":{\"@type\":\"PropertyValueSpecification\",\"valueRequired\":true,\"valueName\":\"search_term_string\"}}],\"inLanguage\":\"fr-FR\"},{\"@type\":\"Person\",\"@id\":\"https:\\\/\\\/k-bus.at\\\/fr\\\/#\\\/schema\\\/person\\\/b79a4f67da3db34c482fb3becd6e4245\",\"name\":\"Andrea Pirecki\",\"image\":{\"@type\":\"ImageObject\",\"inLanguage\":\"fr-FR\",\"@id\":\"https:\\\/\\\/secure.gravatar.com\\\/avatar\\\/5e7490fdafa64acbdd60eca8c45c7de318b19f18b275b5c3183eff64bd4dd9e8?s=96&d=mm&r=g\",\"url\":\"https:\\\/\\\/secure.gravatar.com\\\/avatar\\\/5e7490fdafa64acbdd60eca8c45c7de318b19f18b275b5c3183eff64bd4dd9e8?s=96&d=mm&r=g\",\"contentUrl\":\"https:\\\/\\\/secure.gravatar.com\\\/avatar\\\/5e7490fdafa64acbdd60eca8c45c7de318b19f18b275b5c3183eff64bd4dd9e8?s=96&d=mm&r=g\",\"caption\":\"Andrea Pirecki\"}}]}<\/script>\n<!-- \/ Yoast SEO plugin. -->","yoast_head_json":{"title":"Premier bus \u00e9lectrique au nouveau design de K-BUS pour Kapfenberg - K-Bus","robots":{"index":"index","follow":"follow","max-snippet":"max-snippet:-1","max-image-preview":"max-image-preview:large","max-video-preview":"max-video-preview:-1"},"canonical":"https:\/\/k-bus.at\/fr\/premier-bus-electrique-au-nouveau-design-de-k-bus-pour-kapfenberg\/","og_locale":"fr_FR","og_type":"article","og_title":"Premier bus \u00e9lectrique au nouveau design de K-BUS pour Kapfenberg - K-Bus","og_description":"La soci\u00e9t\u00e9 K-BUS a le plaisir d&rsquo;annoncer la mise en service r\u00e9ussie de son premier bus \u00e9lectrique au nouveau design.","og_url":"https:\/\/k-bus.at\/fr\/premier-bus-electrique-au-nouveau-design-de-k-bus-pour-kapfenberg\/","og_site_name":"K-Bus","article_published_time":"2026-07-02T07:39:30+00:00","og_image":[{"width":2560,"height":1920,"url":"https:\/\/k-bus.at\/wp-content\/uploads\/2026\/03\/Muerztaler-scaled-e1775812594961.jpg","type":"image\/jpeg"}],"author":"Andrea Pirecki","twitter_card":"summary_large_image","twitter_misc":{"\u00c9crit par":"Andrea Pirecki"},"schema":{"@context":"https:\/\/schema.org","@graph":[{"@type":"Article","@id":"https:\/\/k-bus.at\/fr\/premier-bus-electrique-au-nouveau-design-de-k-bus-pour-kapfenberg\/#article","isPartOf":{"@id":"https:\/\/k-bus.at\/fr\/premier-bus-electrique-au-nouveau-design-de-k-bus-pour-kapfenberg\/"},"author":{"name":"Andrea Pirecki","@id":"https:\/\/k-bus.at\/fr\/#\/schema\/person\/b79a4f67da3db34c482fb3becd6e4245"},"headline":"Premier bus \u00e9lectrique au nouveau design de K-BUS pour Kapfenberg","datePublished":"2026-07-02T07:39:30+00:00","mainEntityOfPage":{"@id":"https:\/\/k-bus.at\/fr\/premier-bus-electrique-au-nouveau-design-de-k-bus-pour-kapfenberg\/"},"wordCount":107,"image":{"@id":"https:\/\/k-bus.at\/fr\/premier-bus-electrique-au-nouveau-design-de-k-bus-pour-kapfenberg\/#primaryimage"},"thumbnailUrl":"https:\/\/k-bus.at\/wp-content\/uploads\/2026\/03\/Muerztaler-scaled.jpg","articleSection":["Non cat\u00e9goris\u00e9"],"inLanguage":"fr-FR"},{"@type":"WebPage","@id":"https:\/\/k-bus.at\/fr\/premier-bus-electrique-au-nouveau-design-de-k-bus-pour-kapfenberg\/","url":"https:\/\/k-bus.at\/fr\/premier-bus-electrique-au-nouveau-design-de-k-bus-pour-kapfenberg\/","name":"Premier bus \u00e9lectrique au nouveau design de K-BUS pour Kapfenberg - K-Bus","isPartOf":{"@id":"https:\/\/k-bus.at\/fr\/#website"},"primaryImageOfPage":{"@id":"https:\/\/k-bus.at\/fr\/premier-bus-electrique-au-nouveau-design-de-k-bus-pour-kapfenberg\/#primaryimage"},"image":{"@id":"https:\/\/k-bus.at\/fr\/premier-bus-electrique-au-nouveau-design-de-k-bus-pour-kapfenberg\/#primaryimage"},"thumbnailUrl":"https:\/\/k-bus.at\/wp-content\/uploads\/2026\/03\/Muerztaler-scaled.jpg","datePublished":"2026-07-02T07:39:30+00:00","author":{"@id":"https:\/\/k-bus.at\/fr\/#\/schema\/person\/b79a4f67da3db34c482fb3becd6e4245"},"breadcrumb":{"@id":"https:\/\/k-bus.at\/fr\/premier-bus-electrique-au-nouveau-design-de-k-bus-pour-kapfenberg\/#breadcrumb"},"inLanguage":"fr-FR","potentialAction":[{"@type":"ReadAction","target":["https:\/\/k-bus.at\/fr\/premier-bus-electrique-au-nouveau-design-de-k-bus-pour-kapfenberg\/"]}]},{"@type":"ImageObject","inLanguage":"fr-FR","@id":"https:\/\/k-bus.at\/fr\/premier-bus-electrique-au-nouveau-design-de-k-bus-pour-kapfenberg\/#primaryimage","url":"https:\/\/k-bus.at\/wp-content\/uploads\/2026\/03\/Muerztaler-scaled.jpg","contentUrl":"https:\/\/k-bus.at\/wp-content\/uploads\/2026\/03\/Muerztaler-scaled.jpg","width":2560,"height":1920},{"@type":"BreadcrumbList","@id":"https:\/\/k-bus.at\/fr\/premier-bus-electrique-au-nouveau-design-de-k-bus-pour-kapfenberg\/#breadcrumb","itemListElement":[{"@type":"ListItem","position":1,"name":"Startseite","item":"https:\/\/k-bus.at\/fr\/k-bus-gmbh\/"},{"@type":"ListItem","position":2,"name":"Premier bus \u00e9lectrique au nouveau design de K-BUS pour Kapfenberg"}]},{"@type":"WebSite","@id":"https:\/\/k-bus.at\/fr\/#website","url":"https:\/\/k-bus.at\/fr\/","name":"K-Bus","description":"Smart Mobility","potentialAction":[{"@type":"SearchAction","target":{"@type":"EntryPoint","urlTemplate":"https:\/\/k-bus.at\/fr\/?s={search_term_string}"},"query-input":{"@type":"PropertyValueSpecification","valueRequired":true,"valueName":"search_term_string"}}],"inLanguage":"fr-FR"},{"@type":"Person","@id":"https:\/\/k-bus.at\/fr\/#\/schema\/person\/b79a4f67da3db34c482fb3becd6e4245","name":"Andrea Pirecki","image":{"@type":"ImageObject","inLanguage":"fr-FR","@id":"https:\/\/secure.gravatar.com\/avatar\/5e7490fdafa64acbdd60eca8c45c7de318b19f18b275b5c3183eff64bd4dd9e8?s=96&d=mm&r=g","url":"https:\/\/secure.gravatar.com\/avatar\/5e7490fdafa64acbdd60eca8c45c7de318b19f18b275b5c3183eff64bd4dd9e8?s=96&d=mm&r=g","contentUrl":"https:\/\/secure.gravatar.com\/avatar\/5e7490fdafa64acbdd60eca8c45c7de318b19f18b275b5c3183eff64bd4dd9e8?s=96&d=mm&r=g","caption":"Andrea Pirecki"}}]}},"_links":{"self":[{"href":"https:\/\/k-bus.at\/fr\/wp-json\/wp\/v2\/posts\/16478","targetHints":{"allow":["GET"]}}],"collection":[{"href":"https:\/\/k-bus.at\/fr\/wp-json\/wp\/v2\/posts"}],"about":[{"href":"https:\/\/k-bus.at\/fr\/wp-json\/wp\/v2\/types\/post"}],"author":[{"embeddable":true,"href":"https:\/\/k-bus.at\/fr\/wp-json\/wp\/v2\/users\/3"}],"replies":[{"embeddable":true,"href":"https:\/\/k-bus.at\/fr\/wp-json\/wp\/v2\/comments?post=16478"}],"version-history":[{"count":0,"href":"https:\/\/k-bus.at\/fr\/wp-json\/wp\/v2\/posts\/16478\/revisions"}],"wp:featuredmedia":[{"embeddable":true,"href":"https:\/\/k-bus.at\/fr\/wp-json\/wp\/v2\/media\/2389"}],"wp:attachment":[{"href":"https:\/\/k-bus.at\/fr\/wp-json\/wp\/v2\/media?parent=16478"}],"wp:term":[{"taxonomy":"category","embeddable":true,"href":"https:\/\/k-bus.at\/fr\/wp-json\/wp\/v2\/categories?post=16478"},{"taxonomy":"post_tag","embeddable":true,"href":"https:\/\/k-bus.at\/fr\/wp-json\/wp\/v2\/tags?post=16478"}],"curies":[{"name":"wp","href":"https:\/\/api.w.org\/{rel}","templated":true}]}}