{"id":16487,"date":"2026-07-02T09:39:35","date_gmt":"2026-07-02T07:39:35","guid":{"rendered":"https:\/\/adiznctb3b.wpdns.site\/e-solar-city-wieslburg\/"},"modified":"2026-07-02T09:39:40","modified_gmt":"2026-07-02T07:39:40","slug":"e-solar-city-wieslburg","status":"publish","type":"post","link":"https:\/\/k-bus.at\/fr\/e-solar-city-wieslburg\/","title":{"rendered":"E-Solar City Wieslburg"},"content":{"rendered":"\t\t<div data-elementor-type=\"wp-post\" data-elementor-id=\"16487\" class=\"elementor elementor-16487 elementor-1470\" data-elementor-post-type=\"post\">\n\t\t\t\t<div data-particle_enable=\"false\" data-particle-mobile-disabled=\"false\" class=\"wd-negative-gap elementor-element elementor-element-03dd160 e-flex e-con-boxed e-con e-parent\" data-id=\"03dd160\" data-element_type=\"container\" data-e-type=\"container\">\n\t\t\t\t\t<div class=\"e-con-inner\">\n\t\t\t\t<div class=\"elementor-element elementor-element-e73e5c4 color-scheme-inherit text-left elementor-widget elementor-widget-text-editor\" data-id=\"e73e5c4\" data-element_type=\"widget\" data-e-type=\"widget\" data-widget_type=\"text-editor.default\">\n\t\t\t\t<div class=\"elementor-widget-container\">\n\t\t\t\t\t\t\t\t\t<section class=\"image-right text-image\"><div class=\"row\"><div class=\"col-sm-6 col-sm-pull-6 col-xs-12 v-sm-center\"><div class=\"text-holder\"><h3>\u00ab Wiesel \u00bb est tr\u00e8s actif<\/h3><p>Apr\u00e8s un mois de mise en service, la commune de Wieselburg tire un bilan tr\u00e8s positif du bus \u00e9lectrique \u00ab Stadtwiesel \u00bb. Que ce soit pour faire les courses, se d\u00e9placer ou partir en excursion, ce service est tr\u00e8s utilis\u00e9. <\/p><\/div><\/div><\/div><\/section>\t\t\t\t\t\t\t\t<\/div>\n\t\t\t\t<\/div>\n\t\t\t\t<div class=\"elementor-element elementor-element-1dc37d5 dce_masking-none elementor-widget elementor-widget-video\" data-id=\"1dc37d5\" data-element_type=\"widget\" data-e-type=\"widget\" data-settings=\"{&quot;youtube_url&quot;:&quot;https:\\\/\\\/youtu.be\\\/SYtNmVifAU8&quot;,&quot;video_type&quot;:&quot;youtube&quot;,&quot;controls&quot;:&quot;yes&quot;}\" data-widget_type=\"video.default\">\n\t\t\t\t<div class=\"elementor-widget-container\">\n\t\t\t\t\t\t\t<div class=\"elementor-wrapper elementor-open-inline\">\n\t\t\t<div class=\"elementor-video\"><\/div>\t\t<\/div>\n\t\t\t\t\t\t<\/div>\n\t\t\t\t<\/div>\n\t\t\t\t\t<\/div>\n\t\t\t\t<\/div>\n\t\t\t\t<\/div>\n\t\t","protected":false},"excerpt":{"rendered":"<p>Apr\u00e8s un mois de mise en service, la commune de Wieselburg tire un bilan tr\u00e8s positif du bus \u00e9lectrique \u00ab Stadtwiesel \u00bb.<\/p>\n","protected":false},"author":3,"featured_media":14101,"comment_status":"closed","ping_status":"closed","sticky":false,"template":"","format":"standard","meta":{"_acf_changed":false,"footnotes":""},"categories":[140],"tags":[],"class_list":["post-16487","post","type-post","status-publish","format-standard","has-post-thumbnail","hentry","category-non-categorise"],"acf":[],"yoast_head":"<!-- This site is optimized with the Yoast SEO plugin v28.0 - https:\/\/yoast.com\/product\/yoast-seo-wordpress\/ -->\n<title>E-Solar City Wieslburg - K-Bus<\/title>\n<meta name=\"robots\" content=\"index, follow, max-snippet:-1, max-image-preview:large, max-video-preview:-1\" \/>\n<link rel=\"canonical\" href=\"https:\/\/k-bus.at\/fr\/e-solar-city-wieslburg\/\" \/>\n<meta property=\"og:locale\" content=\"fr_FR\" \/>\n<meta property=\"og:type\" content=\"article\" \/>\n<meta property=\"og:title\" content=\"E-Solar City Wieslburg - K-Bus\" \/>\n<meta property=\"og:description\" content=\"Apr\u00e8s un mois de mise en service, la commune de Wieselburg tire un bilan tr\u00e8s positif du bus \u00e9lectrique \u00ab Stadtwiesel \u00bb.\" \/>\n<meta property=\"og:url\" content=\"https:\/\/k-bus.at\/fr\/e-solar-city-wieslburg\/\" \/>\n<meta property=\"og:site_name\" content=\"K-Bus\" \/>\n<meta property=\"article:published_time\" content=\"2026-07-02T07:39:35+00:00\" \/>\n<meta property=\"article:modified_time\" content=\"2026-07-02T07:39:40+00:00\" \/>\n<meta property=\"og:image\" content=\"https:\/\/k-bus.at\/wp-content\/uploads\/2025\/11\/IMG-20200930-WA0001.jpg\" \/>\n\t<meta property=\"og:image:width\" content=\"1600\" \/>\n\t<meta property=\"og:image:height\" content=\"1200\" \/>\n\t<meta property=\"og:image:type\" content=\"image\/jpeg\" \/>\n<meta name=\"author\" content=\"Andrea Pirecki\" \/>\n<meta name=\"twitter:card\" content=\"summary_large_image\" \/>\n<meta name=\"twitter:label1\" content=\"\u00c9crit par\" \/>\n\t<meta name=\"twitter:data1\" content=\"Andrea Pirecki\" \/>\n<script type=\"application\/ld+json\" class=\"yoast-schema-graph\">{\"@context\":\"https:\\\/\\\/schema.org\",\"@graph\":[{\"@type\":\"Article\",\"@id\":\"https:\\\/\\\/k-bus.at\\\/fr\\\/e-solar-city-wieslburg\\\/#article\",\"isPartOf\":{\"@id\":\"https:\\\/\\\/k-bus.at\\\/fr\\\/e-solar-city-wieslburg\\\/\"},\"author\":{\"name\":\"Andrea Pirecki\",\"@id\":\"https:\\\/\\\/k-bus.at\\\/fr\\\/#\\\/schema\\\/person\\\/b79a4f67da3db34c482fb3becd6e4245\"},\"headline\":\"E-Solar City Wieslburg\",\"datePublished\":\"2026-07-02T07:39:35+00:00\",\"dateModified\":\"2026-07-02T07:39:40+00:00\",\"mainEntityOfPage\":{\"@id\":\"https:\\\/\\\/k-bus.at\\\/fr\\\/e-solar-city-wieslburg\\\/\"},\"wordCount\":54,\"image\":{\"@id\":\"https:\\\/\\\/k-bus.at\\\/fr\\\/e-solar-city-wieslburg\\\/#primaryimage\"},\"thumbnailUrl\":\"https:\\\/\\\/k-bus.at\\\/wp-content\\\/uploads\\\/2025\\\/11\\\/IMG-20200930-WA0001.jpg\",\"articleSection\":[\"Non cat\u00e9goris\u00e9\"],\"inLanguage\":\"fr-FR\"},{\"@type\":\"WebPage\",\"@id\":\"https:\\\/\\\/k-bus.at\\\/fr\\\/e-solar-city-wieslburg\\\/\",\"url\":\"https:\\\/\\\/k-bus.at\\\/fr\\\/e-solar-city-wieslburg\\\/\",\"name\":\"E-Solar City Wieslburg - K-Bus\",\"isPartOf\":{\"@id\":\"https:\\\/\\\/k-bus.at\\\/fr\\\/#website\"},\"primaryImageOfPage\":{\"@id\":\"https:\\\/\\\/k-bus.at\\\/fr\\\/e-solar-city-wieslburg\\\/#primaryimage\"},\"image\":{\"@id\":\"https:\\\/\\\/k-bus.at\\\/fr\\\/e-solar-city-wieslburg\\\/#primaryimage\"},\"thumbnailUrl\":\"https:\\\/\\\/k-bus.at\\\/wp-content\\\/uploads\\\/2025\\\/11\\\/IMG-20200930-WA0001.jpg\",\"datePublished\":\"2026-07-02T07:39:35+00:00\",\"dateModified\":\"2026-07-02T07:39:40+00:00\",\"author\":{\"@id\":\"https:\\\/\\\/k-bus.at\\\/fr\\\/#\\\/schema\\\/person\\\/b79a4f67da3db34c482fb3becd6e4245\"},\"breadcrumb\":{\"@id\":\"https:\\\/\\\/k-bus.at\\\/fr\\\/e-solar-city-wieslburg\\\/#breadcrumb\"},\"inLanguage\":\"fr-FR\",\"potentialAction\":[{\"@type\":\"ReadAction\",\"target\":[\"https:\\\/\\\/k-bus.at\\\/fr\\\/e-solar-city-wieslburg\\\/\"]}]},{\"@type\":\"ImageObject\",\"inLanguage\":\"fr-FR\",\"@id\":\"https:\\\/\\\/k-bus.at\\\/fr\\\/e-solar-city-wieslburg\\\/#primaryimage\",\"url\":\"https:\\\/\\\/k-bus.at\\\/wp-content\\\/uploads\\\/2025\\\/11\\\/IMG-20200930-WA0001.jpg\",\"contentUrl\":\"https:\\\/\\\/k-bus.at\\\/wp-content\\\/uploads\\\/2025\\\/11\\\/IMG-20200930-WA0001.jpg\",\"width\":1600,\"height\":1200},{\"@type\":\"BreadcrumbList\",\"@id\":\"https:\\\/\\\/k-bus.at\\\/fr\\\/e-solar-city-wieslburg\\\/#breadcrumb\",\"itemListElement\":[{\"@type\":\"ListItem\",\"position\":1,\"name\":\"Startseite\",\"item\":\"https:\\\/\\\/k-bus.at\\\/fr\\\/k-bus-gmbh\\\/\"},{\"@type\":\"ListItem\",\"position\":2,\"name\":\"E-Solar City Wieslburg\"}]},{\"@type\":\"WebSite\",\"@id\":\"https:\\\/\\\/k-bus.at\\\/fr\\\/#website\",\"url\":\"https:\\\/\\\/k-bus.at\\\/fr\\\/\",\"name\":\"K-Bus\",\"description\":\"Smart Mobility\",\"potentialAction\":[{\"@type\":\"SearchAction\",\"target\":{\"@type\":\"EntryPoint\",\"urlTemplate\":\"https:\\\/\\\/k-bus.at\\\/fr\\\/?s={search_term_string}\"},\"query-input\":{\"@type\":\"PropertyValueSpecification\",\"valueRequired\":true,\"valueName\":\"search_term_string\"}}],\"inLanguage\":\"fr-FR\"},{\"@type\":\"Person\",\"@id\":\"https:\\\/\\\/k-bus.at\\\/fr\\\/#\\\/schema\\\/person\\\/b79a4f67da3db34c482fb3becd6e4245\",\"name\":\"Andrea Pirecki\",\"image\":{\"@type\":\"ImageObject\",\"inLanguage\":\"fr-FR\",\"@id\":\"https:\\\/\\\/secure.gravatar.com\\\/avatar\\\/5e7490fdafa64acbdd60eca8c45c7de318b19f18b275b5c3183eff64bd4dd9e8?s=96&d=mm&r=g\",\"url\":\"https:\\\/\\\/secure.gravatar.com\\\/avatar\\\/5e7490fdafa64acbdd60eca8c45c7de318b19f18b275b5c3183eff64bd4dd9e8?s=96&d=mm&r=g\",\"contentUrl\":\"https:\\\/\\\/secure.gravatar.com\\\/avatar\\\/5e7490fdafa64acbdd60eca8c45c7de318b19f18b275b5c3183eff64bd4dd9e8?s=96&d=mm&r=g\",\"caption\":\"Andrea Pirecki\"}}]}<\/script>\n<!-- \/ Yoast SEO plugin. -->","yoast_head_json":{"title":"E-Solar City Wieslburg - K-Bus","robots":{"index":"index","follow":"follow","max-snippet":"max-snippet:-1","max-image-preview":"max-image-preview:large","max-video-preview":"max-video-preview:-1"},"canonical":"https:\/\/k-bus.at\/fr\/e-solar-city-wieslburg\/","og_locale":"fr_FR","og_type":"article","og_title":"E-Solar City Wieslburg - K-Bus","og_description":"Apr\u00e8s un mois de mise en service, la commune de Wieselburg tire un bilan tr\u00e8s positif du bus \u00e9lectrique \u00ab Stadtwiesel \u00bb.","og_url":"https:\/\/k-bus.at\/fr\/e-solar-city-wieslburg\/","og_site_name":"K-Bus","article_published_time":"2026-07-02T07:39:35+00:00","article_modified_time":"2026-07-02T07:39:40+00:00","og_image":[{"width":1600,"height":1200,"url":"https:\/\/k-bus.at\/wp-content\/uploads\/2025\/11\/IMG-20200930-WA0001.jpg","type":"image\/jpeg"}],"author":"Andrea Pirecki","twitter_card":"summary_large_image","twitter_misc":{"\u00c9crit par":"Andrea Pirecki"},"schema":{"@context":"https:\/\/schema.org","@graph":[{"@type":"Article","@id":"https:\/\/k-bus.at\/fr\/e-solar-city-wieslburg\/#article","isPartOf":{"@id":"https:\/\/k-bus.at\/fr\/e-solar-city-wieslburg\/"},"author":{"name":"Andrea Pirecki","@id":"https:\/\/k-bus.at\/fr\/#\/schema\/person\/b79a4f67da3db34c482fb3becd6e4245"},"headline":"E-Solar City Wieslburg","datePublished":"2026-07-02T07:39:35+00:00","dateModified":"2026-07-02T07:39:40+00:00","mainEntityOfPage":{"@id":"https:\/\/k-bus.at\/fr\/e-solar-city-wieslburg\/"},"wordCount":54,"image":{"@id":"https:\/\/k-bus.at\/fr\/e-solar-city-wieslburg\/#primaryimage"},"thumbnailUrl":"https:\/\/k-bus.at\/wp-content\/uploads\/2025\/11\/IMG-20200930-WA0001.jpg","articleSection":["Non cat\u00e9goris\u00e9"],"inLanguage":"fr-FR"},{"@type":"WebPage","@id":"https:\/\/k-bus.at\/fr\/e-solar-city-wieslburg\/","url":"https:\/\/k-bus.at\/fr\/e-solar-city-wieslburg\/","name":"E-Solar City Wieslburg - K-Bus","isPartOf":{"@id":"https:\/\/k-bus.at\/fr\/#website"},"primaryImageOfPage":{"@id":"https:\/\/k-bus.at\/fr\/e-solar-city-wieslburg\/#primaryimage"},"image":{"@id":"https:\/\/k-bus.at\/fr\/e-solar-city-wieslburg\/#primaryimage"},"thumbnailUrl":"https:\/\/k-bus.at\/wp-content\/uploads\/2025\/11\/IMG-20200930-WA0001.jpg","datePublished":"2026-07-02T07:39:35+00:00","dateModified":"2026-07-02T07:39:40+00:00","author":{"@id":"https:\/\/k-bus.at\/fr\/#\/schema\/person\/b79a4f67da3db34c482fb3becd6e4245"},"breadcrumb":{"@id":"https:\/\/k-bus.at\/fr\/e-solar-city-wieslburg\/#breadcrumb"},"inLanguage":"fr-FR","potentialAction":[{"@type":"ReadAction","target":["https:\/\/k-bus.at\/fr\/e-solar-city-wieslburg\/"]}]},{"@type":"ImageObject","inLanguage":"fr-FR","@id":"https:\/\/k-bus.at\/fr\/e-solar-city-wieslburg\/#primaryimage","url":"https:\/\/k-bus.at\/wp-content\/uploads\/2025\/11\/IMG-20200930-WA0001.jpg","contentUrl":"https:\/\/k-bus.at\/wp-content\/uploads\/2025\/11\/IMG-20200930-WA0001.jpg","width":1600,"height":1200},{"@type":"BreadcrumbList","@id":"https:\/\/k-bus.at\/fr\/e-solar-city-wieslburg\/#breadcrumb","itemListElement":[{"@type":"ListItem","position":1,"name":"Startseite","item":"https:\/\/k-bus.at\/fr\/k-bus-gmbh\/"},{"@type":"ListItem","position":2,"name":"E-Solar City Wieslburg"}]},{"@type":"WebSite","@id":"https:\/\/k-bus.at\/fr\/#website","url":"https:\/\/k-bus.at\/fr\/","name":"K-Bus","description":"Smart Mobility","potentialAction":[{"@type":"SearchAction","target":{"@type":"EntryPoint","urlTemplate":"https:\/\/k-bus.at\/fr\/?s={search_term_string}"},"query-input":{"@type":"PropertyValueSpecification","valueRequired":true,"valueName":"search_term_string"}}],"inLanguage":"fr-FR"},{"@type":"Person","@id":"https:\/\/k-bus.at\/fr\/#\/schema\/person\/b79a4f67da3db34c482fb3becd6e4245","name":"Andrea Pirecki","image":{"@type":"ImageObject","inLanguage":"fr-FR","@id":"https:\/\/secure.gravatar.com\/avatar\/5e7490fdafa64acbdd60eca8c45c7de318b19f18b275b5c3183eff64bd4dd9e8?s=96&d=mm&r=g","url":"https:\/\/secure.gravatar.com\/avatar\/5e7490fdafa64acbdd60eca8c45c7de318b19f18b275b5c3183eff64bd4dd9e8?s=96&d=mm&r=g","contentUrl":"https:\/\/secure.gravatar.com\/avatar\/5e7490fdafa64acbdd60eca8c45c7de318b19f18b275b5c3183eff64bd4dd9e8?s=96&d=mm&r=g","caption":"Andrea Pirecki"}}]}},"_links":{"self":[{"href":"https:\/\/k-bus.at\/fr\/wp-json\/wp\/v2\/posts\/16487","targetHints":{"allow":["GET"]}}],"collection":[{"href":"https:\/\/k-bus.at\/fr\/wp-json\/wp\/v2\/posts"}],"about":[{"href":"https:\/\/k-bus.at\/fr\/wp-json\/wp\/v2\/types\/post"}],"author":[{"embeddable":true,"href":"https:\/\/k-bus.at\/fr\/wp-json\/wp\/v2\/users\/3"}],"replies":[{"embeddable":true,"href":"https:\/\/k-bus.at\/fr\/wp-json\/wp\/v2\/comments?post=16487"}],"version-history":[{"count":0,"href":"https:\/\/k-bus.at\/fr\/wp-json\/wp\/v2\/posts\/16487\/revisions"}],"wp:featuredmedia":[{"embeddable":true,"href":"https:\/\/k-bus.at\/fr\/wp-json\/wp\/v2\/media\/14101"}],"wp:attachment":[{"href":"https:\/\/k-bus.at\/fr\/wp-json\/wp\/v2\/media?parent=16487"}],"wp:term":[{"taxonomy":"category","embeddable":true,"href":"https:\/\/k-bus.at\/fr\/wp-json\/wp\/v2\/categories?post=16487"},{"taxonomy":"post_tag","embeddable":true,"href":"https:\/\/k-bus.at\/fr\/wp-json\/wp\/v2\/tags?post=16487"}],"curies":[{"name":"wp","href":"https:\/\/api.w.org\/{rel}","templated":true}]}}