{"id":16498,"date":"2026-07-02T09:39:43","date_gmt":"2026-07-02T07:39:43","guid":{"rendered":"https:\/\/adiznctb3b.wpdns.site\/les-bus-urbains-electriques-e-solar-circulent-avec-succes-dans-les-villes-europeennes\/"},"modified":"2026-07-02T09:39:43","modified_gmt":"2026-07-02T07:39:43","slug":"les-bus-urbains-electriques-e-solar-circulent-avec-succes-dans-les-villes-europeennes","status":"publish","type":"post","link":"https:\/\/k-bus.at\/fr\/les-bus-urbains-electriques-e-solar-circulent-avec-succes-dans-les-villes-europeennes\/","title":{"rendered":"Les bus urbains \u00e9lectriques E-Solar circulent avec succ\u00e8s dans les villes europ\u00e9ennes"},"content":{"rendered":"<h4>Nos bus urbains E-Solar ont fait leurs preuves : ils circulent d&rsquo;ores et d\u00e9j\u00e0 dans des villes telles que Stockholm, Cologne, Kapfenberg ou Koper \u2013 de mani\u00e8re fiable, accessible \u00e0 tous et sans \u00e9missions.<\/h4>\n<p>En 2017, nous avons d\u00e9velopp\u00e9, avec l&rsquo;E-Solar City, une nouvelle cat\u00e9gorie d&rsquo;autobus \u00e9lectriques : compacts, accessibles aux personnes \u00e0 mobilit\u00e9 r\u00e9duite et dot\u00e9s d&rsquo;une autonomie pouvant atteindre 160 kilom\u00e8tres. Les premi\u00e8res livraisons ont d\u00e9but\u00e9 en 2018, et ces v\u00e9hicules font d\u00e9sormais partie du quotidien europ\u00e9en. <\/p>\n<p>Que ce soit en circulation urbaine, comme bus citoyen ou dans les petites communes, l&rsquo;E-Solar City d\u00e9montre que la mobilit\u00e9 \u00e9lectrique fonctionne \u00e9galement dans les cat\u00e9gories de v\u00e9hicules compacts. La combinaison d&rsquo;une conduite simple (permis B) et d&rsquo;une grande praticit\u00e9 au quotidien est particuli\u00e8rement appr\u00e9ci\u00e9e. <\/p>\n<p>Nous sommes ravis que des entreprises telles que Bergvarabus, Postbus et MVG utilisent nos bus et envoient ainsi un signal fort en faveur de la mobilit\u00e9 durable.<\/p>\n<p>\u2192 En savoir plus sur nos bus urbains<\/p>\n","protected":false},"excerpt":{"rendered":"<p>Nos bus urbains E-Solar ont fait leurs preuves : ils circulent d&rsquo;ores et d\u00e9j\u00e0 dans des villes telles que Stockholm,<\/p>\n","protected":false},"author":3,"featured_media":16499,"comment_status":"closed","ping_status":"closed","sticky":false,"template":"","format":"standard","meta":{"_acf_changed":false,"footnotes":""},"categories":[140],"tags":[],"class_list":["post-16498","post","type-post","status-publish","format-standard","has-post-thumbnail","hentry","category-non-categorise"],"acf":[],"yoast_head":"<!-- This site is optimized with the Yoast SEO plugin v28.0 - https:\/\/yoast.com\/product\/yoast-seo-wordpress\/ -->\n<title>Les bus urbains \u00e9lectriques E-Solar circulent avec succ\u00e8s dans les villes europ\u00e9ennes - K-Bus<\/title>\n<meta name=\"robots\" content=\"index, follow, max-snippet:-1, max-image-preview:large, max-video-preview:-1\" \/>\n<link rel=\"canonical\" href=\"https:\/\/k-bus.at\/fr\/les-bus-urbains-electriques-e-solar-circulent-avec-succes-dans-les-villes-europeennes\/\" \/>\n<meta property=\"og:locale\" content=\"fr_FR\" \/>\n<meta property=\"og:type\" content=\"article\" \/>\n<meta property=\"og:title\" content=\"Les bus urbains \u00e9lectriques E-Solar circulent avec succ\u00e8s dans les villes europ\u00e9ennes - K-Bus\" \/>\n<meta property=\"og:description\" content=\"Nos bus urbains E-Solar ont fait leurs preuves : ils circulent d&rsquo;ores et d\u00e9j\u00e0 dans des villes telles que Stockholm,\" \/>\n<meta property=\"og:url\" content=\"https:\/\/k-bus.at\/fr\/les-bus-urbains-electriques-e-solar-circulent-avec-succes-dans-les-villes-europeennes\/\" \/>\n<meta property=\"og:site_name\" content=\"K-Bus\" \/>\n<meta property=\"article:published_time\" content=\"2026-07-02T07:39:43+00:00\" \/>\n<meta property=\"og:image\" content=\"https:\/\/k-bus.at\/wp-content\/uploads\/2026\/01\/e-daily5_solar_xl_kbus-e1781161208356.jpg\" \/>\n\t<meta property=\"og:image:width\" content=\"1000\" \/>\n\t<meta property=\"og:image:height\" content=\"715\" \/>\n\t<meta property=\"og:image:type\" content=\"image\/jpeg\" \/>\n<meta name=\"author\" content=\"Andrea Pirecki\" \/>\n<meta name=\"twitter:card\" content=\"summary_large_image\" \/>\n<meta name=\"twitter:label1\" content=\"\u00c9crit par\" \/>\n\t<meta name=\"twitter:data1\" content=\"Andrea Pirecki\" \/>\n\t<meta name=\"twitter:label2\" content=\"Dur\u00e9e de lecture estim\u00e9e\" \/>\n\t<meta name=\"twitter:data2\" content=\"1 minute\" \/>\n<script type=\"application\/ld+json\" class=\"yoast-schema-graph\">{\"@context\":\"https:\\\/\\\/schema.org\",\"@graph\":[{\"@type\":\"Article\",\"@id\":\"https:\\\/\\\/k-bus.at\\\/fr\\\/les-bus-urbains-electriques-e-solar-circulent-avec-succes-dans-les-villes-europeennes\\\/#article\",\"isPartOf\":{\"@id\":\"https:\\\/\\\/k-bus.at\\\/fr\\\/les-bus-urbains-electriques-e-solar-circulent-avec-succes-dans-les-villes-europeennes\\\/\"},\"author\":{\"name\":\"Andrea Pirecki\",\"@id\":\"https:\\\/\\\/k-bus.at\\\/fr\\\/#\\\/schema\\\/person\\\/b79a4f67da3db34c482fb3becd6e4245\"},\"headline\":\"Les bus urbains \u00e9lectriques E-Solar circulent avec succ\u00e8s dans les villes europ\u00e9ennes\",\"datePublished\":\"2026-07-02T07:39:43+00:00\",\"mainEntityOfPage\":{\"@id\":\"https:\\\/\\\/k-bus.at\\\/fr\\\/les-bus-urbains-electriques-e-solar-circulent-avec-succes-dans-les-villes-europeennes\\\/\"},\"wordCount\":189,\"image\":{\"@id\":\"https:\\\/\\\/k-bus.at\\\/fr\\\/les-bus-urbains-electriques-e-solar-circulent-avec-succes-dans-les-villes-europeennes\\\/#primaryimage\"},\"thumbnailUrl\":\"https:\\\/\\\/k-bus.at\\\/wp-content\\\/uploads\\\/2026\\\/01\\\/e-daily5_solar_xl_kbus-e1781161208356.jpg\",\"articleSection\":[\"Non cat\u00e9goris\u00e9\"],\"inLanguage\":\"fr-FR\"},{\"@type\":\"WebPage\",\"@id\":\"https:\\\/\\\/k-bus.at\\\/fr\\\/les-bus-urbains-electriques-e-solar-circulent-avec-succes-dans-les-villes-europeennes\\\/\",\"url\":\"https:\\\/\\\/k-bus.at\\\/fr\\\/les-bus-urbains-electriques-e-solar-circulent-avec-succes-dans-les-villes-europeennes\\\/\",\"name\":\"Les bus urbains \u00e9lectriques E-Solar circulent avec succ\u00e8s dans les villes europ\u00e9ennes - K-Bus\",\"isPartOf\":{\"@id\":\"https:\\\/\\\/k-bus.at\\\/fr\\\/#website\"},\"primaryImageOfPage\":{\"@id\":\"https:\\\/\\\/k-bus.at\\\/fr\\\/les-bus-urbains-electriques-e-solar-circulent-avec-succes-dans-les-villes-europeennes\\\/#primaryimage\"},\"image\":{\"@id\":\"https:\\\/\\\/k-bus.at\\\/fr\\\/les-bus-urbains-electriques-e-solar-circulent-avec-succes-dans-les-villes-europeennes\\\/#primaryimage\"},\"thumbnailUrl\":\"https:\\\/\\\/k-bus.at\\\/wp-content\\\/uploads\\\/2026\\\/01\\\/e-daily5_solar_xl_kbus-e1781161208356.jpg\",\"datePublished\":\"2026-07-02T07:39:43+00:00\",\"author\":{\"@id\":\"https:\\\/\\\/k-bus.at\\\/fr\\\/#\\\/schema\\\/person\\\/b79a4f67da3db34c482fb3becd6e4245\"},\"breadcrumb\":{\"@id\":\"https:\\\/\\\/k-bus.at\\\/fr\\\/les-bus-urbains-electriques-e-solar-circulent-avec-succes-dans-les-villes-europeennes\\\/#breadcrumb\"},\"inLanguage\":\"fr-FR\",\"potentialAction\":[{\"@type\":\"ReadAction\",\"target\":[\"https:\\\/\\\/k-bus.at\\\/fr\\\/les-bus-urbains-electriques-e-solar-circulent-avec-succes-dans-les-villes-europeennes\\\/\"]}]},{\"@type\":\"ImageObject\",\"inLanguage\":\"fr-FR\",\"@id\":\"https:\\\/\\\/k-bus.at\\\/fr\\\/les-bus-urbains-electriques-e-solar-circulent-avec-succes-dans-les-villes-europeennes\\\/#primaryimage\",\"url\":\"https:\\\/\\\/k-bus.at\\\/wp-content\\\/uploads\\\/2026\\\/01\\\/e-daily5_solar_xl_kbus-e1781161208356.jpg\",\"contentUrl\":\"https:\\\/\\\/k-bus.at\\\/wp-content\\\/uploads\\\/2026\\\/01\\\/e-daily5_solar_xl_kbus-e1781161208356.jpg\",\"width\":1000,\"height\":715},{\"@type\":\"BreadcrumbList\",\"@id\":\"https:\\\/\\\/k-bus.at\\\/fr\\\/les-bus-urbains-electriques-e-solar-circulent-avec-succes-dans-les-villes-europeennes\\\/#breadcrumb\",\"itemListElement\":[{\"@type\":\"ListItem\",\"position\":1,\"name\":\"Startseite\",\"item\":\"https:\\\/\\\/k-bus.at\\\/fr\\\/k-bus-gmbh\\\/\"},{\"@type\":\"ListItem\",\"position\":2,\"name\":\"Les bus urbains \u00e9lectriques E-Solar circulent avec succ\u00e8s dans les villes europ\u00e9ennes\"}]},{\"@type\":\"WebSite\",\"@id\":\"https:\\\/\\\/k-bus.at\\\/fr\\\/#website\",\"url\":\"https:\\\/\\\/k-bus.at\\\/fr\\\/\",\"name\":\"K-Bus\",\"description\":\"Smart Mobility\",\"potentialAction\":[{\"@type\":\"SearchAction\",\"target\":{\"@type\":\"EntryPoint\",\"urlTemplate\":\"https:\\\/\\\/k-bus.at\\\/fr\\\/?s={search_term_string}\"},\"query-input\":{\"@type\":\"PropertyValueSpecification\",\"valueRequired\":true,\"valueName\":\"search_term_string\"}}],\"inLanguage\":\"fr-FR\"},{\"@type\":\"Person\",\"@id\":\"https:\\\/\\\/k-bus.at\\\/fr\\\/#\\\/schema\\\/person\\\/b79a4f67da3db34c482fb3becd6e4245\",\"name\":\"Andrea Pirecki\",\"image\":{\"@type\":\"ImageObject\",\"inLanguage\":\"fr-FR\",\"@id\":\"https:\\\/\\\/secure.gravatar.com\\\/avatar\\\/5e7490fdafa64acbdd60eca8c45c7de318b19f18b275b5c3183eff64bd4dd9e8?s=96&d=mm&r=g\",\"url\":\"https:\\\/\\\/secure.gravatar.com\\\/avatar\\\/5e7490fdafa64acbdd60eca8c45c7de318b19f18b275b5c3183eff64bd4dd9e8?s=96&d=mm&r=g\",\"contentUrl\":\"https:\\\/\\\/secure.gravatar.com\\\/avatar\\\/5e7490fdafa64acbdd60eca8c45c7de318b19f18b275b5c3183eff64bd4dd9e8?s=96&d=mm&r=g\",\"caption\":\"Andrea Pirecki\"}}]}<\/script>\n<!-- \/ Yoast SEO plugin. -->","yoast_head_json":{"title":"Les bus urbains \u00e9lectriques E-Solar circulent avec succ\u00e8s dans les villes europ\u00e9ennes - K-Bus","robots":{"index":"index","follow":"follow","max-snippet":"max-snippet:-1","max-image-preview":"max-image-preview:large","max-video-preview":"max-video-preview:-1"},"canonical":"https:\/\/k-bus.at\/fr\/les-bus-urbains-electriques-e-solar-circulent-avec-succes-dans-les-villes-europeennes\/","og_locale":"fr_FR","og_type":"article","og_title":"Les bus urbains \u00e9lectriques E-Solar circulent avec succ\u00e8s dans les villes europ\u00e9ennes - K-Bus","og_description":"Nos bus urbains E-Solar ont fait leurs preuves : ils circulent d&rsquo;ores et d\u00e9j\u00e0 dans des villes telles que Stockholm,","og_url":"https:\/\/k-bus.at\/fr\/les-bus-urbains-electriques-e-solar-circulent-avec-succes-dans-les-villes-europeennes\/","og_site_name":"K-Bus","article_published_time":"2026-07-02T07:39:43+00:00","og_image":[{"width":1000,"height":715,"url":"https:\/\/k-bus.at\/wp-content\/uploads\/2026\/01\/e-daily5_solar_xl_kbus-e1781161208356.jpg","type":"image\/jpeg"}],"author":"Andrea Pirecki","twitter_card":"summary_large_image","twitter_misc":{"\u00c9crit par":"Andrea Pirecki","Dur\u00e9e de lecture estim\u00e9e":"1 minute"},"schema":{"@context":"https:\/\/schema.org","@graph":[{"@type":"Article","@id":"https:\/\/k-bus.at\/fr\/les-bus-urbains-electriques-e-solar-circulent-avec-succes-dans-les-villes-europeennes\/#article","isPartOf":{"@id":"https:\/\/k-bus.at\/fr\/les-bus-urbains-electriques-e-solar-circulent-avec-succes-dans-les-villes-europeennes\/"},"author":{"name":"Andrea Pirecki","@id":"https:\/\/k-bus.at\/fr\/#\/schema\/person\/b79a4f67da3db34c482fb3becd6e4245"},"headline":"Les bus urbains \u00e9lectriques E-Solar circulent avec succ\u00e8s dans les villes europ\u00e9ennes","datePublished":"2026-07-02T07:39:43+00:00","mainEntityOfPage":{"@id":"https:\/\/k-bus.at\/fr\/les-bus-urbains-electriques-e-solar-circulent-avec-succes-dans-les-villes-europeennes\/"},"wordCount":189,"image":{"@id":"https:\/\/k-bus.at\/fr\/les-bus-urbains-electriques-e-solar-circulent-avec-succes-dans-les-villes-europeennes\/#primaryimage"},"thumbnailUrl":"https:\/\/k-bus.at\/wp-content\/uploads\/2026\/01\/e-daily5_solar_xl_kbus-e1781161208356.jpg","articleSection":["Non cat\u00e9goris\u00e9"],"inLanguage":"fr-FR"},{"@type":"WebPage","@id":"https:\/\/k-bus.at\/fr\/les-bus-urbains-electriques-e-solar-circulent-avec-succes-dans-les-villes-europeennes\/","url":"https:\/\/k-bus.at\/fr\/les-bus-urbains-electriques-e-solar-circulent-avec-succes-dans-les-villes-europeennes\/","name":"Les bus urbains \u00e9lectriques E-Solar circulent avec succ\u00e8s dans les villes europ\u00e9ennes - K-Bus","isPartOf":{"@id":"https:\/\/k-bus.at\/fr\/#website"},"primaryImageOfPage":{"@id":"https:\/\/k-bus.at\/fr\/les-bus-urbains-electriques-e-solar-circulent-avec-succes-dans-les-villes-europeennes\/#primaryimage"},"image":{"@id":"https:\/\/k-bus.at\/fr\/les-bus-urbains-electriques-e-solar-circulent-avec-succes-dans-les-villes-europeennes\/#primaryimage"},"thumbnailUrl":"https:\/\/k-bus.at\/wp-content\/uploads\/2026\/01\/e-daily5_solar_xl_kbus-e1781161208356.jpg","datePublished":"2026-07-02T07:39:43+00:00","author":{"@id":"https:\/\/k-bus.at\/fr\/#\/schema\/person\/b79a4f67da3db34c482fb3becd6e4245"},"breadcrumb":{"@id":"https:\/\/k-bus.at\/fr\/les-bus-urbains-electriques-e-solar-circulent-avec-succes-dans-les-villes-europeennes\/#breadcrumb"},"inLanguage":"fr-FR","potentialAction":[{"@type":"ReadAction","target":["https:\/\/k-bus.at\/fr\/les-bus-urbains-electriques-e-solar-circulent-avec-succes-dans-les-villes-europeennes\/"]}]},{"@type":"ImageObject","inLanguage":"fr-FR","@id":"https:\/\/k-bus.at\/fr\/les-bus-urbains-electriques-e-solar-circulent-avec-succes-dans-les-villes-europeennes\/#primaryimage","url":"https:\/\/k-bus.at\/wp-content\/uploads\/2026\/01\/e-daily5_solar_xl_kbus-e1781161208356.jpg","contentUrl":"https:\/\/k-bus.at\/wp-content\/uploads\/2026\/01\/e-daily5_solar_xl_kbus-e1781161208356.jpg","width":1000,"height":715},{"@type":"BreadcrumbList","@id":"https:\/\/k-bus.at\/fr\/les-bus-urbains-electriques-e-solar-circulent-avec-succes-dans-les-villes-europeennes\/#breadcrumb","itemListElement":[{"@type":"ListItem","position":1,"name":"Startseite","item":"https:\/\/k-bus.at\/fr\/k-bus-gmbh\/"},{"@type":"ListItem","position":2,"name":"Les bus urbains \u00e9lectriques E-Solar circulent avec succ\u00e8s dans les villes europ\u00e9ennes"}]},{"@type":"WebSite","@id":"https:\/\/k-bus.at\/fr\/#website","url":"https:\/\/k-bus.at\/fr\/","name":"K-Bus","description":"Smart Mobility","potentialAction":[{"@type":"SearchAction","target":{"@type":"EntryPoint","urlTemplate":"https:\/\/k-bus.at\/fr\/?s={search_term_string}"},"query-input":{"@type":"PropertyValueSpecification","valueRequired":true,"valueName":"search_term_string"}}],"inLanguage":"fr-FR"},{"@type":"Person","@id":"https:\/\/k-bus.at\/fr\/#\/schema\/person\/b79a4f67da3db34c482fb3becd6e4245","name":"Andrea Pirecki","image":{"@type":"ImageObject","inLanguage":"fr-FR","@id":"https:\/\/secure.gravatar.com\/avatar\/5e7490fdafa64acbdd60eca8c45c7de318b19f18b275b5c3183eff64bd4dd9e8?s=96&d=mm&r=g","url":"https:\/\/secure.gravatar.com\/avatar\/5e7490fdafa64acbdd60eca8c45c7de318b19f18b275b5c3183eff64bd4dd9e8?s=96&d=mm&r=g","contentUrl":"https:\/\/secure.gravatar.com\/avatar\/5e7490fdafa64acbdd60eca8c45c7de318b19f18b275b5c3183eff64bd4dd9e8?s=96&d=mm&r=g","caption":"Andrea Pirecki"}}]}},"_links":{"self":[{"href":"https:\/\/k-bus.at\/fr\/wp-json\/wp\/v2\/posts\/16498","targetHints":{"allow":["GET"]}}],"collection":[{"href":"https:\/\/k-bus.at\/fr\/wp-json\/wp\/v2\/posts"}],"about":[{"href":"https:\/\/k-bus.at\/fr\/wp-json\/wp\/v2\/types\/post"}],"author":[{"embeddable":true,"href":"https:\/\/k-bus.at\/fr\/wp-json\/wp\/v2\/users\/3"}],"replies":[{"embeddable":true,"href":"https:\/\/k-bus.at\/fr\/wp-json\/wp\/v2\/comments?post=16498"}],"version-history":[{"count":0,"href":"https:\/\/k-bus.at\/fr\/wp-json\/wp\/v2\/posts\/16498\/revisions"}],"wp:featuredmedia":[{"embeddable":true,"href":"https:\/\/k-bus.at\/fr\/wp-json\/wp\/v2\/media\/16499"}],"wp:attachment":[{"href":"https:\/\/k-bus.at\/fr\/wp-json\/wp\/v2\/media?parent=16498"}],"wp:term":[{"taxonomy":"category","embeddable":true,"href":"https:\/\/k-bus.at\/fr\/wp-json\/wp\/v2\/categories?post=16498"},{"taxonomy":"post_tag","embeddable":true,"href":"https:\/\/k-bus.at\/fr\/wp-json\/wp\/v2\/tags?post=16498"}],"curies":[{"name":"wp","href":"https:\/\/api.w.org\/{rel}","templated":true}]}}