{"id":16458,"date":"2026-07-02T09:39:20","date_gmt":"2026-07-02T07:39:20","guid":{"rendered":"https:\/\/adiznctb3b.wpdns.site\/tugann-k-bus-an-chead-line-bus-lanleictreach-go-innsbruck\/"},"modified":"2026-07-02T09:39:20","modified_gmt":"2026-07-02T07:39:20","slug":"tugann-k-bus-an-chead-line-bus-lanleictreach-go-innsbruck","status":"publish","type":"post","link":"https:\/\/k-bus.at\/ga\/tugann-k-bus-an-chead-line-bus-lanleictreach-go-innsbruck\/","title":{"rendered":"Tugann K-BUS an ch\u00e9ad l\u00edne bus l\u00e1nleictreach go Innsbruck"},"content":{"rendered":"<p data-start=\"167\" data-end=\"549\">Le tabhairt isteach an ch\u00e9ad l\u00edne bus l\u00e1nleictreach in Innsbruck, leanann leathn\u00fa na soghluaisteachta inbhuanaithe ar aghaidh go seasta. \u00das\u00e1idfear mionbhusanna leictreacha nua-aimseartha \u00f3 K-Bus, at\u00e1 deartha go sonrach le haghaidh \u00fas\u00e1ide uirb\u00ed ar shr\u00e1ideanna c\u00fanga agus a thairgeann raon de thart ar 150 cilim\u00e9adar, ar an L\u00edne D nua. <\/p>\n<p data-start=\"551\" data-end=\"776\">Feabhsa\u00edonn an l\u00edne nua go h\u00e1irithe an nasc leis na ceantair Arzl agus M\u00fchlau agus ag an am c\u00e9anna is c\u00e9im th\u00e1bhachtach \u00ed i dtreo iompair phoibl\u00ed saor \u00f3 asta\u00edochta\u00ed.<\/p>\n<p data-start=\"778\" data-end=\"992\">Tuairisc\u00edonn an nuacht\u00e1n r\u00e9igi\u00fanach <span class=\"hover:entity-accent entity-underline inline cursor-pointer align-baseline\"><span class=\"whitespace-normal\">MeinBezirk<\/span><\/span> ar an tionscadal freisin san alt <strong data-start=\"879\" data-end=\"937\">\u201cAn ch\u00e9ad l\u00edne bus l\u00e1nleictreach d\u2019Innsbruck\u201d<\/strong> , scr\u00edofa ag <span class=\"hover:entity-accent entity-underline inline cursor-pointer align-baseline\"><span class=\"whitespace-normal\">Pascal Pali<\/span><\/span> .<\/p>\n<p data-start=\"994\" data-end=\"1153\">Is f\u00e9idir leat an t-alt ioml\u00e1n a fh\u00e1il anseo:<br data-start=\"1039\" data-end=\"1042\"\/> <a class=\"decorated-link\" href=\"https:\/\/www.meinbezirk.at\/innsbruck\/c-lokales\/erste-vollstaendig-elektrische-buslinie-fuer-innsbruck_a7871915\" target=\"_new\" rel=\"noopener\" data-start=\"1042\" data-end=\"1151\">https:\/\/www.meinbezirk.at\/innsbruck\/c-lokales\/erste-vollstaendig-elektrische-buslinie-fuer-innsbruck_a7871915<\/a><\/p>\n","protected":false},"excerpt":{"rendered":"<p>Le tabhairt isteach an ch\u00e9ad l\u00edne bus l\u00e1nleictreach in Innsbruck, leanann leathn\u00fa na soghluaisteachta inbhuanaithe ar aghaidh go seasta. \u00das\u00e1idfear<\/p>\n","protected":false},"author":3,"featured_media":2362,"comment_status":"closed","ping_status":"closed","sticky":false,"template":"","format":"standard","meta":{"_acf_changed":false,"footnotes":""},"categories":[249],"tags":[],"class_list":["post-16458","post","type-post","status-publish","format-standard","has-post-thumbnail","hentry","category-gan-catagoir"],"acf":[],"yoast_head":"<!-- This site is optimized with the Yoast SEO plugin v28.0 - https:\/\/yoast.com\/product\/yoast-seo-wordpress\/ -->\n<title>Tugann K-BUS an ch\u00e9ad l\u00edne bus l\u00e1nleictreach go Innsbruck - K-Bus<\/title>\n<meta name=\"robots\" content=\"index, follow, max-snippet:-1, max-image-preview:large, max-video-preview:-1\" \/>\n<link rel=\"canonical\" href=\"https:\/\/k-bus.at\/ga\/tugann-k-bus-an-chead-line-bus-lanleictreach-go-innsbruck\/\" \/>\n<meta property=\"og:locale\" content=\"ga_IE\" \/>\n<meta property=\"og:type\" content=\"article\" \/>\n<meta property=\"og:title\" content=\"Tugann K-BUS an ch\u00e9ad l\u00edne bus l\u00e1nleictreach go Innsbruck - K-Bus\" \/>\n<meta property=\"og:description\" content=\"Le tabhairt isteach an ch\u00e9ad l\u00edne bus l\u00e1nleictreach in Innsbruck, leanann leathn\u00fa na soghluaisteachta inbhuanaithe ar aghaidh go seasta. \u00das\u00e1idfear\" \/>\n<meta property=\"og:url\" content=\"https:\/\/k-bus.at\/ga\/tugann-k-bus-an-chead-line-bus-lanleictreach-go-innsbruck\/\" \/>\n<meta property=\"og:site_name\" content=\"K-Bus\" \/>\n<meta property=\"article:published_time\" content=\"2026-07-02T07:39:20+00:00\" \/>\n<meta property=\"og:image\" content=\"https:\/\/k-bus.at\/wp-content\/uploads\/2026\/04\/20251112_071301.jpg\" \/>\n\t<meta property=\"og:image:width\" content=\"1280\" \/>\n\t<meta property=\"og:image:height\" content=\"960\" \/>\n\t<meta property=\"og:image:type\" content=\"image\/jpeg\" \/>\n<meta name=\"author\" content=\"Andrea Pirecki\" \/>\n<meta name=\"twitter:card\" content=\"summary_large_image\" \/>\n<meta name=\"twitter:label1\" content=\"Written by\" \/>\n\t<meta name=\"twitter:data1\" content=\"Andrea Pirecki\" \/>\n\t<meta name=\"twitter:label2\" content=\"Est. reading time\" \/>\n\t<meta name=\"twitter:data2\" content=\"1 minute\" \/>\n<script type=\"application\/ld+json\" class=\"yoast-schema-graph\">{\"@context\":\"https:\\\/\\\/schema.org\",\"@graph\":[{\"@type\":\"Article\",\"@id\":\"https:\\\/\\\/k-bus.at\\\/ga\\\/tugann-k-bus-an-chead-line-bus-lanleictreach-go-innsbruck\\\/#article\",\"isPartOf\":{\"@id\":\"https:\\\/\\\/k-bus.at\\\/ga\\\/tugann-k-bus-an-chead-line-bus-lanleictreach-go-innsbruck\\\/\"},\"author\":{\"name\":\"Andrea Pirecki\",\"@id\":\"https:\\\/\\\/k-bus.at\\\/ga\\\/#\\\/schema\\\/person\\\/b79a4f67da3db34c482fb3becd6e4245\"},\"headline\":\"Tugann K-BUS an ch\u00e9ad l\u00edne bus l\u00e1nleictreach go Innsbruck\",\"datePublished\":\"2026-07-02T07:39:20+00:00\",\"mainEntityOfPage\":{\"@id\":\"https:\\\/\\\/k-bus.at\\\/ga\\\/tugann-k-bus-an-chead-line-bus-lanleictreach-go-innsbruck\\\/\"},\"wordCount\":155,\"image\":{\"@id\":\"https:\\\/\\\/k-bus.at\\\/ga\\\/tugann-k-bus-an-chead-line-bus-lanleictreach-go-innsbruck\\\/#primaryimage\"},\"thumbnailUrl\":\"https:\\\/\\\/k-bus.at\\\/wp-content\\\/uploads\\\/2026\\\/04\\\/20251112_071301.jpg\",\"articleSection\":[\"Gan catag\u00f3ir\"],\"inLanguage\":\"ga-IE\"},{\"@type\":\"WebPage\",\"@id\":\"https:\\\/\\\/k-bus.at\\\/ga\\\/tugann-k-bus-an-chead-line-bus-lanleictreach-go-innsbruck\\\/\",\"url\":\"https:\\\/\\\/k-bus.at\\\/ga\\\/tugann-k-bus-an-chead-line-bus-lanleictreach-go-innsbruck\\\/\",\"name\":\"Tugann K-BUS an ch\u00e9ad l\u00edne bus l\u00e1nleictreach go Innsbruck - K-Bus\",\"isPartOf\":{\"@id\":\"https:\\\/\\\/k-bus.at\\\/ga\\\/#website\"},\"primaryImageOfPage\":{\"@id\":\"https:\\\/\\\/k-bus.at\\\/ga\\\/tugann-k-bus-an-chead-line-bus-lanleictreach-go-innsbruck\\\/#primaryimage\"},\"image\":{\"@id\":\"https:\\\/\\\/k-bus.at\\\/ga\\\/tugann-k-bus-an-chead-line-bus-lanleictreach-go-innsbruck\\\/#primaryimage\"},\"thumbnailUrl\":\"https:\\\/\\\/k-bus.at\\\/wp-content\\\/uploads\\\/2026\\\/04\\\/20251112_071301.jpg\",\"datePublished\":\"2026-07-02T07:39:20+00:00\",\"author\":{\"@id\":\"https:\\\/\\\/k-bus.at\\\/ga\\\/#\\\/schema\\\/person\\\/b79a4f67da3db34c482fb3becd6e4245\"},\"breadcrumb\":{\"@id\":\"https:\\\/\\\/k-bus.at\\\/ga\\\/tugann-k-bus-an-chead-line-bus-lanleictreach-go-innsbruck\\\/#breadcrumb\"},\"inLanguage\":\"ga-IE\",\"potentialAction\":[{\"@type\":\"ReadAction\",\"target\":[\"https:\\\/\\\/k-bus.at\\\/ga\\\/tugann-k-bus-an-chead-line-bus-lanleictreach-go-innsbruck\\\/\"]}]},{\"@type\":\"ImageObject\",\"inLanguage\":\"ga-IE\",\"@id\":\"https:\\\/\\\/k-bus.at\\\/ga\\\/tugann-k-bus-an-chead-line-bus-lanleictreach-go-innsbruck\\\/#primaryimage\",\"url\":\"https:\\\/\\\/k-bus.at\\\/wp-content\\\/uploads\\\/2026\\\/04\\\/20251112_071301.jpg\",\"contentUrl\":\"https:\\\/\\\/k-bus.at\\\/wp-content\\\/uploads\\\/2026\\\/04\\\/20251112_071301.jpg\",\"width\":1280,\"height\":960,\"caption\":\"KBus-Kutsenits\"},{\"@type\":\"BreadcrumbList\",\"@id\":\"https:\\\/\\\/k-bus.at\\\/ga\\\/tugann-k-bus-an-chead-line-bus-lanleictreach-go-innsbruck\\\/#breadcrumb\",\"itemListElement\":[{\"@type\":\"ListItem\",\"position\":1,\"name\":\"Startseite\",\"item\":\"https:\\\/\\\/k-bus.at\\\/ga\\\/k-bus-gmbh\\\/\"},{\"@type\":\"ListItem\",\"position\":2,\"name\":\"Tugann K-BUS an ch\u00e9ad l\u00edne bus l\u00e1nleictreach go Innsbruck\"}]},{\"@type\":\"WebSite\",\"@id\":\"https:\\\/\\\/k-bus.at\\\/ga\\\/#website\",\"url\":\"https:\\\/\\\/k-bus.at\\\/ga\\\/\",\"name\":\"K-Bus\",\"description\":\"Smart Mobility\",\"potentialAction\":[{\"@type\":\"SearchAction\",\"target\":{\"@type\":\"EntryPoint\",\"urlTemplate\":\"https:\\\/\\\/k-bus.at\\\/ga\\\/?s={search_term_string}\"},\"query-input\":{\"@type\":\"PropertyValueSpecification\",\"valueRequired\":true,\"valueName\":\"search_term_string\"}}],\"inLanguage\":\"ga-IE\"},{\"@type\":\"Person\",\"@id\":\"https:\\\/\\\/k-bus.at\\\/ga\\\/#\\\/schema\\\/person\\\/b79a4f67da3db34c482fb3becd6e4245\",\"name\":\"Andrea Pirecki\",\"image\":{\"@type\":\"ImageObject\",\"inLanguage\":\"ga-IE\",\"@id\":\"https:\\\/\\\/secure.gravatar.com\\\/avatar\\\/5e7490fdafa64acbdd60eca8c45c7de318b19f18b275b5c3183eff64bd4dd9e8?s=96&d=mm&r=g\",\"url\":\"https:\\\/\\\/secure.gravatar.com\\\/avatar\\\/5e7490fdafa64acbdd60eca8c45c7de318b19f18b275b5c3183eff64bd4dd9e8?s=96&d=mm&r=g\",\"contentUrl\":\"https:\\\/\\\/secure.gravatar.com\\\/avatar\\\/5e7490fdafa64acbdd60eca8c45c7de318b19f18b275b5c3183eff64bd4dd9e8?s=96&d=mm&r=g\",\"caption\":\"Andrea Pirecki\"}}]}<\/script>\n<!-- \/ Yoast SEO plugin. -->","yoast_head_json":{"title":"Tugann K-BUS an ch\u00e9ad l\u00edne bus l\u00e1nleictreach go Innsbruck - K-Bus","robots":{"index":"index","follow":"follow","max-snippet":"max-snippet:-1","max-image-preview":"max-image-preview:large","max-video-preview":"max-video-preview:-1"},"canonical":"https:\/\/k-bus.at\/ga\/tugann-k-bus-an-chead-line-bus-lanleictreach-go-innsbruck\/","og_locale":"ga_IE","og_type":"article","og_title":"Tugann K-BUS an ch\u00e9ad l\u00edne bus l\u00e1nleictreach go Innsbruck - K-Bus","og_description":"Le tabhairt isteach an ch\u00e9ad l\u00edne bus l\u00e1nleictreach in Innsbruck, leanann leathn\u00fa na soghluaisteachta inbhuanaithe ar aghaidh go seasta. \u00das\u00e1idfear","og_url":"https:\/\/k-bus.at\/ga\/tugann-k-bus-an-chead-line-bus-lanleictreach-go-innsbruck\/","og_site_name":"K-Bus","article_published_time":"2026-07-02T07:39:20+00:00","og_image":[{"width":1280,"height":960,"url":"https:\/\/k-bus.at\/wp-content\/uploads\/2026\/04\/20251112_071301.jpg","type":"image\/jpeg"}],"author":"Andrea Pirecki","twitter_card":"summary_large_image","twitter_misc":{"Written by":"Andrea Pirecki","Est. reading time":"1 minute"},"schema":{"@context":"https:\/\/schema.org","@graph":[{"@type":"Article","@id":"https:\/\/k-bus.at\/ga\/tugann-k-bus-an-chead-line-bus-lanleictreach-go-innsbruck\/#article","isPartOf":{"@id":"https:\/\/k-bus.at\/ga\/tugann-k-bus-an-chead-line-bus-lanleictreach-go-innsbruck\/"},"author":{"name":"Andrea Pirecki","@id":"https:\/\/k-bus.at\/ga\/#\/schema\/person\/b79a4f67da3db34c482fb3becd6e4245"},"headline":"Tugann K-BUS an ch\u00e9ad l\u00edne bus l\u00e1nleictreach go Innsbruck","datePublished":"2026-07-02T07:39:20+00:00","mainEntityOfPage":{"@id":"https:\/\/k-bus.at\/ga\/tugann-k-bus-an-chead-line-bus-lanleictreach-go-innsbruck\/"},"wordCount":155,"image":{"@id":"https:\/\/k-bus.at\/ga\/tugann-k-bus-an-chead-line-bus-lanleictreach-go-innsbruck\/#primaryimage"},"thumbnailUrl":"https:\/\/k-bus.at\/wp-content\/uploads\/2026\/04\/20251112_071301.jpg","articleSection":["Gan catag\u00f3ir"],"inLanguage":"ga-IE"},{"@type":"WebPage","@id":"https:\/\/k-bus.at\/ga\/tugann-k-bus-an-chead-line-bus-lanleictreach-go-innsbruck\/","url":"https:\/\/k-bus.at\/ga\/tugann-k-bus-an-chead-line-bus-lanleictreach-go-innsbruck\/","name":"Tugann K-BUS an ch\u00e9ad l\u00edne bus l\u00e1nleictreach go Innsbruck - K-Bus","isPartOf":{"@id":"https:\/\/k-bus.at\/ga\/#website"},"primaryImageOfPage":{"@id":"https:\/\/k-bus.at\/ga\/tugann-k-bus-an-chead-line-bus-lanleictreach-go-innsbruck\/#primaryimage"},"image":{"@id":"https:\/\/k-bus.at\/ga\/tugann-k-bus-an-chead-line-bus-lanleictreach-go-innsbruck\/#primaryimage"},"thumbnailUrl":"https:\/\/k-bus.at\/wp-content\/uploads\/2026\/04\/20251112_071301.jpg","datePublished":"2026-07-02T07:39:20+00:00","author":{"@id":"https:\/\/k-bus.at\/ga\/#\/schema\/person\/b79a4f67da3db34c482fb3becd6e4245"},"breadcrumb":{"@id":"https:\/\/k-bus.at\/ga\/tugann-k-bus-an-chead-line-bus-lanleictreach-go-innsbruck\/#breadcrumb"},"inLanguage":"ga-IE","potentialAction":[{"@type":"ReadAction","target":["https:\/\/k-bus.at\/ga\/tugann-k-bus-an-chead-line-bus-lanleictreach-go-innsbruck\/"]}]},{"@type":"ImageObject","inLanguage":"ga-IE","@id":"https:\/\/k-bus.at\/ga\/tugann-k-bus-an-chead-line-bus-lanleictreach-go-innsbruck\/#primaryimage","url":"https:\/\/k-bus.at\/wp-content\/uploads\/2026\/04\/20251112_071301.jpg","contentUrl":"https:\/\/k-bus.at\/wp-content\/uploads\/2026\/04\/20251112_071301.jpg","width":1280,"height":960,"caption":"KBus-Kutsenits"},{"@type":"BreadcrumbList","@id":"https:\/\/k-bus.at\/ga\/tugann-k-bus-an-chead-line-bus-lanleictreach-go-innsbruck\/#breadcrumb","itemListElement":[{"@type":"ListItem","position":1,"name":"Startseite","item":"https:\/\/k-bus.at\/ga\/k-bus-gmbh\/"},{"@type":"ListItem","position":2,"name":"Tugann K-BUS an ch\u00e9ad l\u00edne bus l\u00e1nleictreach go Innsbruck"}]},{"@type":"WebSite","@id":"https:\/\/k-bus.at\/ga\/#website","url":"https:\/\/k-bus.at\/ga\/","name":"K-Bus","description":"Smart Mobility","potentialAction":[{"@type":"SearchAction","target":{"@type":"EntryPoint","urlTemplate":"https:\/\/k-bus.at\/ga\/?s={search_term_string}"},"query-input":{"@type":"PropertyValueSpecification","valueRequired":true,"valueName":"search_term_string"}}],"inLanguage":"ga-IE"},{"@type":"Person","@id":"https:\/\/k-bus.at\/ga\/#\/schema\/person\/b79a4f67da3db34c482fb3becd6e4245","name":"Andrea Pirecki","image":{"@type":"ImageObject","inLanguage":"ga-IE","@id":"https:\/\/secure.gravatar.com\/avatar\/5e7490fdafa64acbdd60eca8c45c7de318b19f18b275b5c3183eff64bd4dd9e8?s=96&d=mm&r=g","url":"https:\/\/secure.gravatar.com\/avatar\/5e7490fdafa64acbdd60eca8c45c7de318b19f18b275b5c3183eff64bd4dd9e8?s=96&d=mm&r=g","contentUrl":"https:\/\/secure.gravatar.com\/avatar\/5e7490fdafa64acbdd60eca8c45c7de318b19f18b275b5c3183eff64bd4dd9e8?s=96&d=mm&r=g","caption":"Andrea Pirecki"}}]}},"_links":{"self":[{"href":"https:\/\/k-bus.at\/ga\/wp-json\/wp\/v2\/posts\/16458","targetHints":{"allow":["GET"]}}],"collection":[{"href":"https:\/\/k-bus.at\/ga\/wp-json\/wp\/v2\/posts"}],"about":[{"href":"https:\/\/k-bus.at\/ga\/wp-json\/wp\/v2\/types\/post"}],"author":[{"embeddable":true,"href":"https:\/\/k-bus.at\/ga\/wp-json\/wp\/v2\/users\/3"}],"replies":[{"embeddable":true,"href":"https:\/\/k-bus.at\/ga\/wp-json\/wp\/v2\/comments?post=16458"}],"version-history":[{"count":0,"href":"https:\/\/k-bus.at\/ga\/wp-json\/wp\/v2\/posts\/16458\/revisions"}],"wp:featuredmedia":[{"embeddable":true,"href":"https:\/\/k-bus.at\/ga\/wp-json\/wp\/v2\/media\/2362"}],"wp:attachment":[{"href":"https:\/\/k-bus.at\/ga\/wp-json\/wp\/v2\/media?parent=16458"}],"wp:term":[{"taxonomy":"category","embeddable":true,"href":"https:\/\/k-bus.at\/ga\/wp-json\/wp\/v2\/categories?post=16458"},{"taxonomy":"post_tag","embeddable":true,"href":"https:\/\/k-bus.at\/ga\/wp-json\/wp\/v2\/tags?post=16458"}],"curies":[{"name":"wp","href":"https:\/\/api.w.org\/{rel}","templated":true}]}}