{"id":16467,"date":"2026-07-02T09:39:25","date_gmt":"2026-07-02T07:39:25","guid":{"rendered":"https:\/\/adiznctb3b.wpdns.site\/neartaionn-busanna-leictreacha-breise-o-k-bus-soghluaisteacht-inbhuanaithe-i-leoben\/"},"modified":"2026-07-02T09:39:25","modified_gmt":"2026-07-02T07:39:25","slug":"neartaionn-busanna-leictreacha-breise-o-k-bus-soghluaisteacht-inbhuanaithe-i-leoben","status":"publish","type":"post","link":"https:\/\/k-bus.at\/ga\/neartaionn-busanna-leictreacha-breise-o-k-bus-soghluaisteacht-inbhuanaithe-i-leoben\/","title":{"rendered":"Nearta\u00edonn busanna leictreacha breise \u00f3 K-BUS soghluaisteacht inbhuanaithe i Leoben"},"content":{"rendered":"<p data-start=\"200\" data-end=\"584\">T\u00e1 leictri\u00fa an iompair phoibl\u00ed i Leoben ag dul ar aghaidh. Le seachadadh busanna leictreacha nua, t\u00e1 cabhlach chuideachta iompair bhardasach Leoben \u00e1 leathn\u00fa go strait\u00e9iseach. \u00das\u00e1idfear na feithicl\u00ed nua-aimseartha seo i seirbh\u00eds\u00ed bus cathrach rialta agus i seirbh\u00eds\u00ed bus ar \u00e9ileamh araon, rud a chuirfidh go m\u00f3r le soghluaisteacht inbhuanaithe sa r\u00e9igi\u00fan.   <\/p>\n<p data-start=\"586\" data-end=\"782\">Tuairisc\u00edonn an nuacht\u00e1n r\u00e9igi\u00fanach MeinBezirk air seo freisin san alt <strong data-start=\"488\" data-end=\"538\">&#8220;Neart\u00fa an chabhlaigh leictreach ag na f\u00f3ntais bhardasacha&#8221;<\/strong> . L\u00e9ir\u00edonn an t-alt an t\u00e1bhacht a bhaineann leis na busanna leictreacha nua do chathair Leoben. <\/p>\n<p data-start=\"904\" data-end=\"1051\">Is f\u00e9idir leat an t-alt ioml\u00e1n a fh\u00e1il anseo:<br data-start=\"949\" data-end=\"952\"\/> <a class=\"decorated-link\" href=\"https:\/\/www.meinbezirk.at\/leoben\/c-lokales\/verstaerkung-der-e-flotte-bei-den-stadtwerken_a8515549\" target=\"_new\" rel=\"noopener\" data-start=\"952\" data-end=\"1049\">https:\/\/www.meinbezirk.at\/leoben\/c-lokales\/verstaerkung-der-e-flotte-bei-den-stadtwerken_a8515549<\/a><\/p>\n","protected":false},"excerpt":{"rendered":"<p>T\u00e1 leictri\u00fa an iompair phoibl\u00ed i Leoben ag dul ar aghaidh. Le seachadadh busanna leictreacha nua, t\u00e1 cabhlach chuideachta iompair<\/p>\n","protected":false},"author":3,"featured_media":2329,"comment_status":"closed","ping_status":"closed","sticky":false,"template":"","format":"standard","meta":{"_acf_changed":false,"footnotes":""},"categories":[249],"tags":[],"class_list":["post-16467","post","type-post","status-publish","format-standard","has-post-thumbnail","hentry","category-gan-catagoir"],"acf":[],"yoast_head":"<!-- This site is optimized with the Yoast SEO plugin v28.0 - https:\/\/yoast.com\/product\/yoast-seo-wordpress\/ -->\n<title>Nearta\u00edonn busanna leictreacha breise \u00f3 K-BUS soghluaisteacht inbhuanaithe i Leoben - K-Bus<\/title>\n<meta name=\"robots\" content=\"index, follow, max-snippet:-1, max-image-preview:large, max-video-preview:-1\" \/>\n<link rel=\"canonical\" href=\"https:\/\/k-bus.at\/ga\/neartaionn-busanna-leictreacha-breise-o-k-bus-soghluaisteacht-inbhuanaithe-i-leoben\/\" \/>\n<meta property=\"og:locale\" content=\"ga_IE\" \/>\n<meta property=\"og:type\" content=\"article\" \/>\n<meta property=\"og:title\" content=\"Nearta\u00edonn busanna leictreacha breise \u00f3 K-BUS soghluaisteacht inbhuanaithe i Leoben - K-Bus\" \/>\n<meta property=\"og:description\" content=\"T\u00e1 leictri\u00fa an iompair phoibl\u00ed i Leoben ag dul ar aghaidh. Le seachadadh busanna leictreacha nua, t\u00e1 cabhlach chuideachta iompair\" \/>\n<meta property=\"og:url\" content=\"https:\/\/k-bus.at\/ga\/neartaionn-busanna-leictreacha-breise-o-k-bus-soghluaisteacht-inbhuanaithe-i-leoben\/\" \/>\n<meta property=\"og:site_name\" content=\"K-Bus\" \/>\n<meta property=\"article:published_time\" content=\"2026-07-02T07:39:25+00:00\" \/>\n<meta property=\"og:image\" content=\"https:\/\/k-bus.at\/wp-content\/uploads\/2026\/04\/20260310_1016140-scaled-e1775804841780.jpg\" \/>\n\t<meta property=\"og:image:width\" content=\"2560\" \/>\n\t<meta property=\"og:image:height\" content=\"1920\" \/>\n\t<meta property=\"og:image:type\" content=\"image\/jpeg\" \/>\n<meta name=\"author\" content=\"Andrea Pirecki\" \/>\n<meta name=\"twitter:card\" content=\"summary_large_image\" \/>\n<meta name=\"twitter:label1\" content=\"Written by\" \/>\n\t<meta name=\"twitter:data1\" content=\"Andrea Pirecki\" \/>\n\t<meta name=\"twitter:label2\" content=\"Est. reading time\" \/>\n\t<meta name=\"twitter:data2\" content=\"1 minute\" \/>\n<script type=\"application\/ld+json\" class=\"yoast-schema-graph\">{\"@context\":\"https:\\\/\\\/schema.org\",\"@graph\":[{\"@type\":\"Article\",\"@id\":\"https:\\\/\\\/k-bus.at\\\/ga\\\/neartaionn-busanna-leictreacha-breise-o-k-bus-soghluaisteacht-inbhuanaithe-i-leoben\\\/#article\",\"isPartOf\":{\"@id\":\"https:\\\/\\\/k-bus.at\\\/ga\\\/neartaionn-busanna-leictreacha-breise-o-k-bus-soghluaisteacht-inbhuanaithe-i-leoben\\\/\"},\"author\":{\"name\":\"Andrea Pirecki\",\"@id\":\"https:\\\/\\\/k-bus.at\\\/ga\\\/#\\\/schema\\\/person\\\/b79a4f67da3db34c482fb3becd6e4245\"},\"headline\":\"Nearta\u00edonn busanna leictreacha breise \u00f3 K-BUS soghluaisteacht inbhuanaithe i Leoben\",\"datePublished\":\"2026-07-02T07:39:25+00:00\",\"mainEntityOfPage\":{\"@id\":\"https:\\\/\\\/k-bus.at\\\/ga\\\/neartaionn-busanna-leictreacha-breise-o-k-bus-soghluaisteacht-inbhuanaithe-i-leoben\\\/\"},\"wordCount\":130,\"image\":{\"@id\":\"https:\\\/\\\/k-bus.at\\\/ga\\\/neartaionn-busanna-leictreacha-breise-o-k-bus-soghluaisteacht-inbhuanaithe-i-leoben\\\/#primaryimage\"},\"thumbnailUrl\":\"https:\\\/\\\/k-bus.at\\\/wp-content\\\/uploads\\\/2026\\\/04\\\/20260310_1016140-scaled.jpg\",\"articleSection\":[\"Gan catag\u00f3ir\"],\"inLanguage\":\"ga-IE\"},{\"@type\":\"WebPage\",\"@id\":\"https:\\\/\\\/k-bus.at\\\/ga\\\/neartaionn-busanna-leictreacha-breise-o-k-bus-soghluaisteacht-inbhuanaithe-i-leoben\\\/\",\"url\":\"https:\\\/\\\/k-bus.at\\\/ga\\\/neartaionn-busanna-leictreacha-breise-o-k-bus-soghluaisteacht-inbhuanaithe-i-leoben\\\/\",\"name\":\"Nearta\u00edonn busanna leictreacha breise \u00f3 K-BUS soghluaisteacht inbhuanaithe i Leoben - K-Bus\",\"isPartOf\":{\"@id\":\"https:\\\/\\\/k-bus.at\\\/ga\\\/#website\"},\"primaryImageOfPage\":{\"@id\":\"https:\\\/\\\/k-bus.at\\\/ga\\\/neartaionn-busanna-leictreacha-breise-o-k-bus-soghluaisteacht-inbhuanaithe-i-leoben\\\/#primaryimage\"},\"image\":{\"@id\":\"https:\\\/\\\/k-bus.at\\\/ga\\\/neartaionn-busanna-leictreacha-breise-o-k-bus-soghluaisteacht-inbhuanaithe-i-leoben\\\/#primaryimage\"},\"thumbnailUrl\":\"https:\\\/\\\/k-bus.at\\\/wp-content\\\/uploads\\\/2026\\\/04\\\/20260310_1016140-scaled.jpg\",\"datePublished\":\"2026-07-02T07:39:25+00:00\",\"author\":{\"@id\":\"https:\\\/\\\/k-bus.at\\\/ga\\\/#\\\/schema\\\/person\\\/b79a4f67da3db34c482fb3becd6e4245\"},\"breadcrumb\":{\"@id\":\"https:\\\/\\\/k-bus.at\\\/ga\\\/neartaionn-busanna-leictreacha-breise-o-k-bus-soghluaisteacht-inbhuanaithe-i-leoben\\\/#breadcrumb\"},\"inLanguage\":\"ga-IE\",\"potentialAction\":[{\"@type\":\"ReadAction\",\"target\":[\"https:\\\/\\\/k-bus.at\\\/ga\\\/neartaionn-busanna-leictreacha-breise-o-k-bus-soghluaisteacht-inbhuanaithe-i-leoben\\\/\"]}]},{\"@type\":\"ImageObject\",\"inLanguage\":\"ga-IE\",\"@id\":\"https:\\\/\\\/k-bus.at\\\/ga\\\/neartaionn-busanna-leictreacha-breise-o-k-bus-soghluaisteacht-inbhuanaithe-i-leoben\\\/#primaryimage\",\"url\":\"https:\\\/\\\/k-bus.at\\\/wp-content\\\/uploads\\\/2026\\\/04\\\/20260310_1016140-scaled.jpg\",\"contentUrl\":\"https:\\\/\\\/k-bus.at\\\/wp-content\\\/uploads\\\/2026\\\/04\\\/20260310_1016140-scaled.jpg\",\"width\":2560,\"height\":1920,\"caption\":\"KBus-Kutsenits\"},{\"@type\":\"BreadcrumbList\",\"@id\":\"https:\\\/\\\/k-bus.at\\\/ga\\\/neartaionn-busanna-leictreacha-breise-o-k-bus-soghluaisteacht-inbhuanaithe-i-leoben\\\/#breadcrumb\",\"itemListElement\":[{\"@type\":\"ListItem\",\"position\":1,\"name\":\"Startseite\",\"item\":\"https:\\\/\\\/k-bus.at\\\/ga\\\/k-bus-gmbh\\\/\"},{\"@type\":\"ListItem\",\"position\":2,\"name\":\"Nearta\u00edonn busanna leictreacha breise \u00f3 K-BUS soghluaisteacht inbhuanaithe i Leoben\"}]},{\"@type\":\"WebSite\",\"@id\":\"https:\\\/\\\/k-bus.at\\\/ga\\\/#website\",\"url\":\"https:\\\/\\\/k-bus.at\\\/ga\\\/\",\"name\":\"K-Bus\",\"description\":\"Smart Mobility\",\"potentialAction\":[{\"@type\":\"SearchAction\",\"target\":{\"@type\":\"EntryPoint\",\"urlTemplate\":\"https:\\\/\\\/k-bus.at\\\/ga\\\/?s={search_term_string}\"},\"query-input\":{\"@type\":\"PropertyValueSpecification\",\"valueRequired\":true,\"valueName\":\"search_term_string\"}}],\"inLanguage\":\"ga-IE\"},{\"@type\":\"Person\",\"@id\":\"https:\\\/\\\/k-bus.at\\\/ga\\\/#\\\/schema\\\/person\\\/b79a4f67da3db34c482fb3becd6e4245\",\"name\":\"Andrea Pirecki\",\"image\":{\"@type\":\"ImageObject\",\"inLanguage\":\"ga-IE\",\"@id\":\"https:\\\/\\\/secure.gravatar.com\\\/avatar\\\/5e7490fdafa64acbdd60eca8c45c7de318b19f18b275b5c3183eff64bd4dd9e8?s=96&d=mm&r=g\",\"url\":\"https:\\\/\\\/secure.gravatar.com\\\/avatar\\\/5e7490fdafa64acbdd60eca8c45c7de318b19f18b275b5c3183eff64bd4dd9e8?s=96&d=mm&r=g\",\"contentUrl\":\"https:\\\/\\\/secure.gravatar.com\\\/avatar\\\/5e7490fdafa64acbdd60eca8c45c7de318b19f18b275b5c3183eff64bd4dd9e8?s=96&d=mm&r=g\",\"caption\":\"Andrea Pirecki\"}}]}<\/script>\n<!-- \/ Yoast SEO plugin. -->","yoast_head_json":{"title":"Nearta\u00edonn busanna leictreacha breise \u00f3 K-BUS soghluaisteacht inbhuanaithe i Leoben - K-Bus","robots":{"index":"index","follow":"follow","max-snippet":"max-snippet:-1","max-image-preview":"max-image-preview:large","max-video-preview":"max-video-preview:-1"},"canonical":"https:\/\/k-bus.at\/ga\/neartaionn-busanna-leictreacha-breise-o-k-bus-soghluaisteacht-inbhuanaithe-i-leoben\/","og_locale":"ga_IE","og_type":"article","og_title":"Nearta\u00edonn busanna leictreacha breise \u00f3 K-BUS soghluaisteacht inbhuanaithe i Leoben - K-Bus","og_description":"T\u00e1 leictri\u00fa an iompair phoibl\u00ed i Leoben ag dul ar aghaidh. Le seachadadh busanna leictreacha nua, t\u00e1 cabhlach chuideachta iompair","og_url":"https:\/\/k-bus.at\/ga\/neartaionn-busanna-leictreacha-breise-o-k-bus-soghluaisteacht-inbhuanaithe-i-leoben\/","og_site_name":"K-Bus","article_published_time":"2026-07-02T07:39:25+00:00","og_image":[{"width":2560,"height":1920,"url":"https:\/\/k-bus.at\/wp-content\/uploads\/2026\/04\/20260310_1016140-scaled-e1775804841780.jpg","type":"image\/jpeg"}],"author":"Andrea Pirecki","twitter_card":"summary_large_image","twitter_misc":{"Written by":"Andrea Pirecki","Est. reading time":"1 minute"},"schema":{"@context":"https:\/\/schema.org","@graph":[{"@type":"Article","@id":"https:\/\/k-bus.at\/ga\/neartaionn-busanna-leictreacha-breise-o-k-bus-soghluaisteacht-inbhuanaithe-i-leoben\/#article","isPartOf":{"@id":"https:\/\/k-bus.at\/ga\/neartaionn-busanna-leictreacha-breise-o-k-bus-soghluaisteacht-inbhuanaithe-i-leoben\/"},"author":{"name":"Andrea Pirecki","@id":"https:\/\/k-bus.at\/ga\/#\/schema\/person\/b79a4f67da3db34c482fb3becd6e4245"},"headline":"Nearta\u00edonn busanna leictreacha breise \u00f3 K-BUS soghluaisteacht inbhuanaithe i Leoben","datePublished":"2026-07-02T07:39:25+00:00","mainEntityOfPage":{"@id":"https:\/\/k-bus.at\/ga\/neartaionn-busanna-leictreacha-breise-o-k-bus-soghluaisteacht-inbhuanaithe-i-leoben\/"},"wordCount":130,"image":{"@id":"https:\/\/k-bus.at\/ga\/neartaionn-busanna-leictreacha-breise-o-k-bus-soghluaisteacht-inbhuanaithe-i-leoben\/#primaryimage"},"thumbnailUrl":"https:\/\/k-bus.at\/wp-content\/uploads\/2026\/04\/20260310_1016140-scaled.jpg","articleSection":["Gan catag\u00f3ir"],"inLanguage":"ga-IE"},{"@type":"WebPage","@id":"https:\/\/k-bus.at\/ga\/neartaionn-busanna-leictreacha-breise-o-k-bus-soghluaisteacht-inbhuanaithe-i-leoben\/","url":"https:\/\/k-bus.at\/ga\/neartaionn-busanna-leictreacha-breise-o-k-bus-soghluaisteacht-inbhuanaithe-i-leoben\/","name":"Nearta\u00edonn busanna leictreacha breise \u00f3 K-BUS soghluaisteacht inbhuanaithe i Leoben - K-Bus","isPartOf":{"@id":"https:\/\/k-bus.at\/ga\/#website"},"primaryImageOfPage":{"@id":"https:\/\/k-bus.at\/ga\/neartaionn-busanna-leictreacha-breise-o-k-bus-soghluaisteacht-inbhuanaithe-i-leoben\/#primaryimage"},"image":{"@id":"https:\/\/k-bus.at\/ga\/neartaionn-busanna-leictreacha-breise-o-k-bus-soghluaisteacht-inbhuanaithe-i-leoben\/#primaryimage"},"thumbnailUrl":"https:\/\/k-bus.at\/wp-content\/uploads\/2026\/04\/20260310_1016140-scaled.jpg","datePublished":"2026-07-02T07:39:25+00:00","author":{"@id":"https:\/\/k-bus.at\/ga\/#\/schema\/person\/b79a4f67da3db34c482fb3becd6e4245"},"breadcrumb":{"@id":"https:\/\/k-bus.at\/ga\/neartaionn-busanna-leictreacha-breise-o-k-bus-soghluaisteacht-inbhuanaithe-i-leoben\/#breadcrumb"},"inLanguage":"ga-IE","potentialAction":[{"@type":"ReadAction","target":["https:\/\/k-bus.at\/ga\/neartaionn-busanna-leictreacha-breise-o-k-bus-soghluaisteacht-inbhuanaithe-i-leoben\/"]}]},{"@type":"ImageObject","inLanguage":"ga-IE","@id":"https:\/\/k-bus.at\/ga\/neartaionn-busanna-leictreacha-breise-o-k-bus-soghluaisteacht-inbhuanaithe-i-leoben\/#primaryimage","url":"https:\/\/k-bus.at\/wp-content\/uploads\/2026\/04\/20260310_1016140-scaled.jpg","contentUrl":"https:\/\/k-bus.at\/wp-content\/uploads\/2026\/04\/20260310_1016140-scaled.jpg","width":2560,"height":1920,"caption":"KBus-Kutsenits"},{"@type":"BreadcrumbList","@id":"https:\/\/k-bus.at\/ga\/neartaionn-busanna-leictreacha-breise-o-k-bus-soghluaisteacht-inbhuanaithe-i-leoben\/#breadcrumb","itemListElement":[{"@type":"ListItem","position":1,"name":"Startseite","item":"https:\/\/k-bus.at\/ga\/k-bus-gmbh\/"},{"@type":"ListItem","position":2,"name":"Nearta\u00edonn busanna leictreacha breise \u00f3 K-BUS soghluaisteacht inbhuanaithe i Leoben"}]},{"@type":"WebSite","@id":"https:\/\/k-bus.at\/ga\/#website","url":"https:\/\/k-bus.at\/ga\/","name":"K-Bus","description":"Smart Mobility","potentialAction":[{"@type":"SearchAction","target":{"@type":"EntryPoint","urlTemplate":"https:\/\/k-bus.at\/ga\/?s={search_term_string}"},"query-input":{"@type":"PropertyValueSpecification","valueRequired":true,"valueName":"search_term_string"}}],"inLanguage":"ga-IE"},{"@type":"Person","@id":"https:\/\/k-bus.at\/ga\/#\/schema\/person\/b79a4f67da3db34c482fb3becd6e4245","name":"Andrea Pirecki","image":{"@type":"ImageObject","inLanguage":"ga-IE","@id":"https:\/\/secure.gravatar.com\/avatar\/5e7490fdafa64acbdd60eca8c45c7de318b19f18b275b5c3183eff64bd4dd9e8?s=96&d=mm&r=g","url":"https:\/\/secure.gravatar.com\/avatar\/5e7490fdafa64acbdd60eca8c45c7de318b19f18b275b5c3183eff64bd4dd9e8?s=96&d=mm&r=g","contentUrl":"https:\/\/secure.gravatar.com\/avatar\/5e7490fdafa64acbdd60eca8c45c7de318b19f18b275b5c3183eff64bd4dd9e8?s=96&d=mm&r=g","caption":"Andrea Pirecki"}}]}},"_links":{"self":[{"href":"https:\/\/k-bus.at\/ga\/wp-json\/wp\/v2\/posts\/16467","targetHints":{"allow":["GET"]}}],"collection":[{"href":"https:\/\/k-bus.at\/ga\/wp-json\/wp\/v2\/posts"}],"about":[{"href":"https:\/\/k-bus.at\/ga\/wp-json\/wp\/v2\/types\/post"}],"author":[{"embeddable":true,"href":"https:\/\/k-bus.at\/ga\/wp-json\/wp\/v2\/users\/3"}],"replies":[{"embeddable":true,"href":"https:\/\/k-bus.at\/ga\/wp-json\/wp\/v2\/comments?post=16467"}],"version-history":[{"count":0,"href":"https:\/\/k-bus.at\/ga\/wp-json\/wp\/v2\/posts\/16467\/revisions"}],"wp:featuredmedia":[{"embeddable":true,"href":"https:\/\/k-bus.at\/ga\/wp-json\/wp\/v2\/media\/2329"}],"wp:attachment":[{"href":"https:\/\/k-bus.at\/ga\/wp-json\/wp\/v2\/media?parent=16467"}],"wp:term":[{"taxonomy":"category","embeddable":true,"href":"https:\/\/k-bus.at\/ga\/wp-json\/wp\/v2\/categories?post=16467"},{"taxonomy":"post_tag","embeddable":true,"href":"https:\/\/k-bus.at\/ga\/wp-json\/wp\/v2\/tags?post=16467"}],"curies":[{"name":"wp","href":"https:\/\/api.w.org\/{rel}","templated":true}]}}