{"id":16394,"date":"2026-07-02T09:38:34","date_gmt":"2026-07-02T07:38:34","guid":{"rendered":"https:\/\/adiznctb3b.wpdns.site\/prvi-elektricni-autobus-novog-dizajna-tvrtke-k-bus-za-kapfenberg\/"},"modified":"2026-07-02T09:38:34","modified_gmt":"2026-07-02T07:38:34","slug":"prvi-elektricni-autobus-novog-dizajna-tvrtke-k-bus-za-kapfenberg","status":"publish","type":"post","link":"https:\/\/k-bus.at\/hr\/prvi-elektricni-autobus-novog-dizajna-tvrtke-k-bus-za-kapfenberg\/","title":{"rendered":"Prvi elektri\u010dni autobus novog dizajna tvrtke K-BUS za Kapfenberg"},"content":{"rendered":"<p data-start=\"176\" data-end=\"399\">K-BUS s ponosom objavljuje uspje\u0161no uvo\u0111enje svog prvog elektri\u010dnog autobusa u novom dizajnu. Inovativno vozilo sada prometuje u Kapfenbergu i predstavlja modernu, odr\u017eivu mobilnost u regiji. <\/p>\n<p data-start=\"401\" data-end=\"653\">Regionalne novine <span class=\"hover:entity-accent entity-underline inline cursor-pointer align-baseline\"><span class=\"whitespace-normal\">MeinBezirk<\/span><\/span> tako\u0111er op\u0161irno izvje\u0161tavaju o projektu u nedavnom online \u010dlanku. \u010clanak isti\u010de i tehni\u010dke zna\u010dajke i va\u017enost elektri\u010dnog autobusa za regiju. <\/p>\n<p data-start=\"655\" data-end=\"820\">Cijeli \u010dlanak mo\u017eete prona\u0107i ovdje:<br data-start=\"700\" data-end=\"703\"\/> <a class=\"decorated-link\" href=\"https:\/\/www.meinbezirk.at\/bruck-an-der-mur\/c-wirtschaft\/erster-e-bus-mit-neuem-design-rollt-durch-kapfenberg_a8455460\" target=\"_new\" rel=\"noopener\" data-start=\"703\" data-end=\"820\">https:\/\/www.meinbezirk.at\/bruck-an-der-mur\/c-wirtschaft\/erster-e-bus-mit-neuem-design-rollt-durch-kapfenberg_a8455460<\/a><\/p>\n","protected":false},"excerpt":{"rendered":"<p>K-BUS s ponosom objavljuje uspje\u0161no uvo\u0111enje svog prvog elektri\u010dnog autobusa u novom dizajnu. Inovativno vozilo sada prometuje u Kapfenbergu i<\/p>\n","protected":false},"author":3,"featured_media":2382,"comment_status":"closed","ping_status":"closed","sticky":false,"template":"","format":"standard","meta":{"_acf_changed":false,"footnotes":""},"categories":[245],"tags":[],"class_list":["post-16394","post","type-post","status-publish","format-standard","has-post-thumbnail","hentry","category-nekategorizirano"],"acf":[],"yoast_head":"<!-- This site is optimized with the Yoast SEO plugin v28.0 - https:\/\/yoast.com\/product\/yoast-seo-wordpress\/ -->\n<title>Prvi elektri\u010dni autobus novog dizajna tvrtke K-BUS za Kapfenberg - K-Bus<\/title>\n<meta name=\"robots\" content=\"index, follow, max-snippet:-1, max-image-preview:large, max-video-preview:-1\" \/>\n<link rel=\"canonical\" href=\"https:\/\/k-bus.at\/hr\/prvi-elektricni-autobus-novog-dizajna-tvrtke-k-bus-za-kapfenberg\/\" \/>\n<meta property=\"og:locale\" content=\"hr_HR\" \/>\n<meta property=\"og:type\" content=\"article\" \/>\n<meta property=\"og:title\" content=\"Prvi elektri\u010dni autobus novog dizajna tvrtke K-BUS za Kapfenberg - K-Bus\" \/>\n<meta property=\"og:description\" content=\"K-BUS s ponosom objavljuje uspje\u0161no uvo\u0111enje svog prvog elektri\u010dnog autobusa u novom dizajnu. Inovativno vozilo sada prometuje u Kapfenbergu i\" \/>\n<meta property=\"og:url\" content=\"https:\/\/k-bus.at\/hr\/prvi-elektricni-autobus-novog-dizajna-tvrtke-k-bus-za-kapfenberg\/\" \/>\n<meta property=\"og:site_name\" content=\"K-Bus\" \/>\n<meta property=\"article:published_time\" content=\"2026-07-02T07:38:34+00:00\" \/>\n<meta property=\"og:image\" content=\"https:\/\/k-bus.at\/wp-content\/uploads\/2026\/03\/Muerztaler-scaled-e1775812594961.jpg\" \/>\n\t<meta property=\"og:image:width\" content=\"2560\" \/>\n\t<meta property=\"og:image:height\" content=\"1920\" \/>\n\t<meta property=\"og:image:type\" content=\"image\/jpeg\" \/>\n<meta name=\"author\" content=\"Andrea Pirecki\" \/>\n<meta name=\"twitter:card\" content=\"summary_large_image\" \/>\n<meta name=\"twitter:label1\" content=\"Written by\" \/>\n\t<meta name=\"twitter:data1\" content=\"Andrea Pirecki\" \/>\n<script type=\"application\/ld+json\" class=\"yoast-schema-graph\">{\"@context\":\"https:\\\/\\\/schema.org\",\"@graph\":[{\"@type\":\"Article\",\"@id\":\"https:\\\/\\\/k-bus.at\\\/hr\\\/prvi-elektricni-autobus-novog-dizajna-tvrtke-k-bus-za-kapfenberg\\\/#article\",\"isPartOf\":{\"@id\":\"https:\\\/\\\/k-bus.at\\\/hr\\\/prvi-elektricni-autobus-novog-dizajna-tvrtke-k-bus-za-kapfenberg\\\/\"},\"author\":{\"name\":\"Andrea Pirecki\",\"@id\":\"https:\\\/\\\/k-bus.at\\\/hr\\\/#\\\/schema\\\/person\\\/b79a4f67da3db34c482fb3becd6e4245\"},\"headline\":\"Prvi elektri\u010dni autobus novog dizajna tvrtke K-BUS za Kapfenberg\",\"datePublished\":\"2026-07-02T07:38:34+00:00\",\"mainEntityOfPage\":{\"@id\":\"https:\\\/\\\/k-bus.at\\\/hr\\\/prvi-elektricni-autobus-novog-dizajna-tvrtke-k-bus-za-kapfenberg\\\/\"},\"wordCount\":86,\"image\":{\"@id\":\"https:\\\/\\\/k-bus.at\\\/hr\\\/prvi-elektricni-autobus-novog-dizajna-tvrtke-k-bus-za-kapfenberg\\\/#primaryimage\"},\"thumbnailUrl\":\"https:\\\/\\\/k-bus.at\\\/wp-content\\\/uploads\\\/2026\\\/03\\\/Muerztaler-scaled.jpg\",\"articleSection\":[\"Nekategorizirano\"],\"inLanguage\":\"hr-HR\"},{\"@type\":\"WebPage\",\"@id\":\"https:\\\/\\\/k-bus.at\\\/hr\\\/prvi-elektricni-autobus-novog-dizajna-tvrtke-k-bus-za-kapfenberg\\\/\",\"url\":\"https:\\\/\\\/k-bus.at\\\/hr\\\/prvi-elektricni-autobus-novog-dizajna-tvrtke-k-bus-za-kapfenberg\\\/\",\"name\":\"Prvi elektri\u010dni autobus novog dizajna tvrtke K-BUS za Kapfenberg - K-Bus\",\"isPartOf\":{\"@id\":\"https:\\\/\\\/k-bus.at\\\/hr\\\/#website\"},\"primaryImageOfPage\":{\"@id\":\"https:\\\/\\\/k-bus.at\\\/hr\\\/prvi-elektricni-autobus-novog-dizajna-tvrtke-k-bus-za-kapfenberg\\\/#primaryimage\"},\"image\":{\"@id\":\"https:\\\/\\\/k-bus.at\\\/hr\\\/prvi-elektricni-autobus-novog-dizajna-tvrtke-k-bus-za-kapfenberg\\\/#primaryimage\"},\"thumbnailUrl\":\"https:\\\/\\\/k-bus.at\\\/wp-content\\\/uploads\\\/2026\\\/03\\\/Muerztaler-scaled.jpg\",\"datePublished\":\"2026-07-02T07:38:34+00:00\",\"author\":{\"@id\":\"https:\\\/\\\/k-bus.at\\\/hr\\\/#\\\/schema\\\/person\\\/b79a4f67da3db34c482fb3becd6e4245\"},\"breadcrumb\":{\"@id\":\"https:\\\/\\\/k-bus.at\\\/hr\\\/prvi-elektricni-autobus-novog-dizajna-tvrtke-k-bus-za-kapfenberg\\\/#breadcrumb\"},\"inLanguage\":\"hr-HR\",\"potentialAction\":[{\"@type\":\"ReadAction\",\"target\":[\"https:\\\/\\\/k-bus.at\\\/hr\\\/prvi-elektricni-autobus-novog-dizajna-tvrtke-k-bus-za-kapfenberg\\\/\"]}]},{\"@type\":\"ImageObject\",\"inLanguage\":\"hr-HR\",\"@id\":\"https:\\\/\\\/k-bus.at\\\/hr\\\/prvi-elektricni-autobus-novog-dizajna-tvrtke-k-bus-za-kapfenberg\\\/#primaryimage\",\"url\":\"https:\\\/\\\/k-bus.at\\\/wp-content\\\/uploads\\\/2026\\\/03\\\/Muerztaler-scaled.jpg\",\"contentUrl\":\"https:\\\/\\\/k-bus.at\\\/wp-content\\\/uploads\\\/2026\\\/03\\\/Muerztaler-scaled.jpg\",\"width\":2560,\"height\":1920},{\"@type\":\"BreadcrumbList\",\"@id\":\"https:\\\/\\\/k-bus.at\\\/hr\\\/prvi-elektricni-autobus-novog-dizajna-tvrtke-k-bus-za-kapfenberg\\\/#breadcrumb\",\"itemListElement\":[{\"@type\":\"ListItem\",\"position\":1,\"name\":\"Startseite\",\"item\":\"https:\\\/\\\/k-bus.at\\\/hr\\\/k-bus-gmbh\\\/\"},{\"@type\":\"ListItem\",\"position\":2,\"name\":\"Prvi elektri\u010dni autobus novog dizajna tvrtke K-BUS za Kapfenberg\"}]},{\"@type\":\"WebSite\",\"@id\":\"https:\\\/\\\/k-bus.at\\\/hr\\\/#website\",\"url\":\"https:\\\/\\\/k-bus.at\\\/hr\\\/\",\"name\":\"K-Bus\",\"description\":\"Smart Mobility\",\"potentialAction\":[{\"@type\":\"SearchAction\",\"target\":{\"@type\":\"EntryPoint\",\"urlTemplate\":\"https:\\\/\\\/k-bus.at\\\/hr\\\/?s={search_term_string}\"},\"query-input\":{\"@type\":\"PropertyValueSpecification\",\"valueRequired\":true,\"valueName\":\"search_term_string\"}}],\"inLanguage\":\"hr-HR\"},{\"@type\":\"Person\",\"@id\":\"https:\\\/\\\/k-bus.at\\\/hr\\\/#\\\/schema\\\/person\\\/b79a4f67da3db34c482fb3becd6e4245\",\"name\":\"Andrea Pirecki\",\"image\":{\"@type\":\"ImageObject\",\"inLanguage\":\"hr-HR\",\"@id\":\"https:\\\/\\\/secure.gravatar.com\\\/avatar\\\/5e7490fdafa64acbdd60eca8c45c7de318b19f18b275b5c3183eff64bd4dd9e8?s=96&d=mm&r=g\",\"url\":\"https:\\\/\\\/secure.gravatar.com\\\/avatar\\\/5e7490fdafa64acbdd60eca8c45c7de318b19f18b275b5c3183eff64bd4dd9e8?s=96&d=mm&r=g\",\"contentUrl\":\"https:\\\/\\\/secure.gravatar.com\\\/avatar\\\/5e7490fdafa64acbdd60eca8c45c7de318b19f18b275b5c3183eff64bd4dd9e8?s=96&d=mm&r=g\",\"caption\":\"Andrea Pirecki\"}}]}<\/script>\n<!-- \/ Yoast SEO plugin. -->","yoast_head_json":{"title":"Prvi elektri\u010dni autobus novog dizajna tvrtke K-BUS za Kapfenberg - K-Bus","robots":{"index":"index","follow":"follow","max-snippet":"max-snippet:-1","max-image-preview":"max-image-preview:large","max-video-preview":"max-video-preview:-1"},"canonical":"https:\/\/k-bus.at\/hr\/prvi-elektricni-autobus-novog-dizajna-tvrtke-k-bus-za-kapfenberg\/","og_locale":"hr_HR","og_type":"article","og_title":"Prvi elektri\u010dni autobus novog dizajna tvrtke K-BUS za Kapfenberg - K-Bus","og_description":"K-BUS s ponosom objavljuje uspje\u0161no uvo\u0111enje svog prvog elektri\u010dnog autobusa u novom dizajnu. Inovativno vozilo sada prometuje u Kapfenbergu i","og_url":"https:\/\/k-bus.at\/hr\/prvi-elektricni-autobus-novog-dizajna-tvrtke-k-bus-za-kapfenberg\/","og_site_name":"K-Bus","article_published_time":"2026-07-02T07:38:34+00:00","og_image":[{"width":2560,"height":1920,"url":"https:\/\/k-bus.at\/wp-content\/uploads\/2026\/03\/Muerztaler-scaled-e1775812594961.jpg","type":"image\/jpeg"}],"author":"Andrea Pirecki","twitter_card":"summary_large_image","twitter_misc":{"Written by":"Andrea Pirecki"},"schema":{"@context":"https:\/\/schema.org","@graph":[{"@type":"Article","@id":"https:\/\/k-bus.at\/hr\/prvi-elektricni-autobus-novog-dizajna-tvrtke-k-bus-za-kapfenberg\/#article","isPartOf":{"@id":"https:\/\/k-bus.at\/hr\/prvi-elektricni-autobus-novog-dizajna-tvrtke-k-bus-za-kapfenberg\/"},"author":{"name":"Andrea Pirecki","@id":"https:\/\/k-bus.at\/hr\/#\/schema\/person\/b79a4f67da3db34c482fb3becd6e4245"},"headline":"Prvi elektri\u010dni autobus novog dizajna tvrtke K-BUS za Kapfenberg","datePublished":"2026-07-02T07:38:34+00:00","mainEntityOfPage":{"@id":"https:\/\/k-bus.at\/hr\/prvi-elektricni-autobus-novog-dizajna-tvrtke-k-bus-za-kapfenberg\/"},"wordCount":86,"image":{"@id":"https:\/\/k-bus.at\/hr\/prvi-elektricni-autobus-novog-dizajna-tvrtke-k-bus-za-kapfenberg\/#primaryimage"},"thumbnailUrl":"https:\/\/k-bus.at\/wp-content\/uploads\/2026\/03\/Muerztaler-scaled.jpg","articleSection":["Nekategorizirano"],"inLanguage":"hr-HR"},{"@type":"WebPage","@id":"https:\/\/k-bus.at\/hr\/prvi-elektricni-autobus-novog-dizajna-tvrtke-k-bus-za-kapfenberg\/","url":"https:\/\/k-bus.at\/hr\/prvi-elektricni-autobus-novog-dizajna-tvrtke-k-bus-za-kapfenberg\/","name":"Prvi elektri\u010dni autobus novog dizajna tvrtke K-BUS za Kapfenberg - K-Bus","isPartOf":{"@id":"https:\/\/k-bus.at\/hr\/#website"},"primaryImageOfPage":{"@id":"https:\/\/k-bus.at\/hr\/prvi-elektricni-autobus-novog-dizajna-tvrtke-k-bus-za-kapfenberg\/#primaryimage"},"image":{"@id":"https:\/\/k-bus.at\/hr\/prvi-elektricni-autobus-novog-dizajna-tvrtke-k-bus-za-kapfenberg\/#primaryimage"},"thumbnailUrl":"https:\/\/k-bus.at\/wp-content\/uploads\/2026\/03\/Muerztaler-scaled.jpg","datePublished":"2026-07-02T07:38:34+00:00","author":{"@id":"https:\/\/k-bus.at\/hr\/#\/schema\/person\/b79a4f67da3db34c482fb3becd6e4245"},"breadcrumb":{"@id":"https:\/\/k-bus.at\/hr\/prvi-elektricni-autobus-novog-dizajna-tvrtke-k-bus-za-kapfenberg\/#breadcrumb"},"inLanguage":"hr-HR","potentialAction":[{"@type":"ReadAction","target":["https:\/\/k-bus.at\/hr\/prvi-elektricni-autobus-novog-dizajna-tvrtke-k-bus-za-kapfenberg\/"]}]},{"@type":"ImageObject","inLanguage":"hr-HR","@id":"https:\/\/k-bus.at\/hr\/prvi-elektricni-autobus-novog-dizajna-tvrtke-k-bus-za-kapfenberg\/#primaryimage","url":"https:\/\/k-bus.at\/wp-content\/uploads\/2026\/03\/Muerztaler-scaled.jpg","contentUrl":"https:\/\/k-bus.at\/wp-content\/uploads\/2026\/03\/Muerztaler-scaled.jpg","width":2560,"height":1920},{"@type":"BreadcrumbList","@id":"https:\/\/k-bus.at\/hr\/prvi-elektricni-autobus-novog-dizajna-tvrtke-k-bus-za-kapfenberg\/#breadcrumb","itemListElement":[{"@type":"ListItem","position":1,"name":"Startseite","item":"https:\/\/k-bus.at\/hr\/k-bus-gmbh\/"},{"@type":"ListItem","position":2,"name":"Prvi elektri\u010dni autobus novog dizajna tvrtke K-BUS za Kapfenberg"}]},{"@type":"WebSite","@id":"https:\/\/k-bus.at\/hr\/#website","url":"https:\/\/k-bus.at\/hr\/","name":"K-Bus","description":"Smart Mobility","potentialAction":[{"@type":"SearchAction","target":{"@type":"EntryPoint","urlTemplate":"https:\/\/k-bus.at\/hr\/?s={search_term_string}"},"query-input":{"@type":"PropertyValueSpecification","valueRequired":true,"valueName":"search_term_string"}}],"inLanguage":"hr-HR"},{"@type":"Person","@id":"https:\/\/k-bus.at\/hr\/#\/schema\/person\/b79a4f67da3db34c482fb3becd6e4245","name":"Andrea Pirecki","image":{"@type":"ImageObject","inLanguage":"hr-HR","@id":"https:\/\/secure.gravatar.com\/avatar\/5e7490fdafa64acbdd60eca8c45c7de318b19f18b275b5c3183eff64bd4dd9e8?s=96&d=mm&r=g","url":"https:\/\/secure.gravatar.com\/avatar\/5e7490fdafa64acbdd60eca8c45c7de318b19f18b275b5c3183eff64bd4dd9e8?s=96&d=mm&r=g","contentUrl":"https:\/\/secure.gravatar.com\/avatar\/5e7490fdafa64acbdd60eca8c45c7de318b19f18b275b5c3183eff64bd4dd9e8?s=96&d=mm&r=g","caption":"Andrea Pirecki"}}]}},"_links":{"self":[{"href":"https:\/\/k-bus.at\/hr\/wp-json\/wp\/v2\/posts\/16394","targetHints":{"allow":["GET"]}}],"collection":[{"href":"https:\/\/k-bus.at\/hr\/wp-json\/wp\/v2\/posts"}],"about":[{"href":"https:\/\/k-bus.at\/hr\/wp-json\/wp\/v2\/types\/post"}],"author":[{"embeddable":true,"href":"https:\/\/k-bus.at\/hr\/wp-json\/wp\/v2\/users\/3"}],"replies":[{"embeddable":true,"href":"https:\/\/k-bus.at\/hr\/wp-json\/wp\/v2\/comments?post=16394"}],"version-history":[{"count":0,"href":"https:\/\/k-bus.at\/hr\/wp-json\/wp\/v2\/posts\/16394\/revisions"}],"wp:featuredmedia":[{"embeddable":true,"href":"https:\/\/k-bus.at\/hr\/wp-json\/wp\/v2\/media\/2382"}],"wp:attachment":[{"href":"https:\/\/k-bus.at\/hr\/wp-json\/wp\/v2\/media?parent=16394"}],"wp:term":[{"taxonomy":"category","embeddable":true,"href":"https:\/\/k-bus.at\/hr\/wp-json\/wp\/v2\/categories?post=16394"},{"taxonomy":"post_tag","embeddable":true,"href":"https:\/\/k-bus.at\/hr\/wp-json\/wp\/v2\/tags?post=16394"}],"curies":[{"name":"wp","href":"https:\/\/api.w.org\/{rel}","templated":true}]}}