{"id":16464,"date":"2026-07-02T09:39:22","date_gmt":"2026-07-02T07:39:22","guid":{"rendered":"https:\/\/adiznctb3b.wpdns.site\/a-k-bus-elinditja-innsbruck-elso-teljesen-elektromos-buszjaratat\/"},"modified":"2026-07-02T09:39:22","modified_gmt":"2026-07-02T07:39:22","slug":"a-k-bus-elinditja-innsbruck-elso-teljesen-elektromos-buszjaratat","status":"publish","type":"post","link":"https:\/\/k-bus.at\/hu\/a-k-bus-elinditja-innsbruck-elso-teljesen-elektromos-buszjaratat\/","title":{"rendered":"A K-BUS elind\u00edtja Innsbruck els\u0151 teljesen elektromos buszj\u00e1rat\u00e1t"},"content":{"rendered":"<p data-start=\"167\" data-end=\"549\">Az els\u0151, teljes m\u00e9rt\u00e9kben elektromos meghajt\u00e1s\u00fa buszj\u00e1rat bevezet\u00e9s\u00e9vel Innsbruckban k\u00f6vetkezetesen folytat\u00f3dik a fenntarthat\u00f3 mobilit\u00e1s fejleszt\u00e9se. Az \u00faj D vonalon a K-Bus modern elektromos minibuszai k\u00f6zlekednek, amelyeket kifejezetten v\u00e1rosi haszn\u00e1latra, sz\u0171k utc\u00e1kra terveztek, \u00e9s amelyek hat\u00f3t\u00e1vols\u00e1ga k\u00f6r\u00fclbel\u00fcl 150 kilom\u00e9ter. <\/p>\n<p data-start=\"551\" data-end=\"776\">Az \u00faj vonal els\u0151sorban az Arzl \u00e9s M\u00fchlau v\u00e1rosr\u00e9szek k\u00f6zleked\u00e9si \u00f6sszek\u00f6ttet\u00e9s\u00e9t jav\u00edtja, \u00e9s egy\u00fattal fontos l\u00e9p\u00e9st jelent a kibocs\u00e1t\u00e1smentes t\u00f6megk\u00f6zleked\u00e9s fel\u00e9.<\/p>\n<p data-start=\"778\" data-end=\"992\">A projektr\u0151l a region\u00e1lis \u00fajs\u00e1g is besz\u00e1mol <span class=\"hover:entity-accent entity-underline inline cursor-pointer align-baseline\"><span class=\"whitespace-normal\">MeinBezirk<\/span><\/span><strong data-start=\"879\" data-end=\"937\">\u201eInnsbruck els\u0151 teljesen elektromos buszj\u00e1rat\u201d<\/strong> c\u00edm\u0171 cikk\u00e9ben, amelynek szerz\u0151je <span class=\"hover:entity-accent entity-underline inline cursor-pointer align-baseline\"><span class=\"whitespace-normal\">Pascal Pali<\/span><\/span>.<\/p>\n<p data-start=\"994\" data-end=\"1153\">A teljes cikket itt tal\u00e1lja:<br data-start=\"1039\" data-end=\"1042\"\/><a class=\"decorated-link\" href=\"https:\/\/www.meinbezirk.at\/innsbruck\/c-lokales\/erste-vollstaendig-elektrische-buslinie-fuer-innsbruck_a7871915\" target=\"_new\" rel=\"noopener\" data-start=\"1042\" data-end=\"1151\">https:\/\/www.meinbezirk.at\/innsbruck\/c-lokales\/erste-vollstaendig-elektrische-buslinie-fuer-innsbruck_a7871915<\/a><\/p>\n","protected":false},"excerpt":{"rendered":"<p>Az els\u0151, teljes m\u00e9rt\u00e9kben elektromos meghajt\u00e1s\u00fa buszj\u00e1rat bevezet\u00e9s\u00e9vel Innsbruckban k\u00f6vetkezetesen folytat\u00f3dik a fenntarthat\u00f3 mobilit\u00e1s fejleszt\u00e9se. Az \u00faj D vonalon a<\/p>\n","protected":false},"author":3,"featured_media":2360,"comment_status":"closed","ping_status":"closed","sticky":false,"template":"","format":"standard","meta":{"_acf_changed":false,"footnotes":""},"categories":[139],"tags":[],"class_list":["post-16464","post","type-post","status-publish","format-standard","has-post-thumbnail","hentry","category-nicht-kategorisiert"],"acf":[],"yoast_head":"<!-- This site is optimized with the Yoast SEO plugin v28.0 - https:\/\/yoast.com\/product\/yoast-seo-wordpress\/ -->\n<title>A K-BUS elind\u00edtja Innsbruck els\u0151 teljesen elektromos buszj\u00e1rat\u00e1t - K-Bus<\/title>\n<meta name=\"robots\" content=\"index, follow, max-snippet:-1, max-image-preview:large, max-video-preview:-1\" \/>\n<link rel=\"canonical\" href=\"https:\/\/k-bus.at\/hu\/a-k-bus-elinditja-innsbruck-elso-teljesen-elektromos-buszjaratat\/\" \/>\n<meta property=\"og:locale\" content=\"hu_HU\" \/>\n<meta property=\"og:type\" content=\"article\" \/>\n<meta property=\"og:title\" content=\"A K-BUS elind\u00edtja Innsbruck els\u0151 teljesen elektromos buszj\u00e1rat\u00e1t - K-Bus\" \/>\n<meta property=\"og:description\" content=\"Az els\u0151, teljes m\u00e9rt\u00e9kben elektromos meghajt\u00e1s\u00fa buszj\u00e1rat bevezet\u00e9s\u00e9vel Innsbruckban k\u00f6vetkezetesen folytat\u00f3dik a fenntarthat\u00f3 mobilit\u00e1s fejleszt\u00e9se. Az \u00faj D vonalon a\" \/>\n<meta property=\"og:url\" content=\"https:\/\/k-bus.at\/hu\/a-k-bus-elinditja-innsbruck-elso-teljesen-elektromos-buszjaratat\/\" \/>\n<meta property=\"og:site_name\" content=\"K-Bus\" \/>\n<meta property=\"article:published_time\" content=\"2026-07-02T07:39:22+00:00\" \/>\n<meta property=\"og:image\" content=\"https:\/\/k-bus.at\/wp-content\/uploads\/2026\/04\/20251112_071301.jpg\" \/>\n\t<meta property=\"og:image:width\" content=\"1280\" \/>\n\t<meta property=\"og:image:height\" content=\"960\" \/>\n\t<meta property=\"og:image:type\" content=\"image\/jpeg\" \/>\n<meta name=\"author\" content=\"Andrea Pirecki\" \/>\n<meta name=\"twitter:card\" content=\"summary_large_image\" \/>\n<meta name=\"twitter:label1\" content=\"Szerz\u0151:\" \/>\n\t<meta name=\"twitter:data1\" content=\"Andrea Pirecki\" \/>\n\t<meta name=\"twitter:label2\" content=\"Becs\u00fclt olvas\u00e1si id\u0151\" \/>\n\t<meta name=\"twitter:data2\" content=\"1 perc\" \/>\n<script type=\"application\/ld+json\" class=\"yoast-schema-graph\">{\"@context\":\"https:\\\/\\\/schema.org\",\"@graph\":[{\"@type\":\"Article\",\"@id\":\"https:\\\/\\\/k-bus.at\\\/hu\\\/a-k-bus-elinditja-innsbruck-elso-teljesen-elektromos-buszjaratat\\\/#article\",\"isPartOf\":{\"@id\":\"https:\\\/\\\/k-bus.at\\\/hu\\\/a-k-bus-elinditja-innsbruck-elso-teljesen-elektromos-buszjaratat\\\/\"},\"author\":{\"name\":\"Andrea Pirecki\",\"@id\":\"https:\\\/\\\/k-bus.at\\\/hu\\\/#\\\/schema\\\/person\\\/b79a4f67da3db34c482fb3becd6e4245\"},\"headline\":\"A K-BUS elind\u00edtja Innsbruck els\u0151 teljesen elektromos buszj\u00e1rat\u00e1t\",\"datePublished\":\"2026-07-02T07:39:22+00:00\",\"mainEntityOfPage\":{\"@id\":\"https:\\\/\\\/k-bus.at\\\/hu\\\/a-k-bus-elinditja-innsbruck-elso-teljesen-elektromos-buszjaratat\\\/\"},\"wordCount\":150,\"image\":{\"@id\":\"https:\\\/\\\/k-bus.at\\\/hu\\\/a-k-bus-elinditja-innsbruck-elso-teljesen-elektromos-buszjaratat\\\/#primaryimage\"},\"thumbnailUrl\":\"https:\\\/\\\/k-bus.at\\\/wp-content\\\/uploads\\\/2026\\\/04\\\/20251112_071301.jpg\",\"articleSection\":[\"Nicht kategorisiert\"],\"inLanguage\":\"hu\"},{\"@type\":\"WebPage\",\"@id\":\"https:\\\/\\\/k-bus.at\\\/hu\\\/a-k-bus-elinditja-innsbruck-elso-teljesen-elektromos-buszjaratat\\\/\",\"url\":\"https:\\\/\\\/k-bus.at\\\/hu\\\/a-k-bus-elinditja-innsbruck-elso-teljesen-elektromos-buszjaratat\\\/\",\"name\":\"A K-BUS elind\u00edtja Innsbruck els\u0151 teljesen elektromos buszj\u00e1rat\u00e1t - K-Bus\",\"isPartOf\":{\"@id\":\"https:\\\/\\\/k-bus.at\\\/hu\\\/#website\"},\"primaryImageOfPage\":{\"@id\":\"https:\\\/\\\/k-bus.at\\\/hu\\\/a-k-bus-elinditja-innsbruck-elso-teljesen-elektromos-buszjaratat\\\/#primaryimage\"},\"image\":{\"@id\":\"https:\\\/\\\/k-bus.at\\\/hu\\\/a-k-bus-elinditja-innsbruck-elso-teljesen-elektromos-buszjaratat\\\/#primaryimage\"},\"thumbnailUrl\":\"https:\\\/\\\/k-bus.at\\\/wp-content\\\/uploads\\\/2026\\\/04\\\/20251112_071301.jpg\",\"datePublished\":\"2026-07-02T07:39:22+00:00\",\"author\":{\"@id\":\"https:\\\/\\\/k-bus.at\\\/hu\\\/#\\\/schema\\\/person\\\/b79a4f67da3db34c482fb3becd6e4245\"},\"breadcrumb\":{\"@id\":\"https:\\\/\\\/k-bus.at\\\/hu\\\/a-k-bus-elinditja-innsbruck-elso-teljesen-elektromos-buszjaratat\\\/#breadcrumb\"},\"inLanguage\":\"hu\",\"potentialAction\":[{\"@type\":\"ReadAction\",\"target\":[\"https:\\\/\\\/k-bus.at\\\/hu\\\/a-k-bus-elinditja-innsbruck-elso-teljesen-elektromos-buszjaratat\\\/\"]}]},{\"@type\":\"ImageObject\",\"inLanguage\":\"hu\",\"@id\":\"https:\\\/\\\/k-bus.at\\\/hu\\\/a-k-bus-elinditja-innsbruck-elso-teljesen-elektromos-buszjaratat\\\/#primaryimage\",\"url\":\"https:\\\/\\\/k-bus.at\\\/wp-content\\\/uploads\\\/2026\\\/04\\\/20251112_071301.jpg\",\"contentUrl\":\"https:\\\/\\\/k-bus.at\\\/wp-content\\\/uploads\\\/2026\\\/04\\\/20251112_071301.jpg\",\"width\":1280,\"height\":960,\"caption\":\"KBus-Kutsenits\"},{\"@type\":\"BreadcrumbList\",\"@id\":\"https:\\\/\\\/k-bus.at\\\/hu\\\/a-k-bus-elinditja-innsbruck-elso-teljesen-elektromos-buszjaratat\\\/#breadcrumb\",\"itemListElement\":[{\"@type\":\"ListItem\",\"position\":1,\"name\":\"Startseite\",\"item\":\"https:\\\/\\\/k-bus.at\\\/hu\\\/k-bus-kft\\\/\"},{\"@type\":\"ListItem\",\"position\":2,\"name\":\"A K-BUS elind\u00edtja Innsbruck els\u0151 teljesen elektromos buszj\u00e1rat\u00e1t\"}]},{\"@type\":\"WebSite\",\"@id\":\"https:\\\/\\\/k-bus.at\\\/hu\\\/#website\",\"url\":\"https:\\\/\\\/k-bus.at\\\/hu\\\/\",\"name\":\"K-Bus\",\"description\":\"Smart Mobility\",\"potentialAction\":[{\"@type\":\"SearchAction\",\"target\":{\"@type\":\"EntryPoint\",\"urlTemplate\":\"https:\\\/\\\/k-bus.at\\\/hu\\\/?s={search_term_string}\"},\"query-input\":{\"@type\":\"PropertyValueSpecification\",\"valueRequired\":true,\"valueName\":\"search_term_string\"}}],\"inLanguage\":\"hu\"},{\"@type\":\"Person\",\"@id\":\"https:\\\/\\\/k-bus.at\\\/hu\\\/#\\\/schema\\\/person\\\/b79a4f67da3db34c482fb3becd6e4245\",\"name\":\"Andrea Pirecki\",\"image\":{\"@type\":\"ImageObject\",\"inLanguage\":\"hu\",\"@id\":\"https:\\\/\\\/secure.gravatar.com\\\/avatar\\\/5e7490fdafa64acbdd60eca8c45c7de318b19f18b275b5c3183eff64bd4dd9e8?s=96&d=mm&r=g\",\"url\":\"https:\\\/\\\/secure.gravatar.com\\\/avatar\\\/5e7490fdafa64acbdd60eca8c45c7de318b19f18b275b5c3183eff64bd4dd9e8?s=96&d=mm&r=g\",\"contentUrl\":\"https:\\\/\\\/secure.gravatar.com\\\/avatar\\\/5e7490fdafa64acbdd60eca8c45c7de318b19f18b275b5c3183eff64bd4dd9e8?s=96&d=mm&r=g\",\"caption\":\"Andrea Pirecki\"}}]}<\/script>\n<!-- \/ Yoast SEO plugin. -->","yoast_head_json":{"title":"A K-BUS elind\u00edtja Innsbruck els\u0151 teljesen elektromos buszj\u00e1rat\u00e1t - K-Bus","robots":{"index":"index","follow":"follow","max-snippet":"max-snippet:-1","max-image-preview":"max-image-preview:large","max-video-preview":"max-video-preview:-1"},"canonical":"https:\/\/k-bus.at\/hu\/a-k-bus-elinditja-innsbruck-elso-teljesen-elektromos-buszjaratat\/","og_locale":"hu_HU","og_type":"article","og_title":"A K-BUS elind\u00edtja Innsbruck els\u0151 teljesen elektromos buszj\u00e1rat\u00e1t - K-Bus","og_description":"Az els\u0151, teljes m\u00e9rt\u00e9kben elektromos meghajt\u00e1s\u00fa buszj\u00e1rat bevezet\u00e9s\u00e9vel Innsbruckban k\u00f6vetkezetesen folytat\u00f3dik a fenntarthat\u00f3 mobilit\u00e1s fejleszt\u00e9se. Az \u00faj D vonalon a","og_url":"https:\/\/k-bus.at\/hu\/a-k-bus-elinditja-innsbruck-elso-teljesen-elektromos-buszjaratat\/","og_site_name":"K-Bus","article_published_time":"2026-07-02T07:39:22+00:00","og_image":[{"width":1280,"height":960,"url":"https:\/\/k-bus.at\/wp-content\/uploads\/2026\/04\/20251112_071301.jpg","type":"image\/jpeg"}],"author":"Andrea Pirecki","twitter_card":"summary_large_image","twitter_misc":{"Szerz\u0151:":"Andrea Pirecki","Becs\u00fclt olvas\u00e1si id\u0151":"1 perc"},"schema":{"@context":"https:\/\/schema.org","@graph":[{"@type":"Article","@id":"https:\/\/k-bus.at\/hu\/a-k-bus-elinditja-innsbruck-elso-teljesen-elektromos-buszjaratat\/#article","isPartOf":{"@id":"https:\/\/k-bus.at\/hu\/a-k-bus-elinditja-innsbruck-elso-teljesen-elektromos-buszjaratat\/"},"author":{"name":"Andrea Pirecki","@id":"https:\/\/k-bus.at\/hu\/#\/schema\/person\/b79a4f67da3db34c482fb3becd6e4245"},"headline":"A K-BUS elind\u00edtja Innsbruck els\u0151 teljesen elektromos buszj\u00e1rat\u00e1t","datePublished":"2026-07-02T07:39:22+00:00","mainEntityOfPage":{"@id":"https:\/\/k-bus.at\/hu\/a-k-bus-elinditja-innsbruck-elso-teljesen-elektromos-buszjaratat\/"},"wordCount":150,"image":{"@id":"https:\/\/k-bus.at\/hu\/a-k-bus-elinditja-innsbruck-elso-teljesen-elektromos-buszjaratat\/#primaryimage"},"thumbnailUrl":"https:\/\/k-bus.at\/wp-content\/uploads\/2026\/04\/20251112_071301.jpg","articleSection":["Nicht kategorisiert"],"inLanguage":"hu"},{"@type":"WebPage","@id":"https:\/\/k-bus.at\/hu\/a-k-bus-elinditja-innsbruck-elso-teljesen-elektromos-buszjaratat\/","url":"https:\/\/k-bus.at\/hu\/a-k-bus-elinditja-innsbruck-elso-teljesen-elektromos-buszjaratat\/","name":"A K-BUS elind\u00edtja Innsbruck els\u0151 teljesen elektromos buszj\u00e1rat\u00e1t - K-Bus","isPartOf":{"@id":"https:\/\/k-bus.at\/hu\/#website"},"primaryImageOfPage":{"@id":"https:\/\/k-bus.at\/hu\/a-k-bus-elinditja-innsbruck-elso-teljesen-elektromos-buszjaratat\/#primaryimage"},"image":{"@id":"https:\/\/k-bus.at\/hu\/a-k-bus-elinditja-innsbruck-elso-teljesen-elektromos-buszjaratat\/#primaryimage"},"thumbnailUrl":"https:\/\/k-bus.at\/wp-content\/uploads\/2026\/04\/20251112_071301.jpg","datePublished":"2026-07-02T07:39:22+00:00","author":{"@id":"https:\/\/k-bus.at\/hu\/#\/schema\/person\/b79a4f67da3db34c482fb3becd6e4245"},"breadcrumb":{"@id":"https:\/\/k-bus.at\/hu\/a-k-bus-elinditja-innsbruck-elso-teljesen-elektromos-buszjaratat\/#breadcrumb"},"inLanguage":"hu","potentialAction":[{"@type":"ReadAction","target":["https:\/\/k-bus.at\/hu\/a-k-bus-elinditja-innsbruck-elso-teljesen-elektromos-buszjaratat\/"]}]},{"@type":"ImageObject","inLanguage":"hu","@id":"https:\/\/k-bus.at\/hu\/a-k-bus-elinditja-innsbruck-elso-teljesen-elektromos-buszjaratat\/#primaryimage","url":"https:\/\/k-bus.at\/wp-content\/uploads\/2026\/04\/20251112_071301.jpg","contentUrl":"https:\/\/k-bus.at\/wp-content\/uploads\/2026\/04\/20251112_071301.jpg","width":1280,"height":960,"caption":"KBus-Kutsenits"},{"@type":"BreadcrumbList","@id":"https:\/\/k-bus.at\/hu\/a-k-bus-elinditja-innsbruck-elso-teljesen-elektromos-buszjaratat\/#breadcrumb","itemListElement":[{"@type":"ListItem","position":1,"name":"Startseite","item":"https:\/\/k-bus.at\/hu\/k-bus-kft\/"},{"@type":"ListItem","position":2,"name":"A K-BUS elind\u00edtja Innsbruck els\u0151 teljesen elektromos buszj\u00e1rat\u00e1t"}]},{"@type":"WebSite","@id":"https:\/\/k-bus.at\/hu\/#website","url":"https:\/\/k-bus.at\/hu\/","name":"K-Bus","description":"Smart Mobility","potentialAction":[{"@type":"SearchAction","target":{"@type":"EntryPoint","urlTemplate":"https:\/\/k-bus.at\/hu\/?s={search_term_string}"},"query-input":{"@type":"PropertyValueSpecification","valueRequired":true,"valueName":"search_term_string"}}],"inLanguage":"hu"},{"@type":"Person","@id":"https:\/\/k-bus.at\/hu\/#\/schema\/person\/b79a4f67da3db34c482fb3becd6e4245","name":"Andrea Pirecki","image":{"@type":"ImageObject","inLanguage":"hu","@id":"https:\/\/secure.gravatar.com\/avatar\/5e7490fdafa64acbdd60eca8c45c7de318b19f18b275b5c3183eff64bd4dd9e8?s=96&d=mm&r=g","url":"https:\/\/secure.gravatar.com\/avatar\/5e7490fdafa64acbdd60eca8c45c7de318b19f18b275b5c3183eff64bd4dd9e8?s=96&d=mm&r=g","contentUrl":"https:\/\/secure.gravatar.com\/avatar\/5e7490fdafa64acbdd60eca8c45c7de318b19f18b275b5c3183eff64bd4dd9e8?s=96&d=mm&r=g","caption":"Andrea Pirecki"}}]}},"_links":{"self":[{"href":"https:\/\/k-bus.at\/hu\/wp-json\/wp\/v2\/posts\/16464","targetHints":{"allow":["GET"]}}],"collection":[{"href":"https:\/\/k-bus.at\/hu\/wp-json\/wp\/v2\/posts"}],"about":[{"href":"https:\/\/k-bus.at\/hu\/wp-json\/wp\/v2\/types\/post"}],"author":[{"embeddable":true,"href":"https:\/\/k-bus.at\/hu\/wp-json\/wp\/v2\/users\/3"}],"replies":[{"embeddable":true,"href":"https:\/\/k-bus.at\/hu\/wp-json\/wp\/v2\/comments?post=16464"}],"version-history":[{"count":0,"href":"https:\/\/k-bus.at\/hu\/wp-json\/wp\/v2\/posts\/16464\/revisions"}],"wp:featuredmedia":[{"embeddable":true,"href":"https:\/\/k-bus.at\/hu\/wp-json\/wp\/v2\/media\/2360"}],"wp:attachment":[{"href":"https:\/\/k-bus.at\/hu\/wp-json\/wp\/v2\/media?parent=16464"}],"wp:term":[{"taxonomy":"category","embeddable":true,"href":"https:\/\/k-bus.at\/hu\/wp-json\/wp\/v2\/categories?post=16464"},{"taxonomy":"post_tag","embeddable":true,"href":"https:\/\/k-bus.at\/hu\/wp-json\/wp\/v2\/tags?post=16464"}],"curies":[{"name":"wp","href":"https:\/\/api.w.org\/{rel}","templated":true}]}}