{"id":16474,"date":"2026-07-02T09:39:27","date_gmt":"2026-07-02T07:39:27","guid":{"rendered":"https:\/\/adiznctb3b.wpdns.site\/a-k-bus-tovabbi-elektromos-buszai-erositik-a-fenntarthato-mobilitast-leobenben\/"},"modified":"2026-07-02T09:39:27","modified_gmt":"2026-07-02T07:39:27","slug":"a-k-bus-tovabbi-elektromos-buszai-erositik-a-fenntarthato-mobilitast-leobenben","status":"publish","type":"post","link":"https:\/\/k-bus.at\/hu\/a-k-bus-tovabbi-elektromos-buszai-erositik-a-fenntarthato-mobilitast-leobenben\/","title":{"rendered":"A K-BUS tov\u00e1bbi elektromos buszai er\u0151s\u00edtik a fenntarthat\u00f3 mobilit\u00e1st Leobenben"},"content":{"rendered":"<p data-start=\"200\" data-end=\"584\">A leobeni t\u00f6megk\u00f6zleked\u00e9s elektromos \u00e1t\u00e1ll\u00e1sa tov\u00e1bb halad. Az \u00faj elektromos buszok \u00e1tad\u00e1s\u00e1val Leobenben c\u00e9lzottan b\u0151v\u00fcl a Stadtwerke Leoben j\u00e1rm\u0171parkja. A modern j\u00e1rm\u0171vek a j\u00f6v\u0151ben mind a belv\u00e1rosi menetrend szerinti j\u00e1ratokon, mind az ig\u00e9ny szerinti buszj\u00e1rat-rendszerben k\u00f6zlekedni fognak. Ezzel jelent\u0151sen hozz\u00e1j\u00e1rulnak a r\u00e9gi\u00f3 fenntarthat\u00f3 mobilit\u00e1s\u00e1hoz.   <\/p>\n<p data-start=\"586\" data-end=\"782\">A MeinBezirk c\u00edm\u0171 region\u00e1lis \u00fajs\u00e1g is besz\u00e1mol err\u0151l a <strong data-start=\"488\" data-end=\"538\">\u201eA v\u00e1rosi k\u00f6zm\u0171vek elektromos j\u00e1rm\u0171flott\u00e1j\u00e1nak b\u0151v\u00edt\u00e9se\u201d<\/strong> c\u00edm\u0171 cikk\u00e9ben <strong data-start=\"488\" data-end=\"538\">.<\/strong> A cikk bemutatja, milyen jelent\u0151s\u00e9ggel b\u00edrnak az \u00faj elektromos buszok Leoben v\u00e1ros sz\u00e1m\u00e1ra. <\/p>\n<p data-start=\"904\" data-end=\"1051\">A teljes cikket itt tal\u00e1lja:<br data-start=\"949\" data-end=\"952\"\/><a class=\"decorated-link\" href=\"https:\/\/www.meinbezirk.at\/leoben\/c-lokales\/verstaerkung-der-e-flotte-bei-den-stadtwerken_a8515549\" target=\"_new\" rel=\"noopener\" data-start=\"952\" data-end=\"1049\">https:\/\/www.meinbezirk.at\/leoben\/c-lokales\/verstaerkung-der-e-flotte-bei-den-stadtwerken_a8515549<\/a><\/p>\n","protected":false},"excerpt":{"rendered":"<p>A leobeni t\u00f6megk\u00f6zleked\u00e9s elektromos \u00e1t\u00e1ll\u00e1sa tov\u00e1bb halad. Az \u00faj elektromos buszok \u00e1tad\u00e1s\u00e1val Leobenben c\u00e9lzottan b\u0151v\u00fcl a Stadtwerke Leoben j\u00e1rm\u0171parkja. A<\/p>\n","protected":false},"author":3,"featured_media":2327,"comment_status":"closed","ping_status":"closed","sticky":false,"template":"","format":"standard","meta":{"_acf_changed":false,"footnotes":""},"categories":[139],"tags":[],"class_list":["post-16474","post","type-post","status-publish","format-standard","has-post-thumbnail","hentry","category-nicht-kategorisiert"],"acf":[],"yoast_head":"<!-- This site is optimized with the Yoast SEO plugin v28.0 - https:\/\/yoast.com\/product\/yoast-seo-wordpress\/ -->\n<title>A K-BUS tov\u00e1bbi elektromos buszai er\u0151s\u00edtik a fenntarthat\u00f3 mobilit\u00e1st Leobenben - K-Bus<\/title>\n<meta name=\"robots\" content=\"index, follow, max-snippet:-1, max-image-preview:large, max-video-preview:-1\" \/>\n<link rel=\"canonical\" href=\"https:\/\/k-bus.at\/hu\/a-k-bus-tovabbi-elektromos-buszai-erositik-a-fenntarthato-mobilitast-leobenben\/\" \/>\n<meta property=\"og:locale\" content=\"hu_HU\" \/>\n<meta property=\"og:type\" content=\"article\" \/>\n<meta property=\"og:title\" content=\"A K-BUS tov\u00e1bbi elektromos buszai er\u0151s\u00edtik a fenntarthat\u00f3 mobilit\u00e1st Leobenben - K-Bus\" \/>\n<meta property=\"og:description\" content=\"A leobeni t\u00f6megk\u00f6zleked\u00e9s elektromos \u00e1t\u00e1ll\u00e1sa tov\u00e1bb halad. Az \u00faj elektromos buszok \u00e1tad\u00e1s\u00e1val Leobenben c\u00e9lzottan b\u0151v\u00fcl a Stadtwerke Leoben j\u00e1rm\u0171parkja. A\" \/>\n<meta property=\"og:url\" content=\"https:\/\/k-bus.at\/hu\/a-k-bus-tovabbi-elektromos-buszai-erositik-a-fenntarthato-mobilitast-leobenben\/\" \/>\n<meta property=\"og:site_name\" content=\"K-Bus\" \/>\n<meta property=\"article:published_time\" content=\"2026-07-02T07:39:27+00:00\" \/>\n<meta property=\"og:image\" content=\"https:\/\/k-bus.at\/wp-content\/uploads\/2026\/04\/20260310_1016140-scaled-e1775804841780.jpg\" \/>\n\t<meta property=\"og:image:width\" content=\"2560\" \/>\n\t<meta property=\"og:image:height\" content=\"1920\" \/>\n\t<meta property=\"og:image:type\" content=\"image\/jpeg\" \/>\n<meta name=\"author\" content=\"Andrea Pirecki\" \/>\n<meta name=\"twitter:card\" content=\"summary_large_image\" \/>\n<meta name=\"twitter:label1\" content=\"Szerz\u0151:\" \/>\n\t<meta name=\"twitter:data1\" content=\"Andrea Pirecki\" \/>\n\t<meta name=\"twitter:label2\" content=\"Becs\u00fclt olvas\u00e1si id\u0151\" \/>\n\t<meta name=\"twitter:data2\" content=\"1 perc\" \/>\n<script type=\"application\/ld+json\" class=\"yoast-schema-graph\">{\"@context\":\"https:\\\/\\\/schema.org\",\"@graph\":[{\"@type\":\"Article\",\"@id\":\"https:\\\/\\\/k-bus.at\\\/hu\\\/a-k-bus-tovabbi-elektromos-buszai-erositik-a-fenntarthato-mobilitast-leobenben\\\/#article\",\"isPartOf\":{\"@id\":\"https:\\\/\\\/k-bus.at\\\/hu\\\/a-k-bus-tovabbi-elektromos-buszai-erositik-a-fenntarthato-mobilitast-leobenben\\\/\"},\"author\":{\"name\":\"Andrea Pirecki\",\"@id\":\"https:\\\/\\\/k-bus.at\\\/hu\\\/#\\\/schema\\\/person\\\/b79a4f67da3db34c482fb3becd6e4245\"},\"headline\":\"A K-BUS tov\u00e1bbi elektromos buszai er\u0151s\u00edtik a fenntarthat\u00f3 mobilit\u00e1st Leobenben\",\"datePublished\":\"2026-07-02T07:39:27+00:00\",\"mainEntityOfPage\":{\"@id\":\"https:\\\/\\\/k-bus.at\\\/hu\\\/a-k-bus-tovabbi-elektromos-buszai-erositik-a-fenntarthato-mobilitast-leobenben\\\/\"},\"wordCount\":153,\"image\":{\"@id\":\"https:\\\/\\\/k-bus.at\\\/hu\\\/a-k-bus-tovabbi-elektromos-buszai-erositik-a-fenntarthato-mobilitast-leobenben\\\/#primaryimage\"},\"thumbnailUrl\":\"https:\\\/\\\/k-bus.at\\\/wp-content\\\/uploads\\\/2026\\\/04\\\/20260310_1016140-scaled.jpg\",\"articleSection\":[\"Nicht kategorisiert\"],\"inLanguage\":\"hu\"},{\"@type\":\"WebPage\",\"@id\":\"https:\\\/\\\/k-bus.at\\\/hu\\\/a-k-bus-tovabbi-elektromos-buszai-erositik-a-fenntarthato-mobilitast-leobenben\\\/\",\"url\":\"https:\\\/\\\/k-bus.at\\\/hu\\\/a-k-bus-tovabbi-elektromos-buszai-erositik-a-fenntarthato-mobilitast-leobenben\\\/\",\"name\":\"A K-BUS tov\u00e1bbi elektromos buszai er\u0151s\u00edtik a fenntarthat\u00f3 mobilit\u00e1st Leobenben - K-Bus\",\"isPartOf\":{\"@id\":\"https:\\\/\\\/k-bus.at\\\/hu\\\/#website\"},\"primaryImageOfPage\":{\"@id\":\"https:\\\/\\\/k-bus.at\\\/hu\\\/a-k-bus-tovabbi-elektromos-buszai-erositik-a-fenntarthato-mobilitast-leobenben\\\/#primaryimage\"},\"image\":{\"@id\":\"https:\\\/\\\/k-bus.at\\\/hu\\\/a-k-bus-tovabbi-elektromos-buszai-erositik-a-fenntarthato-mobilitast-leobenben\\\/#primaryimage\"},\"thumbnailUrl\":\"https:\\\/\\\/k-bus.at\\\/wp-content\\\/uploads\\\/2026\\\/04\\\/20260310_1016140-scaled.jpg\",\"datePublished\":\"2026-07-02T07:39:27+00:00\",\"author\":{\"@id\":\"https:\\\/\\\/k-bus.at\\\/hu\\\/#\\\/schema\\\/person\\\/b79a4f67da3db34c482fb3becd6e4245\"},\"breadcrumb\":{\"@id\":\"https:\\\/\\\/k-bus.at\\\/hu\\\/a-k-bus-tovabbi-elektromos-buszai-erositik-a-fenntarthato-mobilitast-leobenben\\\/#breadcrumb\"},\"inLanguage\":\"hu\",\"potentialAction\":[{\"@type\":\"ReadAction\",\"target\":[\"https:\\\/\\\/k-bus.at\\\/hu\\\/a-k-bus-tovabbi-elektromos-buszai-erositik-a-fenntarthato-mobilitast-leobenben\\\/\"]}]},{\"@type\":\"ImageObject\",\"inLanguage\":\"hu\",\"@id\":\"https:\\\/\\\/k-bus.at\\\/hu\\\/a-k-bus-tovabbi-elektromos-buszai-erositik-a-fenntarthato-mobilitast-leobenben\\\/#primaryimage\",\"url\":\"https:\\\/\\\/k-bus.at\\\/wp-content\\\/uploads\\\/2026\\\/04\\\/20260310_1016140-scaled.jpg\",\"contentUrl\":\"https:\\\/\\\/k-bus.at\\\/wp-content\\\/uploads\\\/2026\\\/04\\\/20260310_1016140-scaled.jpg\",\"width\":2560,\"height\":1920,\"caption\":\"KBus-Kutsenits\"},{\"@type\":\"BreadcrumbList\",\"@id\":\"https:\\\/\\\/k-bus.at\\\/hu\\\/a-k-bus-tovabbi-elektromos-buszai-erositik-a-fenntarthato-mobilitast-leobenben\\\/#breadcrumb\",\"itemListElement\":[{\"@type\":\"ListItem\",\"position\":1,\"name\":\"Startseite\",\"item\":\"https:\\\/\\\/k-bus.at\\\/hu\\\/k-bus-kft\\\/\"},{\"@type\":\"ListItem\",\"position\":2,\"name\":\"A K-BUS tov\u00e1bbi elektromos buszai er\u0151s\u00edtik a fenntarthat\u00f3 mobilit\u00e1st Leobenben\"}]},{\"@type\":\"WebSite\",\"@id\":\"https:\\\/\\\/k-bus.at\\\/hu\\\/#website\",\"url\":\"https:\\\/\\\/k-bus.at\\\/hu\\\/\",\"name\":\"K-Bus\",\"description\":\"Smart Mobility\",\"potentialAction\":[{\"@type\":\"SearchAction\",\"target\":{\"@type\":\"EntryPoint\",\"urlTemplate\":\"https:\\\/\\\/k-bus.at\\\/hu\\\/?s={search_term_string}\"},\"query-input\":{\"@type\":\"PropertyValueSpecification\",\"valueRequired\":true,\"valueName\":\"search_term_string\"}}],\"inLanguage\":\"hu\"},{\"@type\":\"Person\",\"@id\":\"https:\\\/\\\/k-bus.at\\\/hu\\\/#\\\/schema\\\/person\\\/b79a4f67da3db34c482fb3becd6e4245\",\"name\":\"Andrea Pirecki\",\"image\":{\"@type\":\"ImageObject\",\"inLanguage\":\"hu\",\"@id\":\"https:\\\/\\\/secure.gravatar.com\\\/avatar\\\/5e7490fdafa64acbdd60eca8c45c7de318b19f18b275b5c3183eff64bd4dd9e8?s=96&d=mm&r=g\",\"url\":\"https:\\\/\\\/secure.gravatar.com\\\/avatar\\\/5e7490fdafa64acbdd60eca8c45c7de318b19f18b275b5c3183eff64bd4dd9e8?s=96&d=mm&r=g\",\"contentUrl\":\"https:\\\/\\\/secure.gravatar.com\\\/avatar\\\/5e7490fdafa64acbdd60eca8c45c7de318b19f18b275b5c3183eff64bd4dd9e8?s=96&d=mm&r=g\",\"caption\":\"Andrea Pirecki\"}}]}<\/script>\n<!-- \/ Yoast SEO plugin. -->","yoast_head_json":{"title":"A K-BUS tov\u00e1bbi elektromos buszai er\u0151s\u00edtik a fenntarthat\u00f3 mobilit\u00e1st Leobenben - K-Bus","robots":{"index":"index","follow":"follow","max-snippet":"max-snippet:-1","max-image-preview":"max-image-preview:large","max-video-preview":"max-video-preview:-1"},"canonical":"https:\/\/k-bus.at\/hu\/a-k-bus-tovabbi-elektromos-buszai-erositik-a-fenntarthato-mobilitast-leobenben\/","og_locale":"hu_HU","og_type":"article","og_title":"A K-BUS tov\u00e1bbi elektromos buszai er\u0151s\u00edtik a fenntarthat\u00f3 mobilit\u00e1st Leobenben - K-Bus","og_description":"A leobeni t\u00f6megk\u00f6zleked\u00e9s elektromos \u00e1t\u00e1ll\u00e1sa tov\u00e1bb halad. Az \u00faj elektromos buszok \u00e1tad\u00e1s\u00e1val Leobenben c\u00e9lzottan b\u0151v\u00fcl a Stadtwerke Leoben j\u00e1rm\u0171parkja. A","og_url":"https:\/\/k-bus.at\/hu\/a-k-bus-tovabbi-elektromos-buszai-erositik-a-fenntarthato-mobilitast-leobenben\/","og_site_name":"K-Bus","article_published_time":"2026-07-02T07:39:27+00:00","og_image":[{"width":2560,"height":1920,"url":"https:\/\/k-bus.at\/wp-content\/uploads\/2026\/04\/20260310_1016140-scaled-e1775804841780.jpg","type":"image\/jpeg"}],"author":"Andrea Pirecki","twitter_card":"summary_large_image","twitter_misc":{"Szerz\u0151:":"Andrea Pirecki","Becs\u00fclt olvas\u00e1si id\u0151":"1 perc"},"schema":{"@context":"https:\/\/schema.org","@graph":[{"@type":"Article","@id":"https:\/\/k-bus.at\/hu\/a-k-bus-tovabbi-elektromos-buszai-erositik-a-fenntarthato-mobilitast-leobenben\/#article","isPartOf":{"@id":"https:\/\/k-bus.at\/hu\/a-k-bus-tovabbi-elektromos-buszai-erositik-a-fenntarthato-mobilitast-leobenben\/"},"author":{"name":"Andrea Pirecki","@id":"https:\/\/k-bus.at\/hu\/#\/schema\/person\/b79a4f67da3db34c482fb3becd6e4245"},"headline":"A K-BUS tov\u00e1bbi elektromos buszai er\u0151s\u00edtik a fenntarthat\u00f3 mobilit\u00e1st Leobenben","datePublished":"2026-07-02T07:39:27+00:00","mainEntityOfPage":{"@id":"https:\/\/k-bus.at\/hu\/a-k-bus-tovabbi-elektromos-buszai-erositik-a-fenntarthato-mobilitast-leobenben\/"},"wordCount":153,"image":{"@id":"https:\/\/k-bus.at\/hu\/a-k-bus-tovabbi-elektromos-buszai-erositik-a-fenntarthato-mobilitast-leobenben\/#primaryimage"},"thumbnailUrl":"https:\/\/k-bus.at\/wp-content\/uploads\/2026\/04\/20260310_1016140-scaled.jpg","articleSection":["Nicht kategorisiert"],"inLanguage":"hu"},{"@type":"WebPage","@id":"https:\/\/k-bus.at\/hu\/a-k-bus-tovabbi-elektromos-buszai-erositik-a-fenntarthato-mobilitast-leobenben\/","url":"https:\/\/k-bus.at\/hu\/a-k-bus-tovabbi-elektromos-buszai-erositik-a-fenntarthato-mobilitast-leobenben\/","name":"A K-BUS tov\u00e1bbi elektromos buszai er\u0151s\u00edtik a fenntarthat\u00f3 mobilit\u00e1st Leobenben - K-Bus","isPartOf":{"@id":"https:\/\/k-bus.at\/hu\/#website"},"primaryImageOfPage":{"@id":"https:\/\/k-bus.at\/hu\/a-k-bus-tovabbi-elektromos-buszai-erositik-a-fenntarthato-mobilitast-leobenben\/#primaryimage"},"image":{"@id":"https:\/\/k-bus.at\/hu\/a-k-bus-tovabbi-elektromos-buszai-erositik-a-fenntarthato-mobilitast-leobenben\/#primaryimage"},"thumbnailUrl":"https:\/\/k-bus.at\/wp-content\/uploads\/2026\/04\/20260310_1016140-scaled.jpg","datePublished":"2026-07-02T07:39:27+00:00","author":{"@id":"https:\/\/k-bus.at\/hu\/#\/schema\/person\/b79a4f67da3db34c482fb3becd6e4245"},"breadcrumb":{"@id":"https:\/\/k-bus.at\/hu\/a-k-bus-tovabbi-elektromos-buszai-erositik-a-fenntarthato-mobilitast-leobenben\/#breadcrumb"},"inLanguage":"hu","potentialAction":[{"@type":"ReadAction","target":["https:\/\/k-bus.at\/hu\/a-k-bus-tovabbi-elektromos-buszai-erositik-a-fenntarthato-mobilitast-leobenben\/"]}]},{"@type":"ImageObject","inLanguage":"hu","@id":"https:\/\/k-bus.at\/hu\/a-k-bus-tovabbi-elektromos-buszai-erositik-a-fenntarthato-mobilitast-leobenben\/#primaryimage","url":"https:\/\/k-bus.at\/wp-content\/uploads\/2026\/04\/20260310_1016140-scaled.jpg","contentUrl":"https:\/\/k-bus.at\/wp-content\/uploads\/2026\/04\/20260310_1016140-scaled.jpg","width":2560,"height":1920,"caption":"KBus-Kutsenits"},{"@type":"BreadcrumbList","@id":"https:\/\/k-bus.at\/hu\/a-k-bus-tovabbi-elektromos-buszai-erositik-a-fenntarthato-mobilitast-leobenben\/#breadcrumb","itemListElement":[{"@type":"ListItem","position":1,"name":"Startseite","item":"https:\/\/k-bus.at\/hu\/k-bus-kft\/"},{"@type":"ListItem","position":2,"name":"A K-BUS tov\u00e1bbi elektromos buszai er\u0151s\u00edtik a fenntarthat\u00f3 mobilit\u00e1st Leobenben"}]},{"@type":"WebSite","@id":"https:\/\/k-bus.at\/hu\/#website","url":"https:\/\/k-bus.at\/hu\/","name":"K-Bus","description":"Smart Mobility","potentialAction":[{"@type":"SearchAction","target":{"@type":"EntryPoint","urlTemplate":"https:\/\/k-bus.at\/hu\/?s={search_term_string}"},"query-input":{"@type":"PropertyValueSpecification","valueRequired":true,"valueName":"search_term_string"}}],"inLanguage":"hu"},{"@type":"Person","@id":"https:\/\/k-bus.at\/hu\/#\/schema\/person\/b79a4f67da3db34c482fb3becd6e4245","name":"Andrea Pirecki","image":{"@type":"ImageObject","inLanguage":"hu","@id":"https:\/\/secure.gravatar.com\/avatar\/5e7490fdafa64acbdd60eca8c45c7de318b19f18b275b5c3183eff64bd4dd9e8?s=96&d=mm&r=g","url":"https:\/\/secure.gravatar.com\/avatar\/5e7490fdafa64acbdd60eca8c45c7de318b19f18b275b5c3183eff64bd4dd9e8?s=96&d=mm&r=g","contentUrl":"https:\/\/secure.gravatar.com\/avatar\/5e7490fdafa64acbdd60eca8c45c7de318b19f18b275b5c3183eff64bd4dd9e8?s=96&d=mm&r=g","caption":"Andrea Pirecki"}}]}},"_links":{"self":[{"href":"https:\/\/k-bus.at\/hu\/wp-json\/wp\/v2\/posts\/16474","targetHints":{"allow":["GET"]}}],"collection":[{"href":"https:\/\/k-bus.at\/hu\/wp-json\/wp\/v2\/posts"}],"about":[{"href":"https:\/\/k-bus.at\/hu\/wp-json\/wp\/v2\/types\/post"}],"author":[{"embeddable":true,"href":"https:\/\/k-bus.at\/hu\/wp-json\/wp\/v2\/users\/3"}],"replies":[{"embeddable":true,"href":"https:\/\/k-bus.at\/hu\/wp-json\/wp\/v2\/comments?post=16474"}],"version-history":[{"count":0,"href":"https:\/\/k-bus.at\/hu\/wp-json\/wp\/v2\/posts\/16474\/revisions"}],"wp:featuredmedia":[{"embeddable":true,"href":"https:\/\/k-bus.at\/hu\/wp-json\/wp\/v2\/media\/2327"}],"wp:attachment":[{"href":"https:\/\/k-bus.at\/hu\/wp-json\/wp\/v2\/media?parent=16474"}],"wp:term":[{"taxonomy":"category","embeddable":true,"href":"https:\/\/k-bus.at\/hu\/wp-json\/wp\/v2\/categories?post=16474"},{"taxonomy":"post_tag","embeddable":true,"href":"https:\/\/k-bus.at\/hu\/wp-json\/wp\/v2\/tags?post=16474"}],"curies":[{"name":"wp","href":"https:\/\/api.w.org\/{rel}","templated":true}]}}