{"id":16484,"date":"2026-07-02T09:39:32","date_gmt":"2026-07-02T07:39:32","guid":{"rendered":"https:\/\/adiznctb3b.wpdns.site\/az-elso-a-k-bus-altal-kapfenberg-szamara-tervezett-uj-dizajnu-elektromos-busz\/"},"modified":"2026-07-02T09:39:32","modified_gmt":"2026-07-02T07:39:32","slug":"az-elso-a-k-bus-altal-kapfenberg-szamara-tervezett-uj-dizajnu-elektromos-busz","status":"publish","type":"post","link":"https:\/\/k-bus.at\/hu\/az-elso-a-k-bus-altal-kapfenberg-szamara-tervezett-uj-dizajnu-elektromos-busz\/","title":{"rendered":"Az els\u0151, a K-BUS \u00e1ltal Kapfenberg sz\u00e1m\u00e1ra tervezett \u00faj diz\u00e1jn\u00fa elektromos busz"},"content":{"rendered":"<p data-start=\"176\" data-end=\"399\">A K-BUS c\u00e9g \u00f6r\u00f6mmel jelenti be els\u0151, \u00faj diz\u00e1jnnal rendelkez\u0151 elektromos busz\u00e1nak sikeres \u00fczembe helyez\u00e9s\u00e9t. Az innovat\u00edv j\u00e1rm\u0171 imm\u00e1r Kapfenbergben k\u00f6zlekedik, \u00e9s a r\u00e9gi\u00f3 modern, fenntarthat\u00f3 mobilit\u00e1s\u00e1nak szimb\u00f3luma. <\/p>\n<p data-start=\"401\" data-end=\"653\">A projektr\u0151l a region\u00e1lis \u00fajs\u00e1g is besz\u00e1mol <span class=\"hover:entity-accent entity-underline inline cursor-pointer align-baseline\"><span class=\"whitespace-normal\">MeinBezirk<\/span><\/span> is r\u00e9szletesen besz\u00e1mol egy friss online cikkben. A cikkben kiemelik mind az e-busz m\u0171szaki saj\u00e1toss\u00e1gait, mind pedig a r\u00e9gi\u00f3 sz\u00e1m\u00e1ra bet\u00f6lt\u00f6tt jelent\u0151s\u00e9g\u00e9t. <\/p>\n<p data-start=\"655\" data-end=\"820\">A teljes cikket itt tal\u00e1lja:<br data-start=\"700\" data-end=\"703\"\/><a class=\"decorated-link\" href=\"https:\/\/www.meinbezirk.at\/bruck-an-der-mur\/c-wirtschaft\/erster-e-bus-mit-neuem-design-rollt-durch-kapfenberg_a8455460\" target=\"_new\" rel=\"noopener\" data-start=\"703\" data-end=\"820\">https:\/\/www.meinbezirk.at\/bruck-an-der-mur\/c-wirtschaft\/erster-e-bus-mit-neuem-design-rollt-durch-kapfenberg_a8455460<\/a><\/p>\n","protected":false},"excerpt":{"rendered":"<p>A K-BUS c\u00e9g \u00f6r\u00f6mmel jelenti be els\u0151, \u00faj diz\u00e1jnnal rendelkez\u0151 elektromos busz\u00e1nak sikeres \u00fczembe helyez\u00e9s\u00e9t. Az innovat\u00edv j\u00e1rm\u0171 imm\u00e1r Kapfenbergben<\/p>\n","protected":false},"author":3,"featured_media":2392,"comment_status":"closed","ping_status":"closed","sticky":false,"template":"","format":"standard","meta":{"_acf_changed":false,"footnotes":""},"categories":[139],"tags":[],"class_list":["post-16484","post","type-post","status-publish","format-standard","has-post-thumbnail","hentry","category-nicht-kategorisiert"],"acf":[],"yoast_head":"<!-- This site is optimized with the Yoast SEO plugin v28.0 - https:\/\/yoast.com\/product\/yoast-seo-wordpress\/ -->\n<title>Az els\u0151, a K-BUS \u00e1ltal Kapfenberg sz\u00e1m\u00e1ra tervezett \u00faj diz\u00e1jn\u00fa elektromos busz - K-Bus<\/title>\n<meta name=\"robots\" content=\"index, follow, max-snippet:-1, max-image-preview:large, max-video-preview:-1\" \/>\n<link rel=\"canonical\" href=\"https:\/\/k-bus.at\/hu\/az-elso-a-k-bus-altal-kapfenberg-szamara-tervezett-uj-dizajnu-elektromos-busz\/\" \/>\n<meta property=\"og:locale\" content=\"hu_HU\" \/>\n<meta property=\"og:type\" content=\"article\" \/>\n<meta property=\"og:title\" content=\"Az els\u0151, a K-BUS \u00e1ltal Kapfenberg sz\u00e1m\u00e1ra tervezett \u00faj diz\u00e1jn\u00fa elektromos busz - K-Bus\" \/>\n<meta property=\"og:description\" content=\"A K-BUS c\u00e9g \u00f6r\u00f6mmel jelenti be els\u0151, \u00faj diz\u00e1jnnal rendelkez\u0151 elektromos busz\u00e1nak sikeres \u00fczembe helyez\u00e9s\u00e9t. Az innovat\u00edv j\u00e1rm\u0171 imm\u00e1r Kapfenbergben\" \/>\n<meta property=\"og:url\" content=\"https:\/\/k-bus.at\/hu\/az-elso-a-k-bus-altal-kapfenberg-szamara-tervezett-uj-dizajnu-elektromos-busz\/\" \/>\n<meta property=\"og:site_name\" content=\"K-Bus\" \/>\n<meta property=\"article:published_time\" content=\"2026-07-02T07:39:32+00:00\" \/>\n<meta property=\"og:image\" content=\"https:\/\/k-bus.at\/wp-content\/uploads\/2026\/03\/Muerztaler-scaled-e1775812594961.jpg\" \/>\n\t<meta property=\"og:image:width\" content=\"2560\" \/>\n\t<meta property=\"og:image:height\" content=\"1920\" \/>\n\t<meta property=\"og:image:type\" content=\"image\/jpeg\" \/>\n<meta name=\"author\" content=\"Andrea Pirecki\" \/>\n<meta name=\"twitter:card\" content=\"summary_large_image\" \/>\n<meta name=\"twitter:label1\" content=\"Szerz\u0151:\" \/>\n\t<meta name=\"twitter:data1\" content=\"Andrea Pirecki\" \/>\n\t<meta name=\"twitter:label2\" content=\"Becs\u00fclt olvas\u00e1si id\u0151\" \/>\n\t<meta name=\"twitter:data2\" content=\"1 perc\" \/>\n<script type=\"application\/ld+json\" class=\"yoast-schema-graph\">{\"@context\":\"https:\\\/\\\/schema.org\",\"@graph\":[{\"@type\":\"Article\",\"@id\":\"https:\\\/\\\/k-bus.at\\\/hu\\\/az-elso-a-k-bus-altal-kapfenberg-szamara-tervezett-uj-dizajnu-elektromos-busz\\\/#article\",\"isPartOf\":{\"@id\":\"https:\\\/\\\/k-bus.at\\\/hu\\\/az-elso-a-k-bus-altal-kapfenberg-szamara-tervezett-uj-dizajnu-elektromos-busz\\\/\"},\"author\":{\"name\":\"Andrea Pirecki\",\"@id\":\"https:\\\/\\\/k-bus.at\\\/hu\\\/#\\\/schema\\\/person\\\/b79a4f67da3db34c482fb3becd6e4245\"},\"headline\":\"Az els\u0151, a K-BUS \u00e1ltal Kapfenberg sz\u00e1m\u00e1ra tervezett \u00faj diz\u00e1jn\u00fa elektromos busz\",\"datePublished\":\"2026-07-02T07:39:32+00:00\",\"mainEntityOfPage\":{\"@id\":\"https:\\\/\\\/k-bus.at\\\/hu\\\/az-elso-a-k-bus-altal-kapfenberg-szamara-tervezett-uj-dizajnu-elektromos-busz\\\/\"},\"wordCount\":118,\"image\":{\"@id\":\"https:\\\/\\\/k-bus.at\\\/hu\\\/az-elso-a-k-bus-altal-kapfenberg-szamara-tervezett-uj-dizajnu-elektromos-busz\\\/#primaryimage\"},\"thumbnailUrl\":\"https:\\\/\\\/k-bus.at\\\/wp-content\\\/uploads\\\/2026\\\/03\\\/Muerztaler-scaled.jpg\",\"articleSection\":[\"Nicht kategorisiert\"],\"inLanguage\":\"hu\"},{\"@type\":\"WebPage\",\"@id\":\"https:\\\/\\\/k-bus.at\\\/hu\\\/az-elso-a-k-bus-altal-kapfenberg-szamara-tervezett-uj-dizajnu-elektromos-busz\\\/\",\"url\":\"https:\\\/\\\/k-bus.at\\\/hu\\\/az-elso-a-k-bus-altal-kapfenberg-szamara-tervezett-uj-dizajnu-elektromos-busz\\\/\",\"name\":\"Az els\u0151, a K-BUS \u00e1ltal Kapfenberg sz\u00e1m\u00e1ra tervezett \u00faj diz\u00e1jn\u00fa elektromos busz - K-Bus\",\"isPartOf\":{\"@id\":\"https:\\\/\\\/k-bus.at\\\/hu\\\/#website\"},\"primaryImageOfPage\":{\"@id\":\"https:\\\/\\\/k-bus.at\\\/hu\\\/az-elso-a-k-bus-altal-kapfenberg-szamara-tervezett-uj-dizajnu-elektromos-busz\\\/#primaryimage\"},\"image\":{\"@id\":\"https:\\\/\\\/k-bus.at\\\/hu\\\/az-elso-a-k-bus-altal-kapfenberg-szamara-tervezett-uj-dizajnu-elektromos-busz\\\/#primaryimage\"},\"thumbnailUrl\":\"https:\\\/\\\/k-bus.at\\\/wp-content\\\/uploads\\\/2026\\\/03\\\/Muerztaler-scaled.jpg\",\"datePublished\":\"2026-07-02T07:39:32+00:00\",\"author\":{\"@id\":\"https:\\\/\\\/k-bus.at\\\/hu\\\/#\\\/schema\\\/person\\\/b79a4f67da3db34c482fb3becd6e4245\"},\"breadcrumb\":{\"@id\":\"https:\\\/\\\/k-bus.at\\\/hu\\\/az-elso-a-k-bus-altal-kapfenberg-szamara-tervezett-uj-dizajnu-elektromos-busz\\\/#breadcrumb\"},\"inLanguage\":\"hu\",\"potentialAction\":[{\"@type\":\"ReadAction\",\"target\":[\"https:\\\/\\\/k-bus.at\\\/hu\\\/az-elso-a-k-bus-altal-kapfenberg-szamara-tervezett-uj-dizajnu-elektromos-busz\\\/\"]}]},{\"@type\":\"ImageObject\",\"inLanguage\":\"hu\",\"@id\":\"https:\\\/\\\/k-bus.at\\\/hu\\\/az-elso-a-k-bus-altal-kapfenberg-szamara-tervezett-uj-dizajnu-elektromos-busz\\\/#primaryimage\",\"url\":\"https:\\\/\\\/k-bus.at\\\/wp-content\\\/uploads\\\/2026\\\/03\\\/Muerztaler-scaled.jpg\",\"contentUrl\":\"https:\\\/\\\/k-bus.at\\\/wp-content\\\/uploads\\\/2026\\\/03\\\/Muerztaler-scaled.jpg\",\"width\":2560,\"height\":1920},{\"@type\":\"BreadcrumbList\",\"@id\":\"https:\\\/\\\/k-bus.at\\\/hu\\\/az-elso-a-k-bus-altal-kapfenberg-szamara-tervezett-uj-dizajnu-elektromos-busz\\\/#breadcrumb\",\"itemListElement\":[{\"@type\":\"ListItem\",\"position\":1,\"name\":\"Startseite\",\"item\":\"https:\\\/\\\/k-bus.at\\\/hu\\\/k-bus-kft\\\/\"},{\"@type\":\"ListItem\",\"position\":2,\"name\":\"Az els\u0151, a K-BUS \u00e1ltal Kapfenberg sz\u00e1m\u00e1ra tervezett \u00faj diz\u00e1jn\u00fa elektromos busz\"}]},{\"@type\":\"WebSite\",\"@id\":\"https:\\\/\\\/k-bus.at\\\/hu\\\/#website\",\"url\":\"https:\\\/\\\/k-bus.at\\\/hu\\\/\",\"name\":\"K-Bus\",\"description\":\"Smart Mobility\",\"potentialAction\":[{\"@type\":\"SearchAction\",\"target\":{\"@type\":\"EntryPoint\",\"urlTemplate\":\"https:\\\/\\\/k-bus.at\\\/hu\\\/?s={search_term_string}\"},\"query-input\":{\"@type\":\"PropertyValueSpecification\",\"valueRequired\":true,\"valueName\":\"search_term_string\"}}],\"inLanguage\":\"hu\"},{\"@type\":\"Person\",\"@id\":\"https:\\\/\\\/k-bus.at\\\/hu\\\/#\\\/schema\\\/person\\\/b79a4f67da3db34c482fb3becd6e4245\",\"name\":\"Andrea Pirecki\",\"image\":{\"@type\":\"ImageObject\",\"inLanguage\":\"hu\",\"@id\":\"https:\\\/\\\/secure.gravatar.com\\\/avatar\\\/5e7490fdafa64acbdd60eca8c45c7de318b19f18b275b5c3183eff64bd4dd9e8?s=96&d=mm&r=g\",\"url\":\"https:\\\/\\\/secure.gravatar.com\\\/avatar\\\/5e7490fdafa64acbdd60eca8c45c7de318b19f18b275b5c3183eff64bd4dd9e8?s=96&d=mm&r=g\",\"contentUrl\":\"https:\\\/\\\/secure.gravatar.com\\\/avatar\\\/5e7490fdafa64acbdd60eca8c45c7de318b19f18b275b5c3183eff64bd4dd9e8?s=96&d=mm&r=g\",\"caption\":\"Andrea Pirecki\"}}]}<\/script>\n<!-- \/ Yoast SEO plugin. -->","yoast_head_json":{"title":"Az els\u0151, a K-BUS \u00e1ltal Kapfenberg sz\u00e1m\u00e1ra tervezett \u00faj diz\u00e1jn\u00fa elektromos busz - K-Bus","robots":{"index":"index","follow":"follow","max-snippet":"max-snippet:-1","max-image-preview":"max-image-preview:large","max-video-preview":"max-video-preview:-1"},"canonical":"https:\/\/k-bus.at\/hu\/az-elso-a-k-bus-altal-kapfenberg-szamara-tervezett-uj-dizajnu-elektromos-busz\/","og_locale":"hu_HU","og_type":"article","og_title":"Az els\u0151, a K-BUS \u00e1ltal Kapfenberg sz\u00e1m\u00e1ra tervezett \u00faj diz\u00e1jn\u00fa elektromos busz - K-Bus","og_description":"A K-BUS c\u00e9g \u00f6r\u00f6mmel jelenti be els\u0151, \u00faj diz\u00e1jnnal rendelkez\u0151 elektromos busz\u00e1nak sikeres \u00fczembe helyez\u00e9s\u00e9t. Az innovat\u00edv j\u00e1rm\u0171 imm\u00e1r Kapfenbergben","og_url":"https:\/\/k-bus.at\/hu\/az-elso-a-k-bus-altal-kapfenberg-szamara-tervezett-uj-dizajnu-elektromos-busz\/","og_site_name":"K-Bus","article_published_time":"2026-07-02T07:39:32+00:00","og_image":[{"width":2560,"height":1920,"url":"https:\/\/k-bus.at\/wp-content\/uploads\/2026\/03\/Muerztaler-scaled-e1775812594961.jpg","type":"image\/jpeg"}],"author":"Andrea Pirecki","twitter_card":"summary_large_image","twitter_misc":{"Szerz\u0151:":"Andrea Pirecki","Becs\u00fclt olvas\u00e1si id\u0151":"1 perc"},"schema":{"@context":"https:\/\/schema.org","@graph":[{"@type":"Article","@id":"https:\/\/k-bus.at\/hu\/az-elso-a-k-bus-altal-kapfenberg-szamara-tervezett-uj-dizajnu-elektromos-busz\/#article","isPartOf":{"@id":"https:\/\/k-bus.at\/hu\/az-elso-a-k-bus-altal-kapfenberg-szamara-tervezett-uj-dizajnu-elektromos-busz\/"},"author":{"name":"Andrea Pirecki","@id":"https:\/\/k-bus.at\/hu\/#\/schema\/person\/b79a4f67da3db34c482fb3becd6e4245"},"headline":"Az els\u0151, a K-BUS \u00e1ltal Kapfenberg sz\u00e1m\u00e1ra tervezett \u00faj diz\u00e1jn\u00fa elektromos busz","datePublished":"2026-07-02T07:39:32+00:00","mainEntityOfPage":{"@id":"https:\/\/k-bus.at\/hu\/az-elso-a-k-bus-altal-kapfenberg-szamara-tervezett-uj-dizajnu-elektromos-busz\/"},"wordCount":118,"image":{"@id":"https:\/\/k-bus.at\/hu\/az-elso-a-k-bus-altal-kapfenberg-szamara-tervezett-uj-dizajnu-elektromos-busz\/#primaryimage"},"thumbnailUrl":"https:\/\/k-bus.at\/wp-content\/uploads\/2026\/03\/Muerztaler-scaled.jpg","articleSection":["Nicht kategorisiert"],"inLanguage":"hu"},{"@type":"WebPage","@id":"https:\/\/k-bus.at\/hu\/az-elso-a-k-bus-altal-kapfenberg-szamara-tervezett-uj-dizajnu-elektromos-busz\/","url":"https:\/\/k-bus.at\/hu\/az-elso-a-k-bus-altal-kapfenberg-szamara-tervezett-uj-dizajnu-elektromos-busz\/","name":"Az els\u0151, a K-BUS \u00e1ltal Kapfenberg sz\u00e1m\u00e1ra tervezett \u00faj diz\u00e1jn\u00fa elektromos busz - K-Bus","isPartOf":{"@id":"https:\/\/k-bus.at\/hu\/#website"},"primaryImageOfPage":{"@id":"https:\/\/k-bus.at\/hu\/az-elso-a-k-bus-altal-kapfenberg-szamara-tervezett-uj-dizajnu-elektromos-busz\/#primaryimage"},"image":{"@id":"https:\/\/k-bus.at\/hu\/az-elso-a-k-bus-altal-kapfenberg-szamara-tervezett-uj-dizajnu-elektromos-busz\/#primaryimage"},"thumbnailUrl":"https:\/\/k-bus.at\/wp-content\/uploads\/2026\/03\/Muerztaler-scaled.jpg","datePublished":"2026-07-02T07:39:32+00:00","author":{"@id":"https:\/\/k-bus.at\/hu\/#\/schema\/person\/b79a4f67da3db34c482fb3becd6e4245"},"breadcrumb":{"@id":"https:\/\/k-bus.at\/hu\/az-elso-a-k-bus-altal-kapfenberg-szamara-tervezett-uj-dizajnu-elektromos-busz\/#breadcrumb"},"inLanguage":"hu","potentialAction":[{"@type":"ReadAction","target":["https:\/\/k-bus.at\/hu\/az-elso-a-k-bus-altal-kapfenberg-szamara-tervezett-uj-dizajnu-elektromos-busz\/"]}]},{"@type":"ImageObject","inLanguage":"hu","@id":"https:\/\/k-bus.at\/hu\/az-elso-a-k-bus-altal-kapfenberg-szamara-tervezett-uj-dizajnu-elektromos-busz\/#primaryimage","url":"https:\/\/k-bus.at\/wp-content\/uploads\/2026\/03\/Muerztaler-scaled.jpg","contentUrl":"https:\/\/k-bus.at\/wp-content\/uploads\/2026\/03\/Muerztaler-scaled.jpg","width":2560,"height":1920},{"@type":"BreadcrumbList","@id":"https:\/\/k-bus.at\/hu\/az-elso-a-k-bus-altal-kapfenberg-szamara-tervezett-uj-dizajnu-elektromos-busz\/#breadcrumb","itemListElement":[{"@type":"ListItem","position":1,"name":"Startseite","item":"https:\/\/k-bus.at\/hu\/k-bus-kft\/"},{"@type":"ListItem","position":2,"name":"Az els\u0151, a K-BUS \u00e1ltal Kapfenberg sz\u00e1m\u00e1ra tervezett \u00faj diz\u00e1jn\u00fa elektromos busz"}]},{"@type":"WebSite","@id":"https:\/\/k-bus.at\/hu\/#website","url":"https:\/\/k-bus.at\/hu\/","name":"K-Bus","description":"Smart Mobility","potentialAction":[{"@type":"SearchAction","target":{"@type":"EntryPoint","urlTemplate":"https:\/\/k-bus.at\/hu\/?s={search_term_string}"},"query-input":{"@type":"PropertyValueSpecification","valueRequired":true,"valueName":"search_term_string"}}],"inLanguage":"hu"},{"@type":"Person","@id":"https:\/\/k-bus.at\/hu\/#\/schema\/person\/b79a4f67da3db34c482fb3becd6e4245","name":"Andrea Pirecki","image":{"@type":"ImageObject","inLanguage":"hu","@id":"https:\/\/secure.gravatar.com\/avatar\/5e7490fdafa64acbdd60eca8c45c7de318b19f18b275b5c3183eff64bd4dd9e8?s=96&d=mm&r=g","url":"https:\/\/secure.gravatar.com\/avatar\/5e7490fdafa64acbdd60eca8c45c7de318b19f18b275b5c3183eff64bd4dd9e8?s=96&d=mm&r=g","contentUrl":"https:\/\/secure.gravatar.com\/avatar\/5e7490fdafa64acbdd60eca8c45c7de318b19f18b275b5c3183eff64bd4dd9e8?s=96&d=mm&r=g","caption":"Andrea Pirecki"}}]}},"_links":{"self":[{"href":"https:\/\/k-bus.at\/hu\/wp-json\/wp\/v2\/posts\/16484","targetHints":{"allow":["GET"]}}],"collection":[{"href":"https:\/\/k-bus.at\/hu\/wp-json\/wp\/v2\/posts"}],"about":[{"href":"https:\/\/k-bus.at\/hu\/wp-json\/wp\/v2\/types\/post"}],"author":[{"embeddable":true,"href":"https:\/\/k-bus.at\/hu\/wp-json\/wp\/v2\/users\/3"}],"replies":[{"embeddable":true,"href":"https:\/\/k-bus.at\/hu\/wp-json\/wp\/v2\/comments?post=16484"}],"version-history":[{"count":0,"href":"https:\/\/k-bus.at\/hu\/wp-json\/wp\/v2\/posts\/16484\/revisions"}],"wp:featuredmedia":[{"embeddable":true,"href":"https:\/\/k-bus.at\/hu\/wp-json\/wp\/v2\/media\/2392"}],"wp:attachment":[{"href":"https:\/\/k-bus.at\/hu\/wp-json\/wp\/v2\/media?parent=16484"}],"wp:term":[{"taxonomy":"category","embeddable":true,"href":"https:\/\/k-bus.at\/hu\/wp-json\/wp\/v2\/categories?post=16484"},{"taxonomy":"post_tag","embeddable":true,"href":"https:\/\/k-bus.at\/hu\/wp-json\/wp\/v2\/tags?post=16484"}],"curies":[{"name":"wp","href":"https:\/\/api.w.org\/{rel}","templated":true}]}}