{"id":16476,"date":"2026-07-02T09:39:27","date_gmt":"2026-07-02T07:39:27","guid":{"rendered":"https:\/\/adiznctb3b.wpdns.site\/rafknunir-rutur-fra-k-bus-styrkja-sjalfbaera-samgoengur-i-leoben\/"},"modified":"2026-07-02T09:39:27","modified_gmt":"2026-07-02T07:39:27","slug":"rafknunir-rutur-fra-k-bus-styrkja-sjalfbaera-samgoengur-i-leoben","status":"publish","type":"post","link":"https:\/\/k-bus.at\/is\/rafknunir-rutur-fra-k-bus-styrkja-sjalfbaera-samgoengur-i-leoben\/","title":{"rendered":"Rafkn\u00fanir r\u00fatur fr\u00e1 K-BUS styrkja sj\u00e1lfb\u00e6ra samg\u00f6ngur \u00ed Leoben"},"content":{"rendered":"<p data-start=\"200\" data-end=\"584\">Rafv\u00e6\u00f0ing almenningssamgangna \u00ed Leoben gengur vel. Me\u00f0 afhendingu n\u00fdrra rafkn\u00fainna str\u00e6tisvagna er floti flutningafyrirt\u00e6kisins \u00ed Leoben a\u00f0 st\u00e6kka verulega. \u00deessir n\u00fat\u00edmalegu \u00f6kut\u00e6ki ver\u00f0a notu\u00f0 b\u00e6\u00f0i \u00ed reglulegri borgarr\u00fatu\u00fej\u00f3nustu og str\u00e6tisvagna\u00fej\u00f3nustu eftir \u00fe\u00f6rfum og munu \u00feannig leggja verulegt af m\u00f6rkum til sj\u00e1lfb\u00e6rrar samgangna \u00e1 sv\u00e6\u00f0inu.   <\/p>\n<p data-start=\"586\" data-end=\"782\">H\u00e9ra\u00f0sfr\u00e9ttabla\u00f0i\u00f0 MeinBezirk greinir einnig fr\u00e1 \u00feessu \u00ed greininni <strong data-start=\"488\" data-end=\"538\">\u201eStyrking rafb\u00edlaflotans hj\u00e1 sveitarf\u00e9l\u00f6gunum\u201c<\/strong> . Greinin s\u00fdnir fram \u00e1 mikilv\u00e6gi n\u00fdju rafkn\u00fanu str\u00e6tisvagnanna fyrir borgina Leoben. <\/p>\n<p data-start=\"904\" data-end=\"1051\">\u00de\u00fa getur fundi\u00f0 alla greinina h\u00e9r:<br data-start=\"949\" data-end=\"952\"\/> <a class=\"decorated-link\" href=\"https:\/\/www.meinbezirk.at\/leoben\/c-lokales\/verstaerkung-der-e-flotte-bei-den-stadtwerken_a8515549\" target=\"_new\" rel=\"noopener\" data-start=\"952\" data-end=\"1049\">https:\/\/www.meinbezirk.at\/leoben\/c-lokales\/verstaerkung-der-e-flotte-bei-den-stadtwerken_a8515549<\/a><\/p>\n","protected":false},"excerpt":{"rendered":"<p>Rafv\u00e6\u00f0ing almenningssamgangna \u00ed Leoben gengur vel. Me\u00f0 afhendingu n\u00fdrra rafkn\u00fainna str\u00e6tisvagna er floti flutningafyrirt\u00e6kisins \u00ed Leoben a\u00f0 st\u00e6kka verulega. \u00deessir<\/p>\n","protected":false},"author":3,"featured_media":2328,"comment_status":"closed","ping_status":"closed","sticky":false,"template":"","format":"standard","meta":{"_acf_changed":false,"footnotes":""},"categories":[1],"tags":[],"class_list":["post-16476","post","type-post","status-publish","format-standard","has-post-thumbnail","hentry","category-unkategorisiert"],"acf":[],"yoast_head":"<!-- This site is optimized with the Yoast SEO plugin v28.0 - https:\/\/yoast.com\/product\/yoast-seo-wordpress\/ -->\n<title>Rafkn\u00fanir r\u00fatur fr\u00e1 K-BUS styrkja sj\u00e1lfb\u00e6ra samg\u00f6ngur \u00ed Leoben - K-Bus<\/title>\n<meta name=\"robots\" content=\"index, follow, max-snippet:-1, max-image-preview:large, max-video-preview:-1\" \/>\n<link rel=\"canonical\" href=\"https:\/\/k-bus.at\/is\/rafknunir-rutur-fra-k-bus-styrkja-sjalfbaera-samgoengur-i-leoben\/\" \/>\n<meta property=\"og:locale\" content=\"is_IS\" \/>\n<meta property=\"og:type\" content=\"article\" \/>\n<meta property=\"og:title\" content=\"Rafkn\u00fanir r\u00fatur fr\u00e1 K-BUS styrkja sj\u00e1lfb\u00e6ra samg\u00f6ngur \u00ed Leoben - K-Bus\" \/>\n<meta property=\"og:description\" content=\"Rafv\u00e6\u00f0ing almenningssamgangna \u00ed Leoben gengur vel. Me\u00f0 afhendingu n\u00fdrra rafkn\u00fainna str\u00e6tisvagna er floti flutningafyrirt\u00e6kisins \u00ed Leoben a\u00f0 st\u00e6kka verulega. \u00deessir\" \/>\n<meta property=\"og:url\" content=\"https:\/\/k-bus.at\/is\/rafknunir-rutur-fra-k-bus-styrkja-sjalfbaera-samgoengur-i-leoben\/\" \/>\n<meta property=\"og:site_name\" content=\"K-Bus\" \/>\n<meta property=\"article:published_time\" content=\"2026-07-02T07:39:27+00:00\" \/>\n<meta property=\"og:image\" content=\"https:\/\/k-bus.at\/wp-content\/uploads\/2026\/04\/20260310_1016140-scaled-e1775804841780.jpg\" \/>\n\t<meta property=\"og:image:width\" content=\"2560\" \/>\n\t<meta property=\"og:image:height\" content=\"1920\" \/>\n\t<meta property=\"og:image:type\" content=\"image\/jpeg\" \/>\n<meta name=\"author\" content=\"Andrea Pirecki\" \/>\n<meta name=\"twitter:card\" content=\"summary_large_image\" \/>\n<meta name=\"twitter:label1\" content=\"Written by\" \/>\n\t<meta name=\"twitter:data1\" content=\"Andrea Pirecki\" \/>\n\t<meta name=\"twitter:label2\" content=\"Est. reading time\" \/>\n\t<meta name=\"twitter:data2\" content=\"1 minute\" \/>\n<script type=\"application\/ld+json\" class=\"yoast-schema-graph\">{\"@context\":\"https:\\\/\\\/schema.org\",\"@graph\":[{\"@type\":\"Article\",\"@id\":\"https:\\\/\\\/k-bus.at\\\/is\\\/rafknunir-rutur-fra-k-bus-styrkja-sjalfbaera-samgoengur-i-leoben\\\/#article\",\"isPartOf\":{\"@id\":\"https:\\\/\\\/k-bus.at\\\/is\\\/rafknunir-rutur-fra-k-bus-styrkja-sjalfbaera-samgoengur-i-leoben\\\/\"},\"author\":{\"name\":\"Andrea Pirecki\",\"@id\":\"https:\\\/\\\/k-bus.at\\\/is\\\/#\\\/schema\\\/person\\\/b79a4f67da3db34c482fb3becd6e4245\"},\"headline\":\"Rafkn\u00fanir r\u00fatur fr\u00e1 K-BUS styrkja sj\u00e1lfb\u00e6ra samg\u00f6ngur \u00ed Leoben\",\"datePublished\":\"2026-07-02T07:39:27+00:00\",\"mainEntityOfPage\":{\"@id\":\"https:\\\/\\\/k-bus.at\\\/is\\\/rafknunir-rutur-fra-k-bus-styrkja-sjalfbaera-samgoengur-i-leoben\\\/\"},\"wordCount\":121,\"image\":{\"@id\":\"https:\\\/\\\/k-bus.at\\\/is\\\/rafknunir-rutur-fra-k-bus-styrkja-sjalfbaera-samgoengur-i-leoben\\\/#primaryimage\"},\"thumbnailUrl\":\"https:\\\/\\\/k-bus.at\\\/wp-content\\\/uploads\\\/2026\\\/04\\\/20260310_1016140-scaled.jpg\",\"articleSection\":[\"Unkategorisiert\"],\"inLanguage\":\"is\"},{\"@type\":\"WebPage\",\"@id\":\"https:\\\/\\\/k-bus.at\\\/is\\\/rafknunir-rutur-fra-k-bus-styrkja-sjalfbaera-samgoengur-i-leoben\\\/\",\"url\":\"https:\\\/\\\/k-bus.at\\\/is\\\/rafknunir-rutur-fra-k-bus-styrkja-sjalfbaera-samgoengur-i-leoben\\\/\",\"name\":\"Rafkn\u00fanir r\u00fatur fr\u00e1 K-BUS styrkja sj\u00e1lfb\u00e6ra samg\u00f6ngur \u00ed Leoben - K-Bus\",\"isPartOf\":{\"@id\":\"https:\\\/\\\/k-bus.at\\\/is\\\/#website\"},\"primaryImageOfPage\":{\"@id\":\"https:\\\/\\\/k-bus.at\\\/is\\\/rafknunir-rutur-fra-k-bus-styrkja-sjalfbaera-samgoengur-i-leoben\\\/#primaryimage\"},\"image\":{\"@id\":\"https:\\\/\\\/k-bus.at\\\/is\\\/rafknunir-rutur-fra-k-bus-styrkja-sjalfbaera-samgoengur-i-leoben\\\/#primaryimage\"},\"thumbnailUrl\":\"https:\\\/\\\/k-bus.at\\\/wp-content\\\/uploads\\\/2026\\\/04\\\/20260310_1016140-scaled.jpg\",\"datePublished\":\"2026-07-02T07:39:27+00:00\",\"author\":{\"@id\":\"https:\\\/\\\/k-bus.at\\\/is\\\/#\\\/schema\\\/person\\\/b79a4f67da3db34c482fb3becd6e4245\"},\"breadcrumb\":{\"@id\":\"https:\\\/\\\/k-bus.at\\\/is\\\/rafknunir-rutur-fra-k-bus-styrkja-sjalfbaera-samgoengur-i-leoben\\\/#breadcrumb\"},\"inLanguage\":\"is\",\"potentialAction\":[{\"@type\":\"ReadAction\",\"target\":[\"https:\\\/\\\/k-bus.at\\\/is\\\/rafknunir-rutur-fra-k-bus-styrkja-sjalfbaera-samgoengur-i-leoben\\\/\"]}]},{\"@type\":\"ImageObject\",\"inLanguage\":\"is\",\"@id\":\"https:\\\/\\\/k-bus.at\\\/is\\\/rafknunir-rutur-fra-k-bus-styrkja-sjalfbaera-samgoengur-i-leoben\\\/#primaryimage\",\"url\":\"https:\\\/\\\/k-bus.at\\\/wp-content\\\/uploads\\\/2026\\\/04\\\/20260310_1016140-scaled.jpg\",\"contentUrl\":\"https:\\\/\\\/k-bus.at\\\/wp-content\\\/uploads\\\/2026\\\/04\\\/20260310_1016140-scaled.jpg\",\"width\":2560,\"height\":1920,\"caption\":\"KBus-Kutsenits\"},{\"@type\":\"BreadcrumbList\",\"@id\":\"https:\\\/\\\/k-bus.at\\\/is\\\/rafknunir-rutur-fra-k-bus-styrkja-sjalfbaera-samgoengur-i-leoben\\\/#breadcrumb\",\"itemListElement\":[{\"@type\":\"ListItem\",\"position\":1,\"name\":\"Startseite\",\"item\":\"https:\\\/\\\/k-bus.at\\\/is\\\/k-bus-gmbh\\\/\"},{\"@type\":\"ListItem\",\"position\":2,\"name\":\"Rafkn\u00fanir r\u00fatur fr\u00e1 K-BUS styrkja sj\u00e1lfb\u00e6ra samg\u00f6ngur \u00ed Leoben\"}]},{\"@type\":\"WebSite\",\"@id\":\"https:\\\/\\\/k-bus.at\\\/is\\\/#website\",\"url\":\"https:\\\/\\\/k-bus.at\\\/is\\\/\",\"name\":\"K-Bus\",\"description\":\"Smart Mobility\",\"potentialAction\":[{\"@type\":\"SearchAction\",\"target\":{\"@type\":\"EntryPoint\",\"urlTemplate\":\"https:\\\/\\\/k-bus.at\\\/is\\\/?s={search_term_string}\"},\"query-input\":{\"@type\":\"PropertyValueSpecification\",\"valueRequired\":true,\"valueName\":\"search_term_string\"}}],\"inLanguage\":\"is\"},{\"@type\":\"Person\",\"@id\":\"https:\\\/\\\/k-bus.at\\\/is\\\/#\\\/schema\\\/person\\\/b79a4f67da3db34c482fb3becd6e4245\",\"name\":\"Andrea Pirecki\",\"image\":{\"@type\":\"ImageObject\",\"inLanguage\":\"is\",\"@id\":\"https:\\\/\\\/secure.gravatar.com\\\/avatar\\\/5e7490fdafa64acbdd60eca8c45c7de318b19f18b275b5c3183eff64bd4dd9e8?s=96&d=mm&r=g\",\"url\":\"https:\\\/\\\/secure.gravatar.com\\\/avatar\\\/5e7490fdafa64acbdd60eca8c45c7de318b19f18b275b5c3183eff64bd4dd9e8?s=96&d=mm&r=g\",\"contentUrl\":\"https:\\\/\\\/secure.gravatar.com\\\/avatar\\\/5e7490fdafa64acbdd60eca8c45c7de318b19f18b275b5c3183eff64bd4dd9e8?s=96&d=mm&r=g\",\"caption\":\"Andrea Pirecki\"}}]}<\/script>\n<!-- \/ Yoast SEO plugin. -->","yoast_head_json":{"title":"Rafkn\u00fanir r\u00fatur fr\u00e1 K-BUS styrkja sj\u00e1lfb\u00e6ra samg\u00f6ngur \u00ed Leoben - K-Bus","robots":{"index":"index","follow":"follow","max-snippet":"max-snippet:-1","max-image-preview":"max-image-preview:large","max-video-preview":"max-video-preview:-1"},"canonical":"https:\/\/k-bus.at\/is\/rafknunir-rutur-fra-k-bus-styrkja-sjalfbaera-samgoengur-i-leoben\/","og_locale":"is_IS","og_type":"article","og_title":"Rafkn\u00fanir r\u00fatur fr\u00e1 K-BUS styrkja sj\u00e1lfb\u00e6ra samg\u00f6ngur \u00ed Leoben - K-Bus","og_description":"Rafv\u00e6\u00f0ing almenningssamgangna \u00ed Leoben gengur vel. Me\u00f0 afhendingu n\u00fdrra rafkn\u00fainna str\u00e6tisvagna er floti flutningafyrirt\u00e6kisins \u00ed Leoben a\u00f0 st\u00e6kka verulega. \u00deessir","og_url":"https:\/\/k-bus.at\/is\/rafknunir-rutur-fra-k-bus-styrkja-sjalfbaera-samgoengur-i-leoben\/","og_site_name":"K-Bus","article_published_time":"2026-07-02T07:39:27+00:00","og_image":[{"width":2560,"height":1920,"url":"https:\/\/k-bus.at\/wp-content\/uploads\/2026\/04\/20260310_1016140-scaled-e1775804841780.jpg","type":"image\/jpeg"}],"author":"Andrea Pirecki","twitter_card":"summary_large_image","twitter_misc":{"Written by":"Andrea Pirecki","Est. reading time":"1 minute"},"schema":{"@context":"https:\/\/schema.org","@graph":[{"@type":"Article","@id":"https:\/\/k-bus.at\/is\/rafknunir-rutur-fra-k-bus-styrkja-sjalfbaera-samgoengur-i-leoben\/#article","isPartOf":{"@id":"https:\/\/k-bus.at\/is\/rafknunir-rutur-fra-k-bus-styrkja-sjalfbaera-samgoengur-i-leoben\/"},"author":{"name":"Andrea Pirecki","@id":"https:\/\/k-bus.at\/is\/#\/schema\/person\/b79a4f67da3db34c482fb3becd6e4245"},"headline":"Rafkn\u00fanir r\u00fatur fr\u00e1 K-BUS styrkja sj\u00e1lfb\u00e6ra samg\u00f6ngur \u00ed Leoben","datePublished":"2026-07-02T07:39:27+00:00","mainEntityOfPage":{"@id":"https:\/\/k-bus.at\/is\/rafknunir-rutur-fra-k-bus-styrkja-sjalfbaera-samgoengur-i-leoben\/"},"wordCount":121,"image":{"@id":"https:\/\/k-bus.at\/is\/rafknunir-rutur-fra-k-bus-styrkja-sjalfbaera-samgoengur-i-leoben\/#primaryimage"},"thumbnailUrl":"https:\/\/k-bus.at\/wp-content\/uploads\/2026\/04\/20260310_1016140-scaled.jpg","articleSection":["Unkategorisiert"],"inLanguage":"is"},{"@type":"WebPage","@id":"https:\/\/k-bus.at\/is\/rafknunir-rutur-fra-k-bus-styrkja-sjalfbaera-samgoengur-i-leoben\/","url":"https:\/\/k-bus.at\/is\/rafknunir-rutur-fra-k-bus-styrkja-sjalfbaera-samgoengur-i-leoben\/","name":"Rafkn\u00fanir r\u00fatur fr\u00e1 K-BUS styrkja sj\u00e1lfb\u00e6ra samg\u00f6ngur \u00ed Leoben - K-Bus","isPartOf":{"@id":"https:\/\/k-bus.at\/is\/#website"},"primaryImageOfPage":{"@id":"https:\/\/k-bus.at\/is\/rafknunir-rutur-fra-k-bus-styrkja-sjalfbaera-samgoengur-i-leoben\/#primaryimage"},"image":{"@id":"https:\/\/k-bus.at\/is\/rafknunir-rutur-fra-k-bus-styrkja-sjalfbaera-samgoengur-i-leoben\/#primaryimage"},"thumbnailUrl":"https:\/\/k-bus.at\/wp-content\/uploads\/2026\/04\/20260310_1016140-scaled.jpg","datePublished":"2026-07-02T07:39:27+00:00","author":{"@id":"https:\/\/k-bus.at\/is\/#\/schema\/person\/b79a4f67da3db34c482fb3becd6e4245"},"breadcrumb":{"@id":"https:\/\/k-bus.at\/is\/rafknunir-rutur-fra-k-bus-styrkja-sjalfbaera-samgoengur-i-leoben\/#breadcrumb"},"inLanguage":"is","potentialAction":[{"@type":"ReadAction","target":["https:\/\/k-bus.at\/is\/rafknunir-rutur-fra-k-bus-styrkja-sjalfbaera-samgoengur-i-leoben\/"]}]},{"@type":"ImageObject","inLanguage":"is","@id":"https:\/\/k-bus.at\/is\/rafknunir-rutur-fra-k-bus-styrkja-sjalfbaera-samgoengur-i-leoben\/#primaryimage","url":"https:\/\/k-bus.at\/wp-content\/uploads\/2026\/04\/20260310_1016140-scaled.jpg","contentUrl":"https:\/\/k-bus.at\/wp-content\/uploads\/2026\/04\/20260310_1016140-scaled.jpg","width":2560,"height":1920,"caption":"KBus-Kutsenits"},{"@type":"BreadcrumbList","@id":"https:\/\/k-bus.at\/is\/rafknunir-rutur-fra-k-bus-styrkja-sjalfbaera-samgoengur-i-leoben\/#breadcrumb","itemListElement":[{"@type":"ListItem","position":1,"name":"Startseite","item":"https:\/\/k-bus.at\/is\/k-bus-gmbh\/"},{"@type":"ListItem","position":2,"name":"Rafkn\u00fanir r\u00fatur fr\u00e1 K-BUS styrkja sj\u00e1lfb\u00e6ra samg\u00f6ngur \u00ed Leoben"}]},{"@type":"WebSite","@id":"https:\/\/k-bus.at\/is\/#website","url":"https:\/\/k-bus.at\/is\/","name":"K-Bus","description":"Smart Mobility","potentialAction":[{"@type":"SearchAction","target":{"@type":"EntryPoint","urlTemplate":"https:\/\/k-bus.at\/is\/?s={search_term_string}"},"query-input":{"@type":"PropertyValueSpecification","valueRequired":true,"valueName":"search_term_string"}}],"inLanguage":"is"},{"@type":"Person","@id":"https:\/\/k-bus.at\/is\/#\/schema\/person\/b79a4f67da3db34c482fb3becd6e4245","name":"Andrea Pirecki","image":{"@type":"ImageObject","inLanguage":"is","@id":"https:\/\/secure.gravatar.com\/avatar\/5e7490fdafa64acbdd60eca8c45c7de318b19f18b275b5c3183eff64bd4dd9e8?s=96&d=mm&r=g","url":"https:\/\/secure.gravatar.com\/avatar\/5e7490fdafa64acbdd60eca8c45c7de318b19f18b275b5c3183eff64bd4dd9e8?s=96&d=mm&r=g","contentUrl":"https:\/\/secure.gravatar.com\/avatar\/5e7490fdafa64acbdd60eca8c45c7de318b19f18b275b5c3183eff64bd4dd9e8?s=96&d=mm&r=g","caption":"Andrea Pirecki"}}]}},"_links":{"self":[{"href":"https:\/\/k-bus.at\/is\/wp-json\/wp\/v2\/posts\/16476","targetHints":{"allow":["GET"]}}],"collection":[{"href":"https:\/\/k-bus.at\/is\/wp-json\/wp\/v2\/posts"}],"about":[{"href":"https:\/\/k-bus.at\/is\/wp-json\/wp\/v2\/types\/post"}],"author":[{"embeddable":true,"href":"https:\/\/k-bus.at\/is\/wp-json\/wp\/v2\/users\/3"}],"replies":[{"embeddable":true,"href":"https:\/\/k-bus.at\/is\/wp-json\/wp\/v2\/comments?post=16476"}],"version-history":[{"count":0,"href":"https:\/\/k-bus.at\/is\/wp-json\/wp\/v2\/posts\/16476\/revisions"}],"wp:featuredmedia":[{"embeddable":true,"href":"https:\/\/k-bus.at\/is\/wp-json\/wp\/v2\/media\/2328"}],"wp:attachment":[{"href":"https:\/\/k-bus.at\/is\/wp-json\/wp\/v2\/media?parent=16476"}],"wp:term":[{"taxonomy":"category","embeddable":true,"href":"https:\/\/k-bus.at\/is\/wp-json\/wp\/v2\/categories?post=16476"},{"taxonomy":"post_tag","embeddable":true,"href":"https:\/\/k-bus.at\/is\/wp-json\/wp\/v2\/tags?post=16476"}],"curies":[{"name":"wp","href":"https:\/\/api.w.org\/{rel}","templated":true}]}}