{"id":16514,"date":"2026-07-02T09:39:46","date_gmt":"2026-07-02T07:39:46","guid":{"rendered":"https:\/\/adiznctb3b.wpdns.site\/rafmagns-solarborgarrutur-eru-i-notkun-med-godum-arangri-i-evropskum-borgum\/"},"modified":"2026-07-02T09:39:46","modified_gmt":"2026-07-02T07:39:46","slug":"rafmagns-solarborgarrutur-eru-i-notkun-med-godum-arangri-i-evropskum-borgum","status":"publish","type":"post","link":"https:\/\/k-bus.at\/is\/rafmagns-solarborgarrutur-eru-i-notkun-med-godum-arangri-i-evropskum-borgum\/","title":{"rendered":"Rafmagns-s\u00f3larborgarr\u00fatur eru \u00ed notkun me\u00f0 g\u00f3\u00f0um \u00e1rangri \u00ed evr\u00f3pskum borgum"},"content":{"rendered":"<h4>Rafkn\u00fanar s\u00f3larborgarr\u00fatur okkar hafa fest sig \u00ed sessi: \u00de\u00e6r eru \u00feegar \u00ed notkun \u00ed borgum eins og Stokkh\u00f3lmi, K\u00f6ln, Kapfenberg e\u00f0a Koper \u2013 \u00e1rei\u00f0anlegar, hindrunarlausar og losunarlausar.<\/h4>\n<p>\u00c1ri\u00f0 2017 \u00fer\u00f3u\u00f0um vi\u00f0 n\u00fdja ger\u00f0 rafkn\u00fainna str\u00e6tisvagna me\u00f0 E-Solar City \u2013 l\u00edtinn, handh\u00e6gan og me\u00f0 allt a\u00f0 160 k\u00edl\u00f3metra dr\u00e6gni. Fyrstu afhendingar h\u00f3fust \u00e1ri\u00f0 2018 og \u00f6kut\u00e6kin eru n\u00fa or\u00f0in algeng sj\u00f3n \u00ed daglegri umfer\u00f0 Evr\u00f3pu. <\/p>\n<p>Hvort sem er \u00ed borgarumfer\u00f0, sem almenningsr\u00fata e\u00f0a \u00ed sm\u00e6rri b\u00e6jum \u2013 E-Solar City s\u00fdnir fram \u00e1 a\u00f0 rafkn\u00fanar samg\u00f6ngur virka einnig \u00ed flokkum sm\u00e1b\u00edla. Samsetning au\u00f0veldrar notkunar (venjulegt \u00f6kusk\u00edrteini flokkur B) og daglegrar notagildis er s\u00e9rstaklega mikils metin. <\/p>\n<p>Vi\u00f0 erum himinlifandi a\u00f0 fyrirt\u00e6ki eins og Bergvarabus, Postbus og MVG noti str\u00e6tisvagna okkar \u2013 og sendum \u00feannig sk\u00fdr skilabo\u00f0 um sj\u00e1lfb\u00e6ra samg\u00f6ngur.<\/p>\n<p>\u2192 Meira um borgarr\u00fatur okkar<\/p>\n","protected":false},"excerpt":{"rendered":"<p>Rafkn\u00fanar s\u00f3larborgarr\u00fatur okkar hafa fest sig \u00ed sessi: \u00de\u00e6r eru \u00feegar \u00ed notkun \u00ed borgum eins og Stokkh\u00f3lmi, K\u00f6ln, Kapfenberg<\/p>\n","protected":false},"author":3,"featured_media":16516,"comment_status":"closed","ping_status":"closed","sticky":false,"template":"","format":"standard","meta":{"_acf_changed":false,"footnotes":""},"categories":[1],"tags":[],"class_list":["post-16514","post","type-post","status-publish","format-standard","has-post-thumbnail","hentry","category-unkategorisiert"],"acf":[],"yoast_head":"<!-- This site is optimized with the Yoast SEO plugin v28.0 - https:\/\/yoast.com\/product\/yoast-seo-wordpress\/ -->\n<title>Rafmagns-s\u00f3larborgarr\u00fatur eru \u00ed notkun me\u00f0 g\u00f3\u00f0um \u00e1rangri \u00ed evr\u00f3pskum borgum - K-Bus<\/title>\n<meta name=\"robots\" content=\"index, follow, max-snippet:-1, max-image-preview:large, max-video-preview:-1\" \/>\n<link rel=\"canonical\" href=\"https:\/\/k-bus.at\/is\/rafmagns-solarborgarrutur-eru-i-notkun-med-godum-arangri-i-evropskum-borgum\/\" \/>\n<meta property=\"og:locale\" content=\"is_IS\" \/>\n<meta property=\"og:type\" content=\"article\" \/>\n<meta property=\"og:title\" content=\"Rafmagns-s\u00f3larborgarr\u00fatur eru \u00ed notkun me\u00f0 g\u00f3\u00f0um \u00e1rangri \u00ed evr\u00f3pskum borgum - K-Bus\" \/>\n<meta property=\"og:description\" content=\"Rafkn\u00fanar s\u00f3larborgarr\u00fatur okkar hafa fest sig \u00ed sessi: \u00de\u00e6r eru \u00feegar \u00ed notkun \u00ed borgum eins og Stokkh\u00f3lmi, K\u00f6ln, Kapfenberg\" \/>\n<meta property=\"og:url\" content=\"https:\/\/k-bus.at\/is\/rafmagns-solarborgarrutur-eru-i-notkun-med-godum-arangri-i-evropskum-borgum\/\" \/>\n<meta property=\"og:site_name\" content=\"K-Bus\" \/>\n<meta property=\"article:published_time\" content=\"2026-07-02T07:39:46+00:00\" \/>\n<meta property=\"og:image\" content=\"https:\/\/k-bus.at\/wp-content\/uploads\/2026\/01\/e-daily5_solar_xl_kbus-e1781161208356.jpg\" \/>\n\t<meta property=\"og:image:width\" content=\"1000\" \/>\n\t<meta property=\"og:image:height\" content=\"715\" \/>\n\t<meta property=\"og:image:type\" content=\"image\/jpeg\" \/>\n<meta name=\"author\" content=\"Andrea Pirecki\" \/>\n<meta name=\"twitter:card\" content=\"summary_large_image\" \/>\n<meta name=\"twitter:label1\" content=\"Written by\" \/>\n\t<meta name=\"twitter:data1\" content=\"Andrea Pirecki\" \/>\n\t<meta name=\"twitter:label2\" content=\"Est. reading time\" \/>\n\t<meta name=\"twitter:data2\" content=\"1 minute\" \/>\n<script type=\"application\/ld+json\" class=\"yoast-schema-graph\">{\"@context\":\"https:\\\/\\\/schema.org\",\"@graph\":[{\"@type\":\"Article\",\"@id\":\"https:\\\/\\\/k-bus.at\\\/is\\\/rafmagns-solarborgarrutur-eru-i-notkun-med-godum-arangri-i-evropskum-borgum\\\/#article\",\"isPartOf\":{\"@id\":\"https:\\\/\\\/k-bus.at\\\/is\\\/rafmagns-solarborgarrutur-eru-i-notkun-med-godum-arangri-i-evropskum-borgum\\\/\"},\"author\":{\"name\":\"Andrea Pirecki\",\"@id\":\"https:\\\/\\\/k-bus.at\\\/is\\\/#\\\/schema\\\/person\\\/b79a4f67da3db34c482fb3becd6e4245\"},\"headline\":\"Rafmagns-s\u00f3larborgarr\u00fatur eru \u00ed notkun me\u00f0 g\u00f3\u00f0um \u00e1rangri \u00ed evr\u00f3pskum borgum\",\"datePublished\":\"2026-07-02T07:39:46+00:00\",\"mainEntityOfPage\":{\"@id\":\"https:\\\/\\\/k-bus.at\\\/is\\\/rafmagns-solarborgarrutur-eru-i-notkun-med-godum-arangri-i-evropskum-borgum\\\/\"},\"wordCount\":168,\"image\":{\"@id\":\"https:\\\/\\\/k-bus.at\\\/is\\\/rafmagns-solarborgarrutur-eru-i-notkun-med-godum-arangri-i-evropskum-borgum\\\/#primaryimage\"},\"thumbnailUrl\":\"https:\\\/\\\/k-bus.at\\\/wp-content\\\/uploads\\\/2026\\\/01\\\/e-daily5_solar_xl_kbus-e1781161208356.jpg\",\"articleSection\":[\"Unkategorisiert\"],\"inLanguage\":\"is\"},{\"@type\":\"WebPage\",\"@id\":\"https:\\\/\\\/k-bus.at\\\/is\\\/rafmagns-solarborgarrutur-eru-i-notkun-med-godum-arangri-i-evropskum-borgum\\\/\",\"url\":\"https:\\\/\\\/k-bus.at\\\/is\\\/rafmagns-solarborgarrutur-eru-i-notkun-med-godum-arangri-i-evropskum-borgum\\\/\",\"name\":\"Rafmagns-s\u00f3larborgarr\u00fatur eru \u00ed notkun me\u00f0 g\u00f3\u00f0um \u00e1rangri \u00ed evr\u00f3pskum borgum - K-Bus\",\"isPartOf\":{\"@id\":\"https:\\\/\\\/k-bus.at\\\/is\\\/#website\"},\"primaryImageOfPage\":{\"@id\":\"https:\\\/\\\/k-bus.at\\\/is\\\/rafmagns-solarborgarrutur-eru-i-notkun-med-godum-arangri-i-evropskum-borgum\\\/#primaryimage\"},\"image\":{\"@id\":\"https:\\\/\\\/k-bus.at\\\/is\\\/rafmagns-solarborgarrutur-eru-i-notkun-med-godum-arangri-i-evropskum-borgum\\\/#primaryimage\"},\"thumbnailUrl\":\"https:\\\/\\\/k-bus.at\\\/wp-content\\\/uploads\\\/2026\\\/01\\\/e-daily5_solar_xl_kbus-e1781161208356.jpg\",\"datePublished\":\"2026-07-02T07:39:46+00:00\",\"author\":{\"@id\":\"https:\\\/\\\/k-bus.at\\\/is\\\/#\\\/schema\\\/person\\\/b79a4f67da3db34c482fb3becd6e4245\"},\"breadcrumb\":{\"@id\":\"https:\\\/\\\/k-bus.at\\\/is\\\/rafmagns-solarborgarrutur-eru-i-notkun-med-godum-arangri-i-evropskum-borgum\\\/#breadcrumb\"},\"inLanguage\":\"is\",\"potentialAction\":[{\"@type\":\"ReadAction\",\"target\":[\"https:\\\/\\\/k-bus.at\\\/is\\\/rafmagns-solarborgarrutur-eru-i-notkun-med-godum-arangri-i-evropskum-borgum\\\/\"]}]},{\"@type\":\"ImageObject\",\"inLanguage\":\"is\",\"@id\":\"https:\\\/\\\/k-bus.at\\\/is\\\/rafmagns-solarborgarrutur-eru-i-notkun-med-godum-arangri-i-evropskum-borgum\\\/#primaryimage\",\"url\":\"https:\\\/\\\/k-bus.at\\\/wp-content\\\/uploads\\\/2026\\\/01\\\/e-daily5_solar_xl_kbus-e1781161208356.jpg\",\"contentUrl\":\"https:\\\/\\\/k-bus.at\\\/wp-content\\\/uploads\\\/2026\\\/01\\\/e-daily5_solar_xl_kbus-e1781161208356.jpg\",\"width\":1000,\"height\":715},{\"@type\":\"BreadcrumbList\",\"@id\":\"https:\\\/\\\/k-bus.at\\\/is\\\/rafmagns-solarborgarrutur-eru-i-notkun-med-godum-arangri-i-evropskum-borgum\\\/#breadcrumb\",\"itemListElement\":[{\"@type\":\"ListItem\",\"position\":1,\"name\":\"Startseite\",\"item\":\"https:\\\/\\\/k-bus.at\\\/is\\\/k-bus-gmbh\\\/\"},{\"@type\":\"ListItem\",\"position\":2,\"name\":\"Rafmagns-s\u00f3larborgarr\u00fatur eru \u00ed notkun me\u00f0 g\u00f3\u00f0um \u00e1rangri \u00ed evr\u00f3pskum borgum\"}]},{\"@type\":\"WebSite\",\"@id\":\"https:\\\/\\\/k-bus.at\\\/is\\\/#website\",\"url\":\"https:\\\/\\\/k-bus.at\\\/is\\\/\",\"name\":\"K-Bus\",\"description\":\"Smart Mobility\",\"potentialAction\":[{\"@type\":\"SearchAction\",\"target\":{\"@type\":\"EntryPoint\",\"urlTemplate\":\"https:\\\/\\\/k-bus.at\\\/is\\\/?s={search_term_string}\"},\"query-input\":{\"@type\":\"PropertyValueSpecification\",\"valueRequired\":true,\"valueName\":\"search_term_string\"}}],\"inLanguage\":\"is\"},{\"@type\":\"Person\",\"@id\":\"https:\\\/\\\/k-bus.at\\\/is\\\/#\\\/schema\\\/person\\\/b79a4f67da3db34c482fb3becd6e4245\",\"name\":\"Andrea Pirecki\",\"image\":{\"@type\":\"ImageObject\",\"inLanguage\":\"is\",\"@id\":\"https:\\\/\\\/secure.gravatar.com\\\/avatar\\\/5e7490fdafa64acbdd60eca8c45c7de318b19f18b275b5c3183eff64bd4dd9e8?s=96&d=mm&r=g\",\"url\":\"https:\\\/\\\/secure.gravatar.com\\\/avatar\\\/5e7490fdafa64acbdd60eca8c45c7de318b19f18b275b5c3183eff64bd4dd9e8?s=96&d=mm&r=g\",\"contentUrl\":\"https:\\\/\\\/secure.gravatar.com\\\/avatar\\\/5e7490fdafa64acbdd60eca8c45c7de318b19f18b275b5c3183eff64bd4dd9e8?s=96&d=mm&r=g\",\"caption\":\"Andrea Pirecki\"}}]}<\/script>\n<!-- \/ Yoast SEO plugin. -->","yoast_head_json":{"title":"Rafmagns-s\u00f3larborgarr\u00fatur eru \u00ed notkun me\u00f0 g\u00f3\u00f0um \u00e1rangri \u00ed evr\u00f3pskum borgum - K-Bus","robots":{"index":"index","follow":"follow","max-snippet":"max-snippet:-1","max-image-preview":"max-image-preview:large","max-video-preview":"max-video-preview:-1"},"canonical":"https:\/\/k-bus.at\/is\/rafmagns-solarborgarrutur-eru-i-notkun-med-godum-arangri-i-evropskum-borgum\/","og_locale":"is_IS","og_type":"article","og_title":"Rafmagns-s\u00f3larborgarr\u00fatur eru \u00ed notkun me\u00f0 g\u00f3\u00f0um \u00e1rangri \u00ed evr\u00f3pskum borgum - K-Bus","og_description":"Rafkn\u00fanar s\u00f3larborgarr\u00fatur okkar hafa fest sig \u00ed sessi: \u00de\u00e6r eru \u00feegar \u00ed notkun \u00ed borgum eins og Stokkh\u00f3lmi, K\u00f6ln, Kapfenberg","og_url":"https:\/\/k-bus.at\/is\/rafmagns-solarborgarrutur-eru-i-notkun-med-godum-arangri-i-evropskum-borgum\/","og_site_name":"K-Bus","article_published_time":"2026-07-02T07:39:46+00:00","og_image":[{"width":1000,"height":715,"url":"https:\/\/k-bus.at\/wp-content\/uploads\/2026\/01\/e-daily5_solar_xl_kbus-e1781161208356.jpg","type":"image\/jpeg"}],"author":"Andrea Pirecki","twitter_card":"summary_large_image","twitter_misc":{"Written by":"Andrea Pirecki","Est. reading time":"1 minute"},"schema":{"@context":"https:\/\/schema.org","@graph":[{"@type":"Article","@id":"https:\/\/k-bus.at\/is\/rafmagns-solarborgarrutur-eru-i-notkun-med-godum-arangri-i-evropskum-borgum\/#article","isPartOf":{"@id":"https:\/\/k-bus.at\/is\/rafmagns-solarborgarrutur-eru-i-notkun-med-godum-arangri-i-evropskum-borgum\/"},"author":{"name":"Andrea Pirecki","@id":"https:\/\/k-bus.at\/is\/#\/schema\/person\/b79a4f67da3db34c482fb3becd6e4245"},"headline":"Rafmagns-s\u00f3larborgarr\u00fatur eru \u00ed notkun me\u00f0 g\u00f3\u00f0um \u00e1rangri \u00ed evr\u00f3pskum borgum","datePublished":"2026-07-02T07:39:46+00:00","mainEntityOfPage":{"@id":"https:\/\/k-bus.at\/is\/rafmagns-solarborgarrutur-eru-i-notkun-med-godum-arangri-i-evropskum-borgum\/"},"wordCount":168,"image":{"@id":"https:\/\/k-bus.at\/is\/rafmagns-solarborgarrutur-eru-i-notkun-med-godum-arangri-i-evropskum-borgum\/#primaryimage"},"thumbnailUrl":"https:\/\/k-bus.at\/wp-content\/uploads\/2026\/01\/e-daily5_solar_xl_kbus-e1781161208356.jpg","articleSection":["Unkategorisiert"],"inLanguage":"is"},{"@type":"WebPage","@id":"https:\/\/k-bus.at\/is\/rafmagns-solarborgarrutur-eru-i-notkun-med-godum-arangri-i-evropskum-borgum\/","url":"https:\/\/k-bus.at\/is\/rafmagns-solarborgarrutur-eru-i-notkun-med-godum-arangri-i-evropskum-borgum\/","name":"Rafmagns-s\u00f3larborgarr\u00fatur eru \u00ed notkun me\u00f0 g\u00f3\u00f0um \u00e1rangri \u00ed evr\u00f3pskum borgum - K-Bus","isPartOf":{"@id":"https:\/\/k-bus.at\/is\/#website"},"primaryImageOfPage":{"@id":"https:\/\/k-bus.at\/is\/rafmagns-solarborgarrutur-eru-i-notkun-med-godum-arangri-i-evropskum-borgum\/#primaryimage"},"image":{"@id":"https:\/\/k-bus.at\/is\/rafmagns-solarborgarrutur-eru-i-notkun-med-godum-arangri-i-evropskum-borgum\/#primaryimage"},"thumbnailUrl":"https:\/\/k-bus.at\/wp-content\/uploads\/2026\/01\/e-daily5_solar_xl_kbus-e1781161208356.jpg","datePublished":"2026-07-02T07:39:46+00:00","author":{"@id":"https:\/\/k-bus.at\/is\/#\/schema\/person\/b79a4f67da3db34c482fb3becd6e4245"},"breadcrumb":{"@id":"https:\/\/k-bus.at\/is\/rafmagns-solarborgarrutur-eru-i-notkun-med-godum-arangri-i-evropskum-borgum\/#breadcrumb"},"inLanguage":"is","potentialAction":[{"@type":"ReadAction","target":["https:\/\/k-bus.at\/is\/rafmagns-solarborgarrutur-eru-i-notkun-med-godum-arangri-i-evropskum-borgum\/"]}]},{"@type":"ImageObject","inLanguage":"is","@id":"https:\/\/k-bus.at\/is\/rafmagns-solarborgarrutur-eru-i-notkun-med-godum-arangri-i-evropskum-borgum\/#primaryimage","url":"https:\/\/k-bus.at\/wp-content\/uploads\/2026\/01\/e-daily5_solar_xl_kbus-e1781161208356.jpg","contentUrl":"https:\/\/k-bus.at\/wp-content\/uploads\/2026\/01\/e-daily5_solar_xl_kbus-e1781161208356.jpg","width":1000,"height":715},{"@type":"BreadcrumbList","@id":"https:\/\/k-bus.at\/is\/rafmagns-solarborgarrutur-eru-i-notkun-med-godum-arangri-i-evropskum-borgum\/#breadcrumb","itemListElement":[{"@type":"ListItem","position":1,"name":"Startseite","item":"https:\/\/k-bus.at\/is\/k-bus-gmbh\/"},{"@type":"ListItem","position":2,"name":"Rafmagns-s\u00f3larborgarr\u00fatur eru \u00ed notkun me\u00f0 g\u00f3\u00f0um \u00e1rangri \u00ed evr\u00f3pskum borgum"}]},{"@type":"WebSite","@id":"https:\/\/k-bus.at\/is\/#website","url":"https:\/\/k-bus.at\/is\/","name":"K-Bus","description":"Smart Mobility","potentialAction":[{"@type":"SearchAction","target":{"@type":"EntryPoint","urlTemplate":"https:\/\/k-bus.at\/is\/?s={search_term_string}"},"query-input":{"@type":"PropertyValueSpecification","valueRequired":true,"valueName":"search_term_string"}}],"inLanguage":"is"},{"@type":"Person","@id":"https:\/\/k-bus.at\/is\/#\/schema\/person\/b79a4f67da3db34c482fb3becd6e4245","name":"Andrea Pirecki","image":{"@type":"ImageObject","inLanguage":"is","@id":"https:\/\/secure.gravatar.com\/avatar\/5e7490fdafa64acbdd60eca8c45c7de318b19f18b275b5c3183eff64bd4dd9e8?s=96&d=mm&r=g","url":"https:\/\/secure.gravatar.com\/avatar\/5e7490fdafa64acbdd60eca8c45c7de318b19f18b275b5c3183eff64bd4dd9e8?s=96&d=mm&r=g","contentUrl":"https:\/\/secure.gravatar.com\/avatar\/5e7490fdafa64acbdd60eca8c45c7de318b19f18b275b5c3183eff64bd4dd9e8?s=96&d=mm&r=g","caption":"Andrea Pirecki"}}]}},"_links":{"self":[{"href":"https:\/\/k-bus.at\/is\/wp-json\/wp\/v2\/posts\/16514","targetHints":{"allow":["GET"]}}],"collection":[{"href":"https:\/\/k-bus.at\/is\/wp-json\/wp\/v2\/posts"}],"about":[{"href":"https:\/\/k-bus.at\/is\/wp-json\/wp\/v2\/types\/post"}],"author":[{"embeddable":true,"href":"https:\/\/k-bus.at\/is\/wp-json\/wp\/v2\/users\/3"}],"replies":[{"embeddable":true,"href":"https:\/\/k-bus.at\/is\/wp-json\/wp\/v2\/comments?post=16514"}],"version-history":[{"count":0,"href":"https:\/\/k-bus.at\/is\/wp-json\/wp\/v2\/posts\/16514\/revisions"}],"wp:featuredmedia":[{"embeddable":true,"href":"https:\/\/k-bus.at\/is\/wp-json\/wp\/v2\/media\/16516"}],"wp:attachment":[{"href":"https:\/\/k-bus.at\/is\/wp-json\/wp\/v2\/media?parent=16514"}],"wp:term":[{"taxonomy":"category","embeddable":true,"href":"https:\/\/k-bus.at\/is\/wp-json\/wp\/v2\/categories?post=16514"},{"taxonomy":"post_tag","embeddable":true,"href":"https:\/\/k-bus.at\/is\/wp-json\/wp\/v2\/tags?post=16514"}],"curies":[{"name":"wp","href":"https:\/\/api.w.org\/{rel}","templated":true}]}}