{"id":290,"count":2,"description":"\n\n\n\n\n\n\n<strong>Str\u00e6tisvagnar \u00ed samf\u00e9laginu og sveitarf\u00e9l\u00f6gum<\/strong>\nR\u00fatur okkar, b\u00e6\u00f0i \u00ed samf\u00e9laginu og \u00e1 vegum sveitarf\u00e9laga, eru nett og a\u00f0gengileg \u00f6kut\u00e6ki til sta\u00f0bundinnar notkunar \u00ed samf\u00e9l\u00f6gum, kl\u00fabbum og f\u00e9lagsstofnunum. \u00de\u00e6r eru hagkv\u00e6mar \u00ed rekstri, sveigjanlega \u00fatb\u00fanar og sni\u00f0nar a\u00f0 \u00fe\u00f6rfum hvers og eins. \n\u00de\u00f6kk s\u00e9 \u00f6kusk\u00edrteini af flokki B geta \u00fej\u00e1lfa\u00f0ir sj\u00e1lfbo\u00f0ali\u00f0ar e\u00f0a starfsmenn einnig eki\u00f0 \u00feeim. \u00deetta gerir \u00fe\u00e1 tilvalda fyrir almenningssamg\u00f6ngur, skutlu\u00fej\u00f3nustu e\u00f0a minni \u00e1\u00e6tlunarfer\u00f0ir. \nMe\u00f0 vi\u00f0urkenndri grunnt\u00e6kni, hindrunarlausri innr\u00e9ttingu me\u00f0 l\u00e1gu g\u00f3lfi og valfrj\u00e1lsum drifum eru \u00feeir \u00e1rei\u00f0anlegir, endingarg\u00f3\u00f0ir og tilvaldir til daglegrar notkunar.\n\n\n\n\n\n\n\n\n\n","link":"https:\/\/k-bus.at\/is\/typ\/straetisvagnar-i-samfelaginu-og-sveitarfeloegum\/","name":"Str\u00e6tisvagnar \u00ed samf\u00e9laginu og sveitarf\u00e9l\u00f6gum","slug":"straetisvagnar-i-samfelaginu-og-sveitarfeloegum","taxonomy":"typ","meta":[],"acf":[],"yoast_head":"<!-- This site is optimized with the Yoast SEO plugin v28.0 - https:\/\/yoast.com\/product\/yoast-seo-wordpress\/ -->\n<title>Str\u00e6tisvagnar \u00ed samf\u00e9laginu og sveitarf\u00e9l\u00f6gum Archives - K-Bus<\/title>\n<meta name=\"robots\" content=\"index, follow, max-snippet:-1, max-image-preview:large, max-video-preview:-1\" \/>\n<link rel=\"canonical\" href=\"https:\/\/k-bus.at\/is\/typ\/straetisvagnar-i-samfelaginu-og-sveitarfeloegum\/\" \/>\n<meta property=\"og:locale\" content=\"is_IS\" \/>\n<meta property=\"og:type\" content=\"article\" \/>\n<meta property=\"og:title\" content=\"Str\u00e6tisvagnar \u00ed samf\u00e9laginu og sveitarf\u00e9l\u00f6gum Archives - K-Bus\" \/>\n<meta property=\"og:description\" content=\"Str\u00e6tisvagnar \u00ed samf\u00e9laginu og sveitarf\u00e9l\u00f6gum R\u00fatur okkar, b\u00e6\u00f0i \u00ed samf\u00e9laginu og \u00e1 vegum sveitarf\u00e9laga, eru nett og a\u00f0gengileg \u00f6kut\u00e6ki til sta\u00f0bundinnar notkunar \u00ed samf\u00e9l\u00f6gum, kl\u00fabbum og f\u00e9lagsstofnunum. \u00de\u00e6r eru hagkv\u00e6mar \u00ed rekstri, sveigjanlega \u00fatb\u00fanar og sni\u00f0nar a\u00f0 \u00fe\u00f6rfum hvers og eins. \u00de\u00f6kk s\u00e9 \u00f6kusk\u00edrteini af flokki B geta \u00fej\u00e1lfa\u00f0ir sj\u00e1lfbo\u00f0ali\u00f0ar e\u00f0a starfsmenn einnig eki\u00f0 \u00feeim. \u00deetta gerir \u00fe\u00e1 tilvalda fyrir almenningssamg\u00f6ngur, skutlu\u00fej\u00f3nustu e\u00f0a minni \u00e1\u00e6tlunarfer\u00f0ir. Me\u00f0 vi\u00f0urkenndri grunnt\u00e6kni, hindrunarlausri innr\u00e9ttingu me\u00f0 l\u00e1gu g\u00f3lfi og valfrj\u00e1lsum drifum eru \u00feeir \u00e1rei\u00f0anlegir, endingarg\u00f3\u00f0ir og tilvaldir til daglegrar notkunar.\" \/>\n<meta property=\"og:url\" content=\"https:\/\/k-bus.at\/is\/typ\/straetisvagnar-i-samfelaginu-og-sveitarfeloegum\/\" \/>\n<meta property=\"og:site_name\" content=\"K-Bus\" \/>\n<meta name=\"twitter:card\" content=\"summary_large_image\" \/>\n<script type=\"application\/ld+json\" class=\"yoast-schema-graph\">{\"@context\":\"https:\\\/\\\/schema.org\",\"@graph\":[{\"@type\":\"CollectionPage\",\"@id\":\"https:\\\/\\\/k-bus.at\\\/is\\\/typ\\\/straetisvagnar-i-samfelaginu-og-sveitarfeloegum\\\/\",\"url\":\"https:\\\/\\\/k-bus.at\\\/is\\\/typ\\\/straetisvagnar-i-samfelaginu-og-sveitarfeloegum\\\/\",\"name\":\"Str\u00e6tisvagnar \u00ed samf\u00e9laginu og sveitarf\u00e9l\u00f6gum Archives - K-Bus\",\"isPartOf\":{\"@id\":\"https:\\\/\\\/k-bus.at\\\/is\\\/#website\"},\"breadcrumb\":{\"@id\":\"https:\\\/\\\/k-bus.at\\\/is\\\/typ\\\/straetisvagnar-i-samfelaginu-og-sveitarfeloegum\\\/#breadcrumb\"},\"inLanguage\":\"is\"},{\"@type\":\"BreadcrumbList\",\"@id\":\"https:\\\/\\\/k-bus.at\\\/is\\\/typ\\\/straetisvagnar-i-samfelaginu-og-sveitarfeloegum\\\/#breadcrumb\",\"itemListElement\":[{\"@type\":\"ListItem\",\"position\":1,\"name\":\"Startseite\",\"item\":\"https:\\\/\\\/k-bus.at\\\/is\\\/k-bus-gmbh\\\/\"},{\"@type\":\"ListItem\",\"position\":2,\"name\":\"Str\u00e6tisvagnar \u00ed samf\u00e9laginu og sveitarf\u00e9l\u00f6gum\"}]},{\"@type\":\"WebSite\",\"@id\":\"https:\\\/\\\/k-bus.at\\\/is\\\/#website\",\"url\":\"https:\\\/\\\/k-bus.at\\\/is\\\/\",\"name\":\"K-Bus\",\"description\":\"Smart Mobility\",\"potentialAction\":[{\"@type\":\"SearchAction\",\"target\":{\"@type\":\"EntryPoint\",\"urlTemplate\":\"https:\\\/\\\/k-bus.at\\\/is\\\/?s={search_term_string}\"},\"query-input\":{\"@type\":\"PropertyValueSpecification\",\"valueRequired\":true,\"valueName\":\"search_term_string\"}}],\"inLanguage\":\"is\"}]}<\/script>\n<!-- \/ Yoast SEO plugin. -->","yoast_head_json":{"title":"Str\u00e6tisvagnar \u00ed samf\u00e9laginu og sveitarf\u00e9l\u00f6gum Archives - K-Bus","robots":{"index":"index","follow":"follow","max-snippet":"max-snippet:-1","max-image-preview":"max-image-preview:large","max-video-preview":"max-video-preview:-1"},"canonical":"https:\/\/k-bus.at\/is\/typ\/straetisvagnar-i-samfelaginu-og-sveitarfeloegum\/","og_locale":"is_IS","og_type":"article","og_title":"Str\u00e6tisvagnar \u00ed samf\u00e9laginu og sveitarf\u00e9l\u00f6gum Archives - K-Bus","og_description":"Str\u00e6tisvagnar \u00ed samf\u00e9laginu og sveitarf\u00e9l\u00f6gum R\u00fatur okkar, b\u00e6\u00f0i \u00ed samf\u00e9laginu og \u00e1 vegum sveitarf\u00e9laga, eru nett og a\u00f0gengileg \u00f6kut\u00e6ki til sta\u00f0bundinnar notkunar \u00ed samf\u00e9l\u00f6gum, kl\u00fabbum og f\u00e9lagsstofnunum. \u00de\u00e6r eru hagkv\u00e6mar \u00ed rekstri, sveigjanlega \u00fatb\u00fanar og sni\u00f0nar a\u00f0 \u00fe\u00f6rfum hvers og eins. \u00de\u00f6kk s\u00e9 \u00f6kusk\u00edrteini af flokki B geta \u00fej\u00e1lfa\u00f0ir sj\u00e1lfbo\u00f0ali\u00f0ar e\u00f0a starfsmenn einnig eki\u00f0 \u00feeim. \u00deetta gerir \u00fe\u00e1 tilvalda fyrir almenningssamg\u00f6ngur, skutlu\u00fej\u00f3nustu e\u00f0a minni \u00e1\u00e6tlunarfer\u00f0ir. Me\u00f0 vi\u00f0urkenndri grunnt\u00e6kni, hindrunarlausri innr\u00e9ttingu me\u00f0 l\u00e1gu g\u00f3lfi og valfrj\u00e1lsum drifum eru \u00feeir \u00e1rei\u00f0anlegir, endingarg\u00f3\u00f0ir og tilvaldir til daglegrar notkunar.","og_url":"https:\/\/k-bus.at\/is\/typ\/straetisvagnar-i-samfelaginu-og-sveitarfeloegum\/","og_site_name":"K-Bus","twitter_card":"summary_large_image","schema":{"@context":"https:\/\/schema.org","@graph":[{"@type":"CollectionPage","@id":"https:\/\/k-bus.at\/is\/typ\/straetisvagnar-i-samfelaginu-og-sveitarfeloegum\/","url":"https:\/\/k-bus.at\/is\/typ\/straetisvagnar-i-samfelaginu-og-sveitarfeloegum\/","name":"Str\u00e6tisvagnar \u00ed samf\u00e9laginu og sveitarf\u00e9l\u00f6gum Archives - K-Bus","isPartOf":{"@id":"https:\/\/k-bus.at\/is\/#website"},"breadcrumb":{"@id":"https:\/\/k-bus.at\/is\/typ\/straetisvagnar-i-samfelaginu-og-sveitarfeloegum\/#breadcrumb"},"inLanguage":"is"},{"@type":"BreadcrumbList","@id":"https:\/\/k-bus.at\/is\/typ\/straetisvagnar-i-samfelaginu-og-sveitarfeloegum\/#breadcrumb","itemListElement":[{"@type":"ListItem","position":1,"name":"Startseite","item":"https:\/\/k-bus.at\/is\/k-bus-gmbh\/"},{"@type":"ListItem","position":2,"name":"Str\u00e6tisvagnar \u00ed samf\u00e9laginu og sveitarf\u00e9l\u00f6gum"}]},{"@type":"WebSite","@id":"https:\/\/k-bus.at\/is\/#website","url":"https:\/\/k-bus.at\/is\/","name":"K-Bus","description":"Smart Mobility","potentialAction":[{"@type":"SearchAction","target":{"@type":"EntryPoint","urlTemplate":"https:\/\/k-bus.at\/is\/?s={search_term_string}"},"query-input":{"@type":"PropertyValueSpecification","valueRequired":true,"valueName":"search_term_string"}}],"inLanguage":"is"}]}},"_links":{"self":[{"href":"https:\/\/k-bus.at\/is\/wp-json\/wp\/v2\/typ\/290","targetHints":{"allow":["GET"]}}],"collection":[{"href":"https:\/\/k-bus.at\/is\/wp-json\/wp\/v2\/typ"}],"about":[{"href":"https:\/\/k-bus.at\/is\/wp-json\/wp\/v2\/taxonomies\/typ"}]}}