{"id":16466,"date":"2026-07-02T09:39:22","date_gmt":"2026-07-02T07:39:22","guid":{"rendered":"https:\/\/adiznctb3b.wpdns.site\/k-bus-atidaro-pirmaja-visiskai-elektrine-autobusu-linija-insbruke\/"},"modified":"2026-07-02T09:39:22","modified_gmt":"2026-07-02T07:39:22","slug":"k-bus-atidaro-pirmaja-visiskai-elektrine-autobusu-linija-insbruke","status":"publish","type":"post","link":"https:\/\/k-bus.at\/lt\/k-bus-atidaro-pirmaja-visiskai-elektrine-autobusu-linija-insbruke\/","title":{"rendered":"\u201eK-BUS\u201c atidaro pirm\u0105j\u0105 visi\u0161kai elektrin\u0119 autobus\u0173 linij\u0105 Insbruke"},"content":{"rendered":"<p data-start=\"167\" data-end=\"549\">\u012evedus pirm\u0105j\u0105 visi\u0161kai elektra varom\u0105 autobus\u0173 linij\u0105 Insbruke, nuosekliai t\u0119siama tvaraus judumo pl\u0117tra. Naujojoje D linijoje naudojami modern\u016bs \u201eK-Bus\u201c elektriniai mikroautobusai, kurie specialiai suprojektuoti va\u017ein\u0117ti mieste siauromis gatv\u0117mis ir kuri\u0173 nuva\u017eiuojamas atstumas siekia apie 150 kilometr\u0173. <\/p>\n<p data-start=\"551\" data-end=\"776\">Naujoji linija ypa\u010d pagerina susisiekim\u0105 su Arzl ir M\u00fchlau rajonais ir kartu yra svarbus \u017eingsnis link be ter\u0161al\u0173 vie\u0161ojo transporto.<\/p>\n<p data-start=\"778\" data-end=\"992\">Apie projekt\u0105 ra\u0161o ir regioninis laikra\u0161tis <span class=\"hover:entity-accent entity-underline inline cursor-pointer align-baseline\"><span class=\"whitespace-normal\">\u201eMeinBezirk\u201c<\/span><\/span> straipsnyje <strong data-start=\"879\" data-end=\"937\">\u201ePirmoji visi\u0161kai elektrin\u0117 autobus\u0173 linija Insbruke\u201c<\/strong>, kur\u012f para\u0161\u0117 <span class=\"hover:entity-accent entity-underline inline cursor-pointer align-baseline\"><span class=\"whitespace-normal\">Pascal Pali<\/span><\/span>.<\/p>\n<p data-start=\"994\" data-end=\"1153\">Vis\u0105 straipsn\u012f rasite \u010dia:<br data-start=\"1039\" data-end=\"1042\"\/><a class=\"decorated-link\" href=\"https:\/\/www.meinbezirk.at\/innsbruck\/c-lokales\/erste-vollstaendig-elektrische-buslinie-fuer-innsbruck_a7871915\" target=\"_new\" rel=\"noopener\" data-start=\"1042\" data-end=\"1151\">https:\/\/www.meinbezirk.at\/innsbruck\/c-lokales\/erste-vollstaendig-elektrische-buslinie-fuer-innsbruck_a7871915<\/a><\/p>\n","protected":false},"excerpt":{"rendered":"<p>\u012evedus pirm\u0105j\u0105 visi\u0161kai elektra varom\u0105 autobus\u0173 linij\u0105 Insbruke, nuosekliai t\u0119siama tvaraus judumo pl\u0117tra. Naujojoje D linijoje naudojami modern\u016bs \u201eK-Bus\u201c elektriniai<\/p>\n","protected":false},"author":3,"featured_media":2366,"comment_status":"closed","ping_status":"closed","sticky":false,"template":"","format":"standard","meta":{"_acf_changed":false,"footnotes":""},"categories":[251],"tags":[],"class_list":["post-16466","post","type-post","status-publish","format-standard","has-post-thumbnail","hentry","category-nekategorizuota"],"acf":[],"yoast_head":"<!-- This site is optimized with the Yoast SEO plugin v28.0 - https:\/\/yoast.com\/product\/yoast-seo-wordpress\/ -->\n<title>\u201eK-BUS\u201c atidaro pirm\u0105j\u0105 visi\u0161kai elektrin\u0119 autobus\u0173 linij\u0105 Insbruke - K-Bus<\/title>\n<meta name=\"robots\" content=\"index, follow, max-snippet:-1, max-image-preview:large, max-video-preview:-1\" \/>\n<link rel=\"canonical\" href=\"https:\/\/k-bus.at\/lt\/k-bus-atidaro-pirmaja-visiskai-elektrine-autobusu-linija-insbruke\/\" \/>\n<meta property=\"og:locale\" content=\"lt_LT\" \/>\n<meta property=\"og:type\" content=\"article\" \/>\n<meta property=\"og:title\" content=\"\u201eK-BUS\u201c atidaro pirm\u0105j\u0105 visi\u0161kai elektrin\u0119 autobus\u0173 linij\u0105 Insbruke - K-Bus\" \/>\n<meta property=\"og:description\" content=\"\u012evedus pirm\u0105j\u0105 visi\u0161kai elektra varom\u0105 autobus\u0173 linij\u0105 Insbruke, nuosekliai t\u0119siama tvaraus judumo pl\u0117tra. Naujojoje D linijoje naudojami modern\u016bs \u201eK-Bus\u201c elektriniai\" \/>\n<meta property=\"og:url\" content=\"https:\/\/k-bus.at\/lt\/k-bus-atidaro-pirmaja-visiskai-elektrine-autobusu-linija-insbruke\/\" \/>\n<meta property=\"og:site_name\" content=\"K-Bus\" \/>\n<meta property=\"article:published_time\" content=\"2026-07-02T07:39:22+00:00\" \/>\n<meta property=\"og:image\" content=\"https:\/\/k-bus.at\/wp-content\/uploads\/2026\/04\/20251112_071301.jpg\" \/>\n\t<meta property=\"og:image:width\" content=\"1280\" \/>\n\t<meta property=\"og:image:height\" content=\"960\" \/>\n\t<meta property=\"og:image:type\" content=\"image\/jpeg\" \/>\n<meta name=\"author\" content=\"Andrea Pirecki\" \/>\n<meta name=\"twitter:card\" content=\"summary_large_image\" \/>\n<meta name=\"twitter:label1\" content=\"Written by\" \/>\n\t<meta name=\"twitter:data1\" content=\"Andrea Pirecki\" \/>\n\t<meta name=\"twitter:label2\" content=\"Est. reading time\" \/>\n\t<meta name=\"twitter:data2\" content=\"1 minut\u0117\" \/>\n<script type=\"application\/ld+json\" class=\"yoast-schema-graph\">{\"@context\":\"https:\\\/\\\/schema.org\",\"@graph\":[{\"@type\":\"Article\",\"@id\":\"https:\\\/\\\/k-bus.at\\\/lt\\\/k-bus-atidaro-pirmaja-visiskai-elektrine-autobusu-linija-insbruke\\\/#article\",\"isPartOf\":{\"@id\":\"https:\\\/\\\/k-bus.at\\\/lt\\\/k-bus-atidaro-pirmaja-visiskai-elektrine-autobusu-linija-insbruke\\\/\"},\"author\":{\"name\":\"Andrea Pirecki\",\"@id\":\"https:\\\/\\\/k-bus.at\\\/lt\\\/#\\\/schema\\\/person\\\/b79a4f67da3db34c482fb3becd6e4245\"},\"headline\":\"\u201eK-BUS\u201c atidaro pirm\u0105j\u0105 visi\u0161kai elektrin\u0119 autobus\u0173 linij\u0105 Insbruke\",\"datePublished\":\"2026-07-02T07:39:22+00:00\",\"mainEntityOfPage\":{\"@id\":\"https:\\\/\\\/k-bus.at\\\/lt\\\/k-bus-atidaro-pirmaja-visiskai-elektrine-autobusu-linija-insbruke\\\/\"},\"wordCount\":110,\"image\":{\"@id\":\"https:\\\/\\\/k-bus.at\\\/lt\\\/k-bus-atidaro-pirmaja-visiskai-elektrine-autobusu-linija-insbruke\\\/#primaryimage\"},\"thumbnailUrl\":\"https:\\\/\\\/k-bus.at\\\/wp-content\\\/uploads\\\/2026\\\/04\\\/20251112_071301.jpg\",\"articleSection\":[\"Nekategorizuota\"],\"inLanguage\":\"lt-LT\"},{\"@type\":\"WebPage\",\"@id\":\"https:\\\/\\\/k-bus.at\\\/lt\\\/k-bus-atidaro-pirmaja-visiskai-elektrine-autobusu-linija-insbruke\\\/\",\"url\":\"https:\\\/\\\/k-bus.at\\\/lt\\\/k-bus-atidaro-pirmaja-visiskai-elektrine-autobusu-linija-insbruke\\\/\",\"name\":\"\u201eK-BUS\u201c atidaro pirm\u0105j\u0105 visi\u0161kai elektrin\u0119 autobus\u0173 linij\u0105 Insbruke - K-Bus\",\"isPartOf\":{\"@id\":\"https:\\\/\\\/k-bus.at\\\/lt\\\/#website\"},\"primaryImageOfPage\":{\"@id\":\"https:\\\/\\\/k-bus.at\\\/lt\\\/k-bus-atidaro-pirmaja-visiskai-elektrine-autobusu-linija-insbruke\\\/#primaryimage\"},\"image\":{\"@id\":\"https:\\\/\\\/k-bus.at\\\/lt\\\/k-bus-atidaro-pirmaja-visiskai-elektrine-autobusu-linija-insbruke\\\/#primaryimage\"},\"thumbnailUrl\":\"https:\\\/\\\/k-bus.at\\\/wp-content\\\/uploads\\\/2026\\\/04\\\/20251112_071301.jpg\",\"datePublished\":\"2026-07-02T07:39:22+00:00\",\"author\":{\"@id\":\"https:\\\/\\\/k-bus.at\\\/lt\\\/#\\\/schema\\\/person\\\/b79a4f67da3db34c482fb3becd6e4245\"},\"breadcrumb\":{\"@id\":\"https:\\\/\\\/k-bus.at\\\/lt\\\/k-bus-atidaro-pirmaja-visiskai-elektrine-autobusu-linija-insbruke\\\/#breadcrumb\"},\"inLanguage\":\"lt-LT\",\"potentialAction\":[{\"@type\":\"ReadAction\",\"target\":[\"https:\\\/\\\/k-bus.at\\\/lt\\\/k-bus-atidaro-pirmaja-visiskai-elektrine-autobusu-linija-insbruke\\\/\"]}]},{\"@type\":\"ImageObject\",\"inLanguage\":\"lt-LT\",\"@id\":\"https:\\\/\\\/k-bus.at\\\/lt\\\/k-bus-atidaro-pirmaja-visiskai-elektrine-autobusu-linija-insbruke\\\/#primaryimage\",\"url\":\"https:\\\/\\\/k-bus.at\\\/wp-content\\\/uploads\\\/2026\\\/04\\\/20251112_071301.jpg\",\"contentUrl\":\"https:\\\/\\\/k-bus.at\\\/wp-content\\\/uploads\\\/2026\\\/04\\\/20251112_071301.jpg\",\"width\":1280,\"height\":960,\"caption\":\"KBus-Kutsenits\"},{\"@type\":\"BreadcrumbList\",\"@id\":\"https:\\\/\\\/k-bus.at\\\/lt\\\/k-bus-atidaro-pirmaja-visiskai-elektrine-autobusu-linija-insbruke\\\/#breadcrumb\",\"itemListElement\":[{\"@type\":\"ListItem\",\"position\":1,\"name\":\"Startseite\",\"item\":\"https:\\\/\\\/k-bus.at\\\/lt\\\/k-bus-gmbh\\\/\"},{\"@type\":\"ListItem\",\"position\":2,\"name\":\"\u201eK-BUS\u201c atidaro pirm\u0105j\u0105 visi\u0161kai elektrin\u0119 autobus\u0173 linij\u0105 Insbruke\"}]},{\"@type\":\"WebSite\",\"@id\":\"https:\\\/\\\/k-bus.at\\\/lt\\\/#website\",\"url\":\"https:\\\/\\\/k-bus.at\\\/lt\\\/\",\"name\":\"K-Bus\",\"description\":\"Smart Mobility\",\"potentialAction\":[{\"@type\":\"SearchAction\",\"target\":{\"@type\":\"EntryPoint\",\"urlTemplate\":\"https:\\\/\\\/k-bus.at\\\/lt\\\/?s={search_term_string}\"},\"query-input\":{\"@type\":\"PropertyValueSpecification\",\"valueRequired\":true,\"valueName\":\"search_term_string\"}}],\"inLanguage\":\"lt-LT\"},{\"@type\":\"Person\",\"@id\":\"https:\\\/\\\/k-bus.at\\\/lt\\\/#\\\/schema\\\/person\\\/b79a4f67da3db34c482fb3becd6e4245\",\"name\":\"Andrea Pirecki\",\"image\":{\"@type\":\"ImageObject\",\"inLanguage\":\"lt-LT\",\"@id\":\"https:\\\/\\\/secure.gravatar.com\\\/avatar\\\/5e7490fdafa64acbdd60eca8c45c7de318b19f18b275b5c3183eff64bd4dd9e8?s=96&d=mm&r=g\",\"url\":\"https:\\\/\\\/secure.gravatar.com\\\/avatar\\\/5e7490fdafa64acbdd60eca8c45c7de318b19f18b275b5c3183eff64bd4dd9e8?s=96&d=mm&r=g\",\"contentUrl\":\"https:\\\/\\\/secure.gravatar.com\\\/avatar\\\/5e7490fdafa64acbdd60eca8c45c7de318b19f18b275b5c3183eff64bd4dd9e8?s=96&d=mm&r=g\",\"caption\":\"Andrea Pirecki\"}}]}<\/script>\n<!-- \/ Yoast SEO plugin. -->","yoast_head_json":{"title":"\u201eK-BUS\u201c atidaro pirm\u0105j\u0105 visi\u0161kai elektrin\u0119 autobus\u0173 linij\u0105 Insbruke - K-Bus","robots":{"index":"index","follow":"follow","max-snippet":"max-snippet:-1","max-image-preview":"max-image-preview:large","max-video-preview":"max-video-preview:-1"},"canonical":"https:\/\/k-bus.at\/lt\/k-bus-atidaro-pirmaja-visiskai-elektrine-autobusu-linija-insbruke\/","og_locale":"lt_LT","og_type":"article","og_title":"\u201eK-BUS\u201c atidaro pirm\u0105j\u0105 visi\u0161kai elektrin\u0119 autobus\u0173 linij\u0105 Insbruke - K-Bus","og_description":"\u012evedus pirm\u0105j\u0105 visi\u0161kai elektra varom\u0105 autobus\u0173 linij\u0105 Insbruke, nuosekliai t\u0119siama tvaraus judumo pl\u0117tra. Naujojoje D linijoje naudojami modern\u016bs \u201eK-Bus\u201c elektriniai","og_url":"https:\/\/k-bus.at\/lt\/k-bus-atidaro-pirmaja-visiskai-elektrine-autobusu-linija-insbruke\/","og_site_name":"K-Bus","article_published_time":"2026-07-02T07:39:22+00:00","og_image":[{"width":1280,"height":960,"url":"https:\/\/k-bus.at\/wp-content\/uploads\/2026\/04\/20251112_071301.jpg","type":"image\/jpeg"}],"author":"Andrea Pirecki","twitter_card":"summary_large_image","twitter_misc":{"Written by":"Andrea Pirecki","Est. reading time":"1 minut\u0117"},"schema":{"@context":"https:\/\/schema.org","@graph":[{"@type":"Article","@id":"https:\/\/k-bus.at\/lt\/k-bus-atidaro-pirmaja-visiskai-elektrine-autobusu-linija-insbruke\/#article","isPartOf":{"@id":"https:\/\/k-bus.at\/lt\/k-bus-atidaro-pirmaja-visiskai-elektrine-autobusu-linija-insbruke\/"},"author":{"name":"Andrea Pirecki","@id":"https:\/\/k-bus.at\/lt\/#\/schema\/person\/b79a4f67da3db34c482fb3becd6e4245"},"headline":"\u201eK-BUS\u201c atidaro pirm\u0105j\u0105 visi\u0161kai elektrin\u0119 autobus\u0173 linij\u0105 Insbruke","datePublished":"2026-07-02T07:39:22+00:00","mainEntityOfPage":{"@id":"https:\/\/k-bus.at\/lt\/k-bus-atidaro-pirmaja-visiskai-elektrine-autobusu-linija-insbruke\/"},"wordCount":110,"image":{"@id":"https:\/\/k-bus.at\/lt\/k-bus-atidaro-pirmaja-visiskai-elektrine-autobusu-linija-insbruke\/#primaryimage"},"thumbnailUrl":"https:\/\/k-bus.at\/wp-content\/uploads\/2026\/04\/20251112_071301.jpg","articleSection":["Nekategorizuota"],"inLanguage":"lt-LT"},{"@type":"WebPage","@id":"https:\/\/k-bus.at\/lt\/k-bus-atidaro-pirmaja-visiskai-elektrine-autobusu-linija-insbruke\/","url":"https:\/\/k-bus.at\/lt\/k-bus-atidaro-pirmaja-visiskai-elektrine-autobusu-linija-insbruke\/","name":"\u201eK-BUS\u201c atidaro pirm\u0105j\u0105 visi\u0161kai elektrin\u0119 autobus\u0173 linij\u0105 Insbruke - K-Bus","isPartOf":{"@id":"https:\/\/k-bus.at\/lt\/#website"},"primaryImageOfPage":{"@id":"https:\/\/k-bus.at\/lt\/k-bus-atidaro-pirmaja-visiskai-elektrine-autobusu-linija-insbruke\/#primaryimage"},"image":{"@id":"https:\/\/k-bus.at\/lt\/k-bus-atidaro-pirmaja-visiskai-elektrine-autobusu-linija-insbruke\/#primaryimage"},"thumbnailUrl":"https:\/\/k-bus.at\/wp-content\/uploads\/2026\/04\/20251112_071301.jpg","datePublished":"2026-07-02T07:39:22+00:00","author":{"@id":"https:\/\/k-bus.at\/lt\/#\/schema\/person\/b79a4f67da3db34c482fb3becd6e4245"},"breadcrumb":{"@id":"https:\/\/k-bus.at\/lt\/k-bus-atidaro-pirmaja-visiskai-elektrine-autobusu-linija-insbruke\/#breadcrumb"},"inLanguage":"lt-LT","potentialAction":[{"@type":"ReadAction","target":["https:\/\/k-bus.at\/lt\/k-bus-atidaro-pirmaja-visiskai-elektrine-autobusu-linija-insbruke\/"]}]},{"@type":"ImageObject","inLanguage":"lt-LT","@id":"https:\/\/k-bus.at\/lt\/k-bus-atidaro-pirmaja-visiskai-elektrine-autobusu-linija-insbruke\/#primaryimage","url":"https:\/\/k-bus.at\/wp-content\/uploads\/2026\/04\/20251112_071301.jpg","contentUrl":"https:\/\/k-bus.at\/wp-content\/uploads\/2026\/04\/20251112_071301.jpg","width":1280,"height":960,"caption":"KBus-Kutsenits"},{"@type":"BreadcrumbList","@id":"https:\/\/k-bus.at\/lt\/k-bus-atidaro-pirmaja-visiskai-elektrine-autobusu-linija-insbruke\/#breadcrumb","itemListElement":[{"@type":"ListItem","position":1,"name":"Startseite","item":"https:\/\/k-bus.at\/lt\/k-bus-gmbh\/"},{"@type":"ListItem","position":2,"name":"\u201eK-BUS\u201c atidaro pirm\u0105j\u0105 visi\u0161kai elektrin\u0119 autobus\u0173 linij\u0105 Insbruke"}]},{"@type":"WebSite","@id":"https:\/\/k-bus.at\/lt\/#website","url":"https:\/\/k-bus.at\/lt\/","name":"K-Bus","description":"Smart Mobility","potentialAction":[{"@type":"SearchAction","target":{"@type":"EntryPoint","urlTemplate":"https:\/\/k-bus.at\/lt\/?s={search_term_string}"},"query-input":{"@type":"PropertyValueSpecification","valueRequired":true,"valueName":"search_term_string"}}],"inLanguage":"lt-LT"},{"@type":"Person","@id":"https:\/\/k-bus.at\/lt\/#\/schema\/person\/b79a4f67da3db34c482fb3becd6e4245","name":"Andrea Pirecki","image":{"@type":"ImageObject","inLanguage":"lt-LT","@id":"https:\/\/secure.gravatar.com\/avatar\/5e7490fdafa64acbdd60eca8c45c7de318b19f18b275b5c3183eff64bd4dd9e8?s=96&d=mm&r=g","url":"https:\/\/secure.gravatar.com\/avatar\/5e7490fdafa64acbdd60eca8c45c7de318b19f18b275b5c3183eff64bd4dd9e8?s=96&d=mm&r=g","contentUrl":"https:\/\/secure.gravatar.com\/avatar\/5e7490fdafa64acbdd60eca8c45c7de318b19f18b275b5c3183eff64bd4dd9e8?s=96&d=mm&r=g","caption":"Andrea Pirecki"}}]}},"_links":{"self":[{"href":"https:\/\/k-bus.at\/lt\/wp-json\/wp\/v2\/posts\/16466","targetHints":{"allow":["GET"]}}],"collection":[{"href":"https:\/\/k-bus.at\/lt\/wp-json\/wp\/v2\/posts"}],"about":[{"href":"https:\/\/k-bus.at\/lt\/wp-json\/wp\/v2\/types\/post"}],"author":[{"embeddable":true,"href":"https:\/\/k-bus.at\/lt\/wp-json\/wp\/v2\/users\/3"}],"replies":[{"embeddable":true,"href":"https:\/\/k-bus.at\/lt\/wp-json\/wp\/v2\/comments?post=16466"}],"version-history":[{"count":0,"href":"https:\/\/k-bus.at\/lt\/wp-json\/wp\/v2\/posts\/16466\/revisions"}],"wp:featuredmedia":[{"embeddable":true,"href":"https:\/\/k-bus.at\/lt\/wp-json\/wp\/v2\/media\/2366"}],"wp:attachment":[{"href":"https:\/\/k-bus.at\/lt\/wp-json\/wp\/v2\/media?parent=16466"}],"wp:term":[{"taxonomy":"category","embeddable":true,"href":"https:\/\/k-bus.at\/lt\/wp-json\/wp\/v2\/categories?post=16466"},{"taxonomy":"post_tag","embeddable":true,"href":"https:\/\/k-bus.at\/lt\/wp-json\/wp\/v2\/tags?post=16466"}],"curies":[{"name":"wp","href":"https:\/\/api.w.org\/{rel}","templated":true}]}}