{"id":16513,"date":"2026-07-02T09:39:46","date_gmt":"2026-07-02T07:39:46","guid":{"rendered":"https:\/\/adiznctb3b.wpdns.site\/e-solar-miesto-autobusai-sekmingai-vazineja-europos-miestuose\/"},"modified":"2026-07-02T09:39:46","modified_gmt":"2026-07-02T07:39:46","slug":"e-solar-miesto-autobusai-sekmingai-vazineja-europos-miestuose","status":"publish","type":"post","link":"https:\/\/k-bus.at\/lt\/e-solar-miesto-autobusai-sekmingai-vazineja-europos-miestuose\/","title":{"rendered":"\u201eE-Solar\u201c miesto autobusai s\u0117kmingai va\u017ein\u0117ja Europos miestuose"},"content":{"rendered":"<h4>M\u016bs\u0173 \u201eE-Solar\u201c miesto autobusai jau \u012fsitvirtino: jau \u0161iandien jie va\u017ein\u0117ja tokiuose miestuose kaip Stokholmas, Kelnis, Kapfenbergas ar Koperis \u2013 patikimai, be kli\u016b\u010di\u0173 ir nei\u0161metant ter\u0161al\u0173.<\/h4>\n<p>2017 m. suk\u016br\u0117me naujos klas\u0117s elektrinius autobusus \u201eE-Solar City\u201c \u2013 kompakti\u0161kus, pritaikytus \u017emon\u0117ms su negalia ir galin\u010dius nuva\u017eiuoti iki 160 kilometr\u0173. 2018 m. prasid\u0117jo pirmieji pristatymai, o dabar \u0161ie automobiliai jau tapo \u012fprasta Europos kasdienyb\u0117s dalimi. <\/p>\n<p>Nesvarbu, ar tai b\u016bt\u0173 miesto eismas, pilie\u010di\u0173 autobusas, ar ma\u017eesn\u0117s savivaldyb\u0117s \u2013 \u201eE-Solar City\u201c \u012frodo, kad elektromobilumas puikiai tinka ir kompakti\u0161k\u0173 klasi\u0173 transporto priemon\u0117ms. Ypa\u010d vertinamas paprasto valdymo (B kategorijos vairuotojo pa\u017eym\u0117jimas) ir tinkamumo kasdieniam naudojimui derinys. <\/p>\n<p>D\u017eiaugiam\u0117s, kad tokios \u012fmon\u0117s kaip \u201eBergvarabus\u201c, \u201ePostbus\u201c ir \u201eMVG\u201c naudoja m\u016bs\u0173 autobusus \u2013 taip ai\u0161kiai parodydamos savo \u012fsipareigojim\u0105 tvaraus judumo id\u0117jai.<\/p>\n<p>\u2192 Daugiau apie m\u016bs\u0173 miesto autobusus<\/p>\n","protected":false},"excerpt":{"rendered":"<p>M\u016bs\u0173 \u201eE-Solar\u201c miesto autobusai jau \u012fsitvirtino: jau \u0161iandien jie va\u017ein\u0117ja tokiuose miestuose kaip Stokholmas, Kelnis, Kapfenbergas ar Koperis \u2013 patikimai,<\/p>\n","protected":false},"author":3,"featured_media":16515,"comment_status":"closed","ping_status":"closed","sticky":false,"template":"","format":"standard","meta":{"_acf_changed":false,"footnotes":""},"categories":[251],"tags":[],"class_list":["post-16513","post","type-post","status-publish","format-standard","has-post-thumbnail","hentry","category-nekategorizuota"],"acf":[],"yoast_head":"<!-- This site is optimized with the Yoast SEO plugin v28.0 - https:\/\/yoast.com\/product\/yoast-seo-wordpress\/ -->\n<title>\u201eE-Solar\u201c miesto autobusai s\u0117kmingai va\u017ein\u0117ja Europos miestuose - K-Bus<\/title>\n<meta name=\"robots\" content=\"index, follow, max-snippet:-1, max-image-preview:large, max-video-preview:-1\" \/>\n<link rel=\"canonical\" href=\"https:\/\/k-bus.at\/lt\/e-solar-miesto-autobusai-sekmingai-vazineja-europos-miestuose\/\" \/>\n<meta property=\"og:locale\" content=\"lt_LT\" \/>\n<meta property=\"og:type\" content=\"article\" \/>\n<meta property=\"og:title\" content=\"\u201eE-Solar\u201c miesto autobusai s\u0117kmingai va\u017ein\u0117ja Europos miestuose - K-Bus\" \/>\n<meta property=\"og:description\" content=\"M\u016bs\u0173 \u201eE-Solar\u201c miesto autobusai jau \u012fsitvirtino: jau \u0161iandien jie va\u017ein\u0117ja tokiuose miestuose kaip Stokholmas, Kelnis, Kapfenbergas ar Koperis \u2013 patikimai,\" \/>\n<meta property=\"og:url\" content=\"https:\/\/k-bus.at\/lt\/e-solar-miesto-autobusai-sekmingai-vazineja-europos-miestuose\/\" \/>\n<meta property=\"og:site_name\" content=\"K-Bus\" \/>\n<meta property=\"article:published_time\" content=\"2026-07-02T07:39:46+00:00\" \/>\n<meta property=\"og:image\" content=\"https:\/\/k-bus.at\/wp-content\/uploads\/2026\/01\/e-daily5_solar_xl_kbus-e1781161208356.jpg\" \/>\n\t<meta property=\"og:image:width\" content=\"1000\" \/>\n\t<meta property=\"og:image:height\" content=\"715\" \/>\n\t<meta property=\"og:image:type\" content=\"image\/jpeg\" \/>\n<meta name=\"author\" content=\"Andrea Pirecki\" \/>\n<meta name=\"twitter:card\" content=\"summary_large_image\" \/>\n<meta name=\"twitter:label1\" content=\"Written by\" \/>\n\t<meta name=\"twitter:data1\" content=\"Andrea Pirecki\" \/>\n\t<meta name=\"twitter:label2\" content=\"Est. reading time\" \/>\n\t<meta name=\"twitter:data2\" content=\"1 minut\u0117\" \/>\n<script type=\"application\/ld+json\" class=\"yoast-schema-graph\">{\"@context\":\"https:\\\/\\\/schema.org\",\"@graph\":[{\"@type\":\"Article\",\"@id\":\"https:\\\/\\\/k-bus.at\\\/lt\\\/e-solar-miesto-autobusai-sekmingai-vazineja-europos-miestuose\\\/#article\",\"isPartOf\":{\"@id\":\"https:\\\/\\\/k-bus.at\\\/lt\\\/e-solar-miesto-autobusai-sekmingai-vazineja-europos-miestuose\\\/\"},\"author\":{\"name\":\"Andrea Pirecki\",\"@id\":\"https:\\\/\\\/k-bus.at\\\/lt\\\/#\\\/schema\\\/person\\\/b79a4f67da3db34c482fb3becd6e4245\"},\"headline\":\"\u201eE-Solar\u201c miesto autobusai s\u0117kmingai va\u017ein\u0117ja Europos miestuose\",\"datePublished\":\"2026-07-02T07:39:46+00:00\",\"mainEntityOfPage\":{\"@id\":\"https:\\\/\\\/k-bus.at\\\/lt\\\/e-solar-miesto-autobusai-sekmingai-vazineja-europos-miestuose\\\/\"},\"wordCount\":158,\"image\":{\"@id\":\"https:\\\/\\\/k-bus.at\\\/lt\\\/e-solar-miesto-autobusai-sekmingai-vazineja-europos-miestuose\\\/#primaryimage\"},\"thumbnailUrl\":\"https:\\\/\\\/k-bus.at\\\/wp-content\\\/uploads\\\/2026\\\/01\\\/e-daily5_solar_xl_kbus-e1781161208356.jpg\",\"articleSection\":[\"Nekategorizuota\"],\"inLanguage\":\"lt-LT\"},{\"@type\":\"WebPage\",\"@id\":\"https:\\\/\\\/k-bus.at\\\/lt\\\/e-solar-miesto-autobusai-sekmingai-vazineja-europos-miestuose\\\/\",\"url\":\"https:\\\/\\\/k-bus.at\\\/lt\\\/e-solar-miesto-autobusai-sekmingai-vazineja-europos-miestuose\\\/\",\"name\":\"\u201eE-Solar\u201c miesto autobusai s\u0117kmingai va\u017ein\u0117ja Europos miestuose - K-Bus\",\"isPartOf\":{\"@id\":\"https:\\\/\\\/k-bus.at\\\/lt\\\/#website\"},\"primaryImageOfPage\":{\"@id\":\"https:\\\/\\\/k-bus.at\\\/lt\\\/e-solar-miesto-autobusai-sekmingai-vazineja-europos-miestuose\\\/#primaryimage\"},\"image\":{\"@id\":\"https:\\\/\\\/k-bus.at\\\/lt\\\/e-solar-miesto-autobusai-sekmingai-vazineja-europos-miestuose\\\/#primaryimage\"},\"thumbnailUrl\":\"https:\\\/\\\/k-bus.at\\\/wp-content\\\/uploads\\\/2026\\\/01\\\/e-daily5_solar_xl_kbus-e1781161208356.jpg\",\"datePublished\":\"2026-07-02T07:39:46+00:00\",\"author\":{\"@id\":\"https:\\\/\\\/k-bus.at\\\/lt\\\/#\\\/schema\\\/person\\\/b79a4f67da3db34c482fb3becd6e4245\"},\"breadcrumb\":{\"@id\":\"https:\\\/\\\/k-bus.at\\\/lt\\\/e-solar-miesto-autobusai-sekmingai-vazineja-europos-miestuose\\\/#breadcrumb\"},\"inLanguage\":\"lt-LT\",\"potentialAction\":[{\"@type\":\"ReadAction\",\"target\":[\"https:\\\/\\\/k-bus.at\\\/lt\\\/e-solar-miesto-autobusai-sekmingai-vazineja-europos-miestuose\\\/\"]}]},{\"@type\":\"ImageObject\",\"inLanguage\":\"lt-LT\",\"@id\":\"https:\\\/\\\/k-bus.at\\\/lt\\\/e-solar-miesto-autobusai-sekmingai-vazineja-europos-miestuose\\\/#primaryimage\",\"url\":\"https:\\\/\\\/k-bus.at\\\/wp-content\\\/uploads\\\/2026\\\/01\\\/e-daily5_solar_xl_kbus-e1781161208356.jpg\",\"contentUrl\":\"https:\\\/\\\/k-bus.at\\\/wp-content\\\/uploads\\\/2026\\\/01\\\/e-daily5_solar_xl_kbus-e1781161208356.jpg\",\"width\":1000,\"height\":715},{\"@type\":\"BreadcrumbList\",\"@id\":\"https:\\\/\\\/k-bus.at\\\/lt\\\/e-solar-miesto-autobusai-sekmingai-vazineja-europos-miestuose\\\/#breadcrumb\",\"itemListElement\":[{\"@type\":\"ListItem\",\"position\":1,\"name\":\"Startseite\",\"item\":\"https:\\\/\\\/k-bus.at\\\/lt\\\/k-bus-gmbh\\\/\"},{\"@type\":\"ListItem\",\"position\":2,\"name\":\"\u201eE-Solar\u201c miesto autobusai s\u0117kmingai va\u017ein\u0117ja Europos miestuose\"}]},{\"@type\":\"WebSite\",\"@id\":\"https:\\\/\\\/k-bus.at\\\/lt\\\/#website\",\"url\":\"https:\\\/\\\/k-bus.at\\\/lt\\\/\",\"name\":\"K-Bus\",\"description\":\"Smart Mobility\",\"potentialAction\":[{\"@type\":\"SearchAction\",\"target\":{\"@type\":\"EntryPoint\",\"urlTemplate\":\"https:\\\/\\\/k-bus.at\\\/lt\\\/?s={search_term_string}\"},\"query-input\":{\"@type\":\"PropertyValueSpecification\",\"valueRequired\":true,\"valueName\":\"search_term_string\"}}],\"inLanguage\":\"lt-LT\"},{\"@type\":\"Person\",\"@id\":\"https:\\\/\\\/k-bus.at\\\/lt\\\/#\\\/schema\\\/person\\\/b79a4f67da3db34c482fb3becd6e4245\",\"name\":\"Andrea Pirecki\",\"image\":{\"@type\":\"ImageObject\",\"inLanguage\":\"lt-LT\",\"@id\":\"https:\\\/\\\/secure.gravatar.com\\\/avatar\\\/5e7490fdafa64acbdd60eca8c45c7de318b19f18b275b5c3183eff64bd4dd9e8?s=96&d=mm&r=g\",\"url\":\"https:\\\/\\\/secure.gravatar.com\\\/avatar\\\/5e7490fdafa64acbdd60eca8c45c7de318b19f18b275b5c3183eff64bd4dd9e8?s=96&d=mm&r=g\",\"contentUrl\":\"https:\\\/\\\/secure.gravatar.com\\\/avatar\\\/5e7490fdafa64acbdd60eca8c45c7de318b19f18b275b5c3183eff64bd4dd9e8?s=96&d=mm&r=g\",\"caption\":\"Andrea Pirecki\"}}]}<\/script>\n<!-- \/ Yoast SEO plugin. -->","yoast_head_json":{"title":"\u201eE-Solar\u201c miesto autobusai s\u0117kmingai va\u017ein\u0117ja Europos miestuose - K-Bus","robots":{"index":"index","follow":"follow","max-snippet":"max-snippet:-1","max-image-preview":"max-image-preview:large","max-video-preview":"max-video-preview:-1"},"canonical":"https:\/\/k-bus.at\/lt\/e-solar-miesto-autobusai-sekmingai-vazineja-europos-miestuose\/","og_locale":"lt_LT","og_type":"article","og_title":"\u201eE-Solar\u201c miesto autobusai s\u0117kmingai va\u017ein\u0117ja Europos miestuose - K-Bus","og_description":"M\u016bs\u0173 \u201eE-Solar\u201c miesto autobusai jau \u012fsitvirtino: jau \u0161iandien jie va\u017ein\u0117ja tokiuose miestuose kaip Stokholmas, Kelnis, Kapfenbergas ar Koperis \u2013 patikimai,","og_url":"https:\/\/k-bus.at\/lt\/e-solar-miesto-autobusai-sekmingai-vazineja-europos-miestuose\/","og_site_name":"K-Bus","article_published_time":"2026-07-02T07:39:46+00:00","og_image":[{"width":1000,"height":715,"url":"https:\/\/k-bus.at\/wp-content\/uploads\/2026\/01\/e-daily5_solar_xl_kbus-e1781161208356.jpg","type":"image\/jpeg"}],"author":"Andrea Pirecki","twitter_card":"summary_large_image","twitter_misc":{"Written by":"Andrea Pirecki","Est. reading time":"1 minut\u0117"},"schema":{"@context":"https:\/\/schema.org","@graph":[{"@type":"Article","@id":"https:\/\/k-bus.at\/lt\/e-solar-miesto-autobusai-sekmingai-vazineja-europos-miestuose\/#article","isPartOf":{"@id":"https:\/\/k-bus.at\/lt\/e-solar-miesto-autobusai-sekmingai-vazineja-europos-miestuose\/"},"author":{"name":"Andrea Pirecki","@id":"https:\/\/k-bus.at\/lt\/#\/schema\/person\/b79a4f67da3db34c482fb3becd6e4245"},"headline":"\u201eE-Solar\u201c miesto autobusai s\u0117kmingai va\u017ein\u0117ja Europos miestuose","datePublished":"2026-07-02T07:39:46+00:00","mainEntityOfPage":{"@id":"https:\/\/k-bus.at\/lt\/e-solar-miesto-autobusai-sekmingai-vazineja-europos-miestuose\/"},"wordCount":158,"image":{"@id":"https:\/\/k-bus.at\/lt\/e-solar-miesto-autobusai-sekmingai-vazineja-europos-miestuose\/#primaryimage"},"thumbnailUrl":"https:\/\/k-bus.at\/wp-content\/uploads\/2026\/01\/e-daily5_solar_xl_kbus-e1781161208356.jpg","articleSection":["Nekategorizuota"],"inLanguage":"lt-LT"},{"@type":"WebPage","@id":"https:\/\/k-bus.at\/lt\/e-solar-miesto-autobusai-sekmingai-vazineja-europos-miestuose\/","url":"https:\/\/k-bus.at\/lt\/e-solar-miesto-autobusai-sekmingai-vazineja-europos-miestuose\/","name":"\u201eE-Solar\u201c miesto autobusai s\u0117kmingai va\u017ein\u0117ja Europos miestuose - K-Bus","isPartOf":{"@id":"https:\/\/k-bus.at\/lt\/#website"},"primaryImageOfPage":{"@id":"https:\/\/k-bus.at\/lt\/e-solar-miesto-autobusai-sekmingai-vazineja-europos-miestuose\/#primaryimage"},"image":{"@id":"https:\/\/k-bus.at\/lt\/e-solar-miesto-autobusai-sekmingai-vazineja-europos-miestuose\/#primaryimage"},"thumbnailUrl":"https:\/\/k-bus.at\/wp-content\/uploads\/2026\/01\/e-daily5_solar_xl_kbus-e1781161208356.jpg","datePublished":"2026-07-02T07:39:46+00:00","author":{"@id":"https:\/\/k-bus.at\/lt\/#\/schema\/person\/b79a4f67da3db34c482fb3becd6e4245"},"breadcrumb":{"@id":"https:\/\/k-bus.at\/lt\/e-solar-miesto-autobusai-sekmingai-vazineja-europos-miestuose\/#breadcrumb"},"inLanguage":"lt-LT","potentialAction":[{"@type":"ReadAction","target":["https:\/\/k-bus.at\/lt\/e-solar-miesto-autobusai-sekmingai-vazineja-europos-miestuose\/"]}]},{"@type":"ImageObject","inLanguage":"lt-LT","@id":"https:\/\/k-bus.at\/lt\/e-solar-miesto-autobusai-sekmingai-vazineja-europos-miestuose\/#primaryimage","url":"https:\/\/k-bus.at\/wp-content\/uploads\/2026\/01\/e-daily5_solar_xl_kbus-e1781161208356.jpg","contentUrl":"https:\/\/k-bus.at\/wp-content\/uploads\/2026\/01\/e-daily5_solar_xl_kbus-e1781161208356.jpg","width":1000,"height":715},{"@type":"BreadcrumbList","@id":"https:\/\/k-bus.at\/lt\/e-solar-miesto-autobusai-sekmingai-vazineja-europos-miestuose\/#breadcrumb","itemListElement":[{"@type":"ListItem","position":1,"name":"Startseite","item":"https:\/\/k-bus.at\/lt\/k-bus-gmbh\/"},{"@type":"ListItem","position":2,"name":"\u201eE-Solar\u201c miesto autobusai s\u0117kmingai va\u017ein\u0117ja Europos miestuose"}]},{"@type":"WebSite","@id":"https:\/\/k-bus.at\/lt\/#website","url":"https:\/\/k-bus.at\/lt\/","name":"K-Bus","description":"Smart Mobility","potentialAction":[{"@type":"SearchAction","target":{"@type":"EntryPoint","urlTemplate":"https:\/\/k-bus.at\/lt\/?s={search_term_string}"},"query-input":{"@type":"PropertyValueSpecification","valueRequired":true,"valueName":"search_term_string"}}],"inLanguage":"lt-LT"},{"@type":"Person","@id":"https:\/\/k-bus.at\/lt\/#\/schema\/person\/b79a4f67da3db34c482fb3becd6e4245","name":"Andrea Pirecki","image":{"@type":"ImageObject","inLanguage":"lt-LT","@id":"https:\/\/secure.gravatar.com\/avatar\/5e7490fdafa64acbdd60eca8c45c7de318b19f18b275b5c3183eff64bd4dd9e8?s=96&d=mm&r=g","url":"https:\/\/secure.gravatar.com\/avatar\/5e7490fdafa64acbdd60eca8c45c7de318b19f18b275b5c3183eff64bd4dd9e8?s=96&d=mm&r=g","contentUrl":"https:\/\/secure.gravatar.com\/avatar\/5e7490fdafa64acbdd60eca8c45c7de318b19f18b275b5c3183eff64bd4dd9e8?s=96&d=mm&r=g","caption":"Andrea Pirecki"}}]}},"_links":{"self":[{"href":"https:\/\/k-bus.at\/lt\/wp-json\/wp\/v2\/posts\/16513","targetHints":{"allow":["GET"]}}],"collection":[{"href":"https:\/\/k-bus.at\/lt\/wp-json\/wp\/v2\/posts"}],"about":[{"href":"https:\/\/k-bus.at\/lt\/wp-json\/wp\/v2\/types\/post"}],"author":[{"embeddable":true,"href":"https:\/\/k-bus.at\/lt\/wp-json\/wp\/v2\/users\/3"}],"replies":[{"embeddable":true,"href":"https:\/\/k-bus.at\/lt\/wp-json\/wp\/v2\/comments?post=16513"}],"version-history":[{"count":0,"href":"https:\/\/k-bus.at\/lt\/wp-json\/wp\/v2\/posts\/16513\/revisions"}],"wp:featuredmedia":[{"embeddable":true,"href":"https:\/\/k-bus.at\/lt\/wp-json\/wp\/v2\/media\/16515"}],"wp:attachment":[{"href":"https:\/\/k-bus.at\/lt\/wp-json\/wp\/v2\/media?parent=16513"}],"wp:term":[{"taxonomy":"category","embeddable":true,"href":"https:\/\/k-bus.at\/lt\/wp-json\/wp\/v2\/categories?post=16513"},{"taxonomy":"post_tag","embeddable":true,"href":"https:\/\/k-bus.at\/lt\/wp-json\/wp\/v2\/tags?post=16513"}],"curies":[{"name":"wp","href":"https:\/\/api.w.org\/{rel}","templated":true}]}}