{"id":16453,"date":"2026-07-02T09:39:13","date_gmt":"2026-07-02T07:39:13","guid":{"rendered":"https:\/\/adiznctb3b.wpdns.site\/k-bus-izstade-bus2bus-berline-2026-gada\/"},"modified":"2026-07-02T09:39:13","modified_gmt":"2026-07-02T07:39:13","slug":"k-bus-izstade-bus2bus-berline-2026-gada","status":"publish","type":"post","link":"https:\/\/k-bus.at\/lv\/k-bus-izstade-bus2bus-berline-2026-gada\/","title":{"rendered":"K-BUS izst\u0101d\u0113 \u201eBUS2BUS\u201c Berl\u012bn\u0113 2026. gad\u0101"},"content":{"rendered":"<p data-start=\"150\" data-end=\"305\">15. un 16. apr\u012bl\u012b uz\u0146\u0113mums K-BUS piedal\u012bj\u0101s izst\u0101d\u0113 \u201eBUS2BUS\u201c \u2013 vien\u0101 no noz\u012bm\u012bg\u0101kaj\u0101m nozares platform\u0101m, kas velt\u012bta inovat\u012bviem mobilit\u0101tes risin\u0101jumiem autobusu nozar\u0113.  <\/p>\n<p data-start=\"307\" data-end=\"587\">Galven\u0101 uzman\u012bba tika piev\u0113rsta person\u012bgajai sazi\u0146ai ar nozares apmekl\u0113t\u0101jiem, partneriem un interesentiem, k\u0101 ar\u012b aktu\u0101laj\u0101m tendenc\u0113m individu\u0101lo autobusu risin\u0101jumu jom\u0101. \u012apa\u0161i liela interese tika izr\u0101d\u012bta m\u016bsu individu\u0101li piel\u0101gotajiem risin\u0101jumiem pa\u0161vald\u012bb\u0101m, sabiedrisk\u0101 transporta uz\u0146\u0113mumiem un speci\u0101l\u0101m vajadz\u012bb\u0101m. <\/p>\n<p data-start=\"589\" data-end=\"832\">Izst\u0101de mums sniedza ide\u0101lu iesp\u0113ju padzi\u013cin\u0101t eso\u0161os kontaktus un g\u016bt jaunas idejas no nozares. Tie\u0161ais dialogs izst\u0101des norises viet\u0101 v\u0113lreiz apstiprin\u0101ja, cik piepras\u012bti ir elast\u012bgi un individu\u0101li izstr\u0101d\u0101ti transportl\u012bdzek\u013cu risin\u0101jumi. <\/p>\n<p data-start=\"834\" data-end=\"918\">M\u0113s pateicamies visiem apmekl\u0113t\u0101jiem par izr\u0101d\u012bto interesi un aizraujo\u0161aj\u0101m sarun\u0101m!<\/p>\n<p data-start=\"834\" data-end=\"918\"><a href=\"https:\/\/www.bus2bus.berlin\/en\/digital\/newsroom\">P\u0101rskats par zi\u0146u sada\u013cu \u2013 BUS2BUS<\/a><\/p>\n","protected":false},"excerpt":{"rendered":"<p>15. un 16. apr\u012bl\u012b uz\u0146\u0113mums K-BUS piedal\u012bj\u0101s izst\u0101d\u0113 \u201eBUS2BUS\u201c \u2013 vien\u0101 no noz\u012bm\u012bg\u0101kaj\u0101m nozares platform\u0101m, kas velt\u012bta inovat\u012bviem mobilit\u0101tes risin\u0101jumiem<\/p>\n","protected":false},"author":16,"featured_media":5331,"comment_status":"closed","ping_status":"closed","sticky":false,"template":"","format":"standard","meta":{"_acf_changed":false,"footnotes":""},"categories":[250],"tags":[],"class_list":["post-16453","post","type-post","status-publish","format-standard","has-post-thumbnail","hentry","category-bez-kategorijas"],"acf":[],"yoast_head":"<!-- This site is optimized with the Yoast SEO plugin v28.0 - https:\/\/yoast.com\/product\/yoast-seo-wordpress\/ -->\n<title>K-BUS izst\u0101d\u0113 \u201eBUS2BUS\u201c Berl\u012bn\u0113 2026. gad\u0101 - K-Bus<\/title>\n<meta name=\"robots\" content=\"index, follow, max-snippet:-1, max-image-preview:large, max-video-preview:-1\" \/>\n<link rel=\"canonical\" href=\"https:\/\/k-bus.at\/lv\/k-bus-izstade-bus2bus-berline-2026-gada\/\" \/>\n<meta property=\"og:locale\" content=\"lv_LV\" \/>\n<meta property=\"og:type\" content=\"article\" \/>\n<meta property=\"og:title\" content=\"K-BUS izst\u0101d\u0113 \u201eBUS2BUS\u201c Berl\u012bn\u0113 2026. gad\u0101 - K-Bus\" \/>\n<meta property=\"og:description\" content=\"15. un 16. apr\u012bl\u012b uz\u0146\u0113mums K-BUS piedal\u012bj\u0101s izst\u0101d\u0113 \u201eBUS2BUS\u201c \u2013 vien\u0101 no noz\u012bm\u012bg\u0101kaj\u0101m nozares platform\u0101m, kas velt\u012bta inovat\u012bviem mobilit\u0101tes risin\u0101jumiem\" \/>\n<meta property=\"og:url\" content=\"https:\/\/k-bus.at\/lv\/k-bus-izstade-bus2bus-berline-2026-gada\/\" \/>\n<meta property=\"og:site_name\" content=\"K-Bus\" \/>\n<meta property=\"article:published_time\" content=\"2026-07-02T07:39:13+00:00\" \/>\n<meta property=\"og:image\" content=\"https:\/\/k-bus.at\/wp-content\/uploads\/2026\/04\/IMG_5876-scaled-e1781161778962.jpeg\" \/>\n\t<meta property=\"og:image:width\" content=\"2560\" \/>\n\t<meta property=\"og:image:height\" content=\"1920\" \/>\n\t<meta property=\"og:image:type\" content=\"image\/jpeg\" \/>\n<meta name=\"author\" content=\"Presse KBus\" \/>\n<meta name=\"twitter:card\" content=\"summary_large_image\" \/>\n<meta name=\"twitter:label1\" content=\"Written by\" \/>\n\t<meta name=\"twitter:data1\" content=\"Presse KBus\" \/>\n\t<meta name=\"twitter:label2\" content=\"Est. reading time\" \/>\n\t<meta name=\"twitter:data2\" content=\"1 minute\" \/>\n<script type=\"application\/ld+json\" class=\"yoast-schema-graph\">{\"@context\":\"https:\\\/\\\/schema.org\",\"@graph\":[{\"@type\":\"Article\",\"@id\":\"https:\\\/\\\/k-bus.at\\\/lv\\\/k-bus-izstade-bus2bus-berline-2026-gada\\\/#article\",\"isPartOf\":{\"@id\":\"https:\\\/\\\/k-bus.at\\\/lv\\\/k-bus-izstade-bus2bus-berline-2026-gada\\\/\"},\"author\":{\"name\":\"Presse KBus\",\"@id\":\"https:\\\/\\\/k-bus.at\\\/lv\\\/#\\\/schema\\\/person\\\/81c4a0ee7a2e01e2e5fc53487104fd3a\"},\"headline\":\"K-BUS izst\u0101d\u0113 \u201eBUS2BUS\u201c Berl\u012bn\u0113 2026. gad\u0101\",\"datePublished\":\"2026-07-02T07:39:13+00:00\",\"mainEntityOfPage\":{\"@id\":\"https:\\\/\\\/k-bus.at\\\/lv\\\/k-bus-izstade-bus2bus-berline-2026-gada\\\/\"},\"wordCount\":180,\"image\":{\"@id\":\"https:\\\/\\\/k-bus.at\\\/lv\\\/k-bus-izstade-bus2bus-berline-2026-gada\\\/#primaryimage\"},\"thumbnailUrl\":\"https:\\\/\\\/k-bus.at\\\/wp-content\\\/uploads\\\/2026\\\/04\\\/IMG_5876-scaled.jpeg\",\"articleSection\":[\"Bez kategorijas\"],\"inLanguage\":\"lv-LV\"},{\"@type\":\"WebPage\",\"@id\":\"https:\\\/\\\/k-bus.at\\\/lv\\\/k-bus-izstade-bus2bus-berline-2026-gada\\\/\",\"url\":\"https:\\\/\\\/k-bus.at\\\/lv\\\/k-bus-izstade-bus2bus-berline-2026-gada\\\/\",\"name\":\"K-BUS izst\u0101d\u0113 \u201eBUS2BUS\u201c Berl\u012bn\u0113 2026. gad\u0101 - K-Bus\",\"isPartOf\":{\"@id\":\"https:\\\/\\\/k-bus.at\\\/lv\\\/#website\"},\"primaryImageOfPage\":{\"@id\":\"https:\\\/\\\/k-bus.at\\\/lv\\\/k-bus-izstade-bus2bus-berline-2026-gada\\\/#primaryimage\"},\"image\":{\"@id\":\"https:\\\/\\\/k-bus.at\\\/lv\\\/k-bus-izstade-bus2bus-berline-2026-gada\\\/#primaryimage\"},\"thumbnailUrl\":\"https:\\\/\\\/k-bus.at\\\/wp-content\\\/uploads\\\/2026\\\/04\\\/IMG_5876-scaled.jpeg\",\"datePublished\":\"2026-07-02T07:39:13+00:00\",\"author\":{\"@id\":\"https:\\\/\\\/k-bus.at\\\/lv\\\/#\\\/schema\\\/person\\\/81c4a0ee7a2e01e2e5fc53487104fd3a\"},\"breadcrumb\":{\"@id\":\"https:\\\/\\\/k-bus.at\\\/lv\\\/k-bus-izstade-bus2bus-berline-2026-gada\\\/#breadcrumb\"},\"inLanguage\":\"lv-LV\",\"potentialAction\":[{\"@type\":\"ReadAction\",\"target\":[\"https:\\\/\\\/k-bus.at\\\/lv\\\/k-bus-izstade-bus2bus-berline-2026-gada\\\/\"]}]},{\"@type\":\"ImageObject\",\"inLanguage\":\"lv-LV\",\"@id\":\"https:\\\/\\\/k-bus.at\\\/lv\\\/k-bus-izstade-bus2bus-berline-2026-gada\\\/#primaryimage\",\"url\":\"https:\\\/\\\/k-bus.at\\\/wp-content\\\/uploads\\\/2026\\\/04\\\/IMG_5876-scaled.jpeg\",\"contentUrl\":\"https:\\\/\\\/k-bus.at\\\/wp-content\\\/uploads\\\/2026\\\/04\\\/IMG_5876-scaled.jpeg\",\"width\":2560,\"height\":1920},{\"@type\":\"BreadcrumbList\",\"@id\":\"https:\\\/\\\/k-bus.at\\\/lv\\\/k-bus-izstade-bus2bus-berline-2026-gada\\\/#breadcrumb\",\"itemListElement\":[{\"@type\":\"ListItem\",\"position\":1,\"name\":\"Startseite\",\"item\":\"https:\\\/\\\/k-bus.at\\\/lv\\\/k-bus-gmbh\\\/\"},{\"@type\":\"ListItem\",\"position\":2,\"name\":\"K-BUS izst\u0101d\u0113 \u201eBUS2BUS\u201c Berl\u012bn\u0113 2026. gad\u0101\"}]},{\"@type\":\"WebSite\",\"@id\":\"https:\\\/\\\/k-bus.at\\\/lv\\\/#website\",\"url\":\"https:\\\/\\\/k-bus.at\\\/lv\\\/\",\"name\":\"K-Bus\",\"description\":\"Smart Mobility\",\"potentialAction\":[{\"@type\":\"SearchAction\",\"target\":{\"@type\":\"EntryPoint\",\"urlTemplate\":\"https:\\\/\\\/k-bus.at\\\/lv\\\/?s={search_term_string}\"},\"query-input\":{\"@type\":\"PropertyValueSpecification\",\"valueRequired\":true,\"valueName\":\"search_term_string\"}}],\"inLanguage\":\"lv-LV\"},{\"@type\":\"Person\",\"@id\":\"https:\\\/\\\/k-bus.at\\\/lv\\\/#\\\/schema\\\/person\\\/81c4a0ee7a2e01e2e5fc53487104fd3a\",\"name\":\"Presse KBus\",\"image\":{\"@type\":\"ImageObject\",\"inLanguage\":\"lv-LV\",\"@id\":\"https:\\\/\\\/secure.gravatar.com\\\/avatar\\\/9ca69a0789daf56b6ac09b0279c3c10b83df241fd02ad009a70bfcec3d8cb15c?s=96&d=mm&r=g\",\"url\":\"https:\\\/\\\/secure.gravatar.com\\\/avatar\\\/9ca69a0789daf56b6ac09b0279c3c10b83df241fd02ad009a70bfcec3d8cb15c?s=96&d=mm&r=g\",\"contentUrl\":\"https:\\\/\\\/secure.gravatar.com\\\/avatar\\\/9ca69a0789daf56b6ac09b0279c3c10b83df241fd02ad009a70bfcec3d8cb15c?s=96&d=mm&r=g\",\"caption\":\"Presse KBus\"}}]}<\/script>\n<!-- \/ Yoast SEO plugin. -->","yoast_head_json":{"title":"K-BUS izst\u0101d\u0113 \u201eBUS2BUS\u201c Berl\u012bn\u0113 2026. gad\u0101 - K-Bus","robots":{"index":"index","follow":"follow","max-snippet":"max-snippet:-1","max-image-preview":"max-image-preview:large","max-video-preview":"max-video-preview:-1"},"canonical":"https:\/\/k-bus.at\/lv\/k-bus-izstade-bus2bus-berline-2026-gada\/","og_locale":"lv_LV","og_type":"article","og_title":"K-BUS izst\u0101d\u0113 \u201eBUS2BUS\u201c Berl\u012bn\u0113 2026. gad\u0101 - K-Bus","og_description":"15. un 16. apr\u012bl\u012b uz\u0146\u0113mums K-BUS piedal\u012bj\u0101s izst\u0101d\u0113 \u201eBUS2BUS\u201c \u2013 vien\u0101 no noz\u012bm\u012bg\u0101kaj\u0101m nozares platform\u0101m, kas velt\u012bta inovat\u012bviem mobilit\u0101tes risin\u0101jumiem","og_url":"https:\/\/k-bus.at\/lv\/k-bus-izstade-bus2bus-berline-2026-gada\/","og_site_name":"K-Bus","article_published_time":"2026-07-02T07:39:13+00:00","og_image":[{"width":2560,"height":1920,"url":"https:\/\/k-bus.at\/wp-content\/uploads\/2026\/04\/IMG_5876-scaled-e1781161778962.jpeg","type":"image\/jpeg"}],"author":"Presse KBus","twitter_card":"summary_large_image","twitter_misc":{"Written by":"Presse KBus","Est. reading time":"1 minute"},"schema":{"@context":"https:\/\/schema.org","@graph":[{"@type":"Article","@id":"https:\/\/k-bus.at\/lv\/k-bus-izstade-bus2bus-berline-2026-gada\/#article","isPartOf":{"@id":"https:\/\/k-bus.at\/lv\/k-bus-izstade-bus2bus-berline-2026-gada\/"},"author":{"name":"Presse KBus","@id":"https:\/\/k-bus.at\/lv\/#\/schema\/person\/81c4a0ee7a2e01e2e5fc53487104fd3a"},"headline":"K-BUS izst\u0101d\u0113 \u201eBUS2BUS\u201c Berl\u012bn\u0113 2026. gad\u0101","datePublished":"2026-07-02T07:39:13+00:00","mainEntityOfPage":{"@id":"https:\/\/k-bus.at\/lv\/k-bus-izstade-bus2bus-berline-2026-gada\/"},"wordCount":180,"image":{"@id":"https:\/\/k-bus.at\/lv\/k-bus-izstade-bus2bus-berline-2026-gada\/#primaryimage"},"thumbnailUrl":"https:\/\/k-bus.at\/wp-content\/uploads\/2026\/04\/IMG_5876-scaled.jpeg","articleSection":["Bez kategorijas"],"inLanguage":"lv-LV"},{"@type":"WebPage","@id":"https:\/\/k-bus.at\/lv\/k-bus-izstade-bus2bus-berline-2026-gada\/","url":"https:\/\/k-bus.at\/lv\/k-bus-izstade-bus2bus-berline-2026-gada\/","name":"K-BUS izst\u0101d\u0113 \u201eBUS2BUS\u201c Berl\u012bn\u0113 2026. gad\u0101 - K-Bus","isPartOf":{"@id":"https:\/\/k-bus.at\/lv\/#website"},"primaryImageOfPage":{"@id":"https:\/\/k-bus.at\/lv\/k-bus-izstade-bus2bus-berline-2026-gada\/#primaryimage"},"image":{"@id":"https:\/\/k-bus.at\/lv\/k-bus-izstade-bus2bus-berline-2026-gada\/#primaryimage"},"thumbnailUrl":"https:\/\/k-bus.at\/wp-content\/uploads\/2026\/04\/IMG_5876-scaled.jpeg","datePublished":"2026-07-02T07:39:13+00:00","author":{"@id":"https:\/\/k-bus.at\/lv\/#\/schema\/person\/81c4a0ee7a2e01e2e5fc53487104fd3a"},"breadcrumb":{"@id":"https:\/\/k-bus.at\/lv\/k-bus-izstade-bus2bus-berline-2026-gada\/#breadcrumb"},"inLanguage":"lv-LV","potentialAction":[{"@type":"ReadAction","target":["https:\/\/k-bus.at\/lv\/k-bus-izstade-bus2bus-berline-2026-gada\/"]}]},{"@type":"ImageObject","inLanguage":"lv-LV","@id":"https:\/\/k-bus.at\/lv\/k-bus-izstade-bus2bus-berline-2026-gada\/#primaryimage","url":"https:\/\/k-bus.at\/wp-content\/uploads\/2026\/04\/IMG_5876-scaled.jpeg","contentUrl":"https:\/\/k-bus.at\/wp-content\/uploads\/2026\/04\/IMG_5876-scaled.jpeg","width":2560,"height":1920},{"@type":"BreadcrumbList","@id":"https:\/\/k-bus.at\/lv\/k-bus-izstade-bus2bus-berline-2026-gada\/#breadcrumb","itemListElement":[{"@type":"ListItem","position":1,"name":"Startseite","item":"https:\/\/k-bus.at\/lv\/k-bus-gmbh\/"},{"@type":"ListItem","position":2,"name":"K-BUS izst\u0101d\u0113 \u201eBUS2BUS\u201c Berl\u012bn\u0113 2026. gad\u0101"}]},{"@type":"WebSite","@id":"https:\/\/k-bus.at\/lv\/#website","url":"https:\/\/k-bus.at\/lv\/","name":"K-Bus","description":"Smart Mobility","potentialAction":[{"@type":"SearchAction","target":{"@type":"EntryPoint","urlTemplate":"https:\/\/k-bus.at\/lv\/?s={search_term_string}"},"query-input":{"@type":"PropertyValueSpecification","valueRequired":true,"valueName":"search_term_string"}}],"inLanguage":"lv-LV"},{"@type":"Person","@id":"https:\/\/k-bus.at\/lv\/#\/schema\/person\/81c4a0ee7a2e01e2e5fc53487104fd3a","name":"Presse KBus","image":{"@type":"ImageObject","inLanguage":"lv-LV","@id":"https:\/\/secure.gravatar.com\/avatar\/9ca69a0789daf56b6ac09b0279c3c10b83df241fd02ad009a70bfcec3d8cb15c?s=96&d=mm&r=g","url":"https:\/\/secure.gravatar.com\/avatar\/9ca69a0789daf56b6ac09b0279c3c10b83df241fd02ad009a70bfcec3d8cb15c?s=96&d=mm&r=g","contentUrl":"https:\/\/secure.gravatar.com\/avatar\/9ca69a0789daf56b6ac09b0279c3c10b83df241fd02ad009a70bfcec3d8cb15c?s=96&d=mm&r=g","caption":"Presse KBus"}}]}},"_links":{"self":[{"href":"https:\/\/k-bus.at\/lv\/wp-json\/wp\/v2\/posts\/16453","targetHints":{"allow":["GET"]}}],"collection":[{"href":"https:\/\/k-bus.at\/lv\/wp-json\/wp\/v2\/posts"}],"about":[{"href":"https:\/\/k-bus.at\/lv\/wp-json\/wp\/v2\/types\/post"}],"author":[{"embeddable":true,"href":"https:\/\/k-bus.at\/lv\/wp-json\/wp\/v2\/users\/16"}],"replies":[{"embeddable":true,"href":"https:\/\/k-bus.at\/lv\/wp-json\/wp\/v2\/comments?post=16453"}],"version-history":[{"count":0,"href":"https:\/\/k-bus.at\/lv\/wp-json\/wp\/v2\/posts\/16453\/revisions"}],"wp:featuredmedia":[{"embeddable":true,"href":"https:\/\/k-bus.at\/lv\/wp-json\/wp\/v2\/media\/5331"}],"wp:attachment":[{"href":"https:\/\/k-bus.at\/lv\/wp-json\/wp\/v2\/media?parent=16453"}],"wp:term":[{"taxonomy":"category","embeddable":true,"href":"https:\/\/k-bus.at\/lv\/wp-json\/wp\/v2\/categories?post=16453"},{"taxonomy":"post_tag","embeddable":true,"href":"https:\/\/k-bus.at\/lv\/wp-json\/wp\/v2\/tags?post=16453"}],"curies":[{"name":"wp","href":"https:\/\/api.w.org\/{rel}","templated":true}]}}