{"id":16559,"date":"2026-07-02T09:40:24","date_gmt":"2026-07-02T07:40:24","guid":{"rendered":"https:\/\/adiznctb3b.wpdns.site\/flere-elbusser-fra-k-bus-styrker-baerekraftig-mobilitet-i-leoben\/"},"modified":"2026-07-02T09:40:24","modified_gmt":"2026-07-02T07:40:24","slug":"flere-elbusser-fra-k-bus-styrker-baerekraftig-mobilitet-i-leoben","status":"publish","type":"post","link":"https:\/\/k-bus.at\/no\/flere-elbusser-fra-k-bus-styrker-baerekraftig-mobilitet-i-leoben\/","title":{"rendered":"Flere elbusser fra K-BUS styrker b\u00e6rekraftig mobilitet i Leoben"},"content":{"rendered":"<p data-start=\"200\" data-end=\"584\">Elektrifiseringen av kollektivtrafikken i Leoben fortsetter \u00e5 g\u00e5 fremover. Med overleveringen av nye elbusser i Leoben utvides fl\u00e5ten til Stadtwerke Leoben m\u00e5lrettet. De moderne kj\u00f8ret\u00f8yene vil i fremtiden bli brukt b\u00e5de i bybussruter og i p\u00e5 foresp\u00f8rsel-bussystemet. De bidrar dermed p\u00e5 en viktig m\u00e5te til b\u00e6rekraftig mobilitet i regionen.   <\/p>\n<p data-start=\"586\" data-end=\"782\">Ogs\u00e5 regionalavisen MeinBezirk skriver om dette i artikkelen <strong data-start=\"488\" data-end=\"538\">\u00abUtvidelse av elbilfl\u00e5ten hos Stadtwerke\u00bb.<\/strong> Artikkelen viser hvilken betydning de nye elbussene har for byen Leoben. <\/p>\n<p data-start=\"904\" data-end=\"1051\">Du finner hele artikkelen her:<br data-start=\"949\" data-end=\"952\"\/><a class=\"decorated-link\" href=\"https:\/\/www.meinbezirk.at\/leoben\/c-lokales\/verstaerkung-der-e-flotte-bei-den-stadtwerken_a8515549\" target=\"_new\" rel=\"noopener\" data-start=\"952\" data-end=\"1049\">https:\/\/www.meinbezirk.at\/leoben\/c-lokales\/verstaerkung-der-e-flotte-bei-den-stadtwerken_a8515549<\/a><\/p>\n","protected":false},"excerpt":{"rendered":"<p>Elektrifiseringen av kollektivtrafikken i Leoben fortsetter \u00e5 g\u00e5 fremover. Med overleveringen av nye elbusser i Leoben utvides fl\u00e5ten til Stadtwerke<\/p>\n","protected":false},"author":3,"featured_media":2335,"comment_status":"closed","ping_status":"closed","sticky":false,"template":"","format":"standard","meta":{"_acf_changed":false,"footnotes":""},"categories":[254],"tags":[],"class_list":["post-16559","post","type-post","status-publish","format-standard","has-post-thumbnail","hentry","category-ukategorisert"],"acf":[],"yoast_head":"<!-- This site is optimized with the Yoast SEO plugin v28.0 - https:\/\/yoast.com\/product\/yoast-seo-wordpress\/ -->\n<title>Flere elbusser fra K-BUS styrker b\u00e6rekraftig mobilitet i Leoben - K-Bus<\/title>\n<meta name=\"robots\" content=\"index, follow, max-snippet:-1, max-image-preview:large, max-video-preview:-1\" \/>\n<link rel=\"canonical\" href=\"https:\/\/k-bus.at\/no\/flere-elbusser-fra-k-bus-styrker-baerekraftig-mobilitet-i-leoben\/\" \/>\n<meta property=\"og:locale\" content=\"nb_NO\" \/>\n<meta property=\"og:type\" content=\"article\" \/>\n<meta property=\"og:title\" content=\"Flere elbusser fra K-BUS styrker b\u00e6rekraftig mobilitet i Leoben - K-Bus\" \/>\n<meta property=\"og:description\" content=\"Elektrifiseringen av kollektivtrafikken i Leoben fortsetter \u00e5 g\u00e5 fremover. Med overleveringen av nye elbusser i Leoben utvides fl\u00e5ten til Stadtwerke\" \/>\n<meta property=\"og:url\" content=\"https:\/\/k-bus.at\/no\/flere-elbusser-fra-k-bus-styrker-baerekraftig-mobilitet-i-leoben\/\" \/>\n<meta property=\"og:site_name\" content=\"K-Bus\" \/>\n<meta property=\"article:published_time\" content=\"2026-07-02T07:40:24+00:00\" \/>\n<meta property=\"og:image\" content=\"https:\/\/k-bus.at\/wp-content\/uploads\/2026\/04\/20260310_1016140-scaled-e1775804841780.jpg\" \/>\n\t<meta property=\"og:image:width\" content=\"2560\" \/>\n\t<meta property=\"og:image:height\" content=\"1920\" \/>\n\t<meta property=\"og:image:type\" content=\"image\/jpeg\" \/>\n<meta name=\"author\" content=\"Andrea Pirecki\" \/>\n<meta name=\"twitter:card\" content=\"summary_large_image\" \/>\n<meta name=\"twitter:label1\" content=\"Skrevet av\" \/>\n\t<meta name=\"twitter:data1\" content=\"Andrea Pirecki\" \/>\n<script type=\"application\/ld+json\" class=\"yoast-schema-graph\">{\"@context\":\"https:\\\/\\\/schema.org\",\"@graph\":[{\"@type\":\"Article\",\"@id\":\"https:\\\/\\\/k-bus.at\\\/no\\\/flere-elbusser-fra-k-bus-styrker-baerekraftig-mobilitet-i-leoben\\\/#article\",\"isPartOf\":{\"@id\":\"https:\\\/\\\/k-bus.at\\\/no\\\/flere-elbusser-fra-k-bus-styrker-baerekraftig-mobilitet-i-leoben\\\/\"},\"author\":{\"name\":\"Andrea Pirecki\",\"@id\":\"https:\\\/\\\/k-bus.at\\\/no\\\/#\\\/schema\\\/person\\\/b79a4f67da3db34c482fb3becd6e4245\"},\"headline\":\"Flere elbusser fra K-BUS styrker b\u00e6rekraftig mobilitet i Leoben\",\"datePublished\":\"2026-07-02T07:40:24+00:00\",\"mainEntityOfPage\":{\"@id\":\"https:\\\/\\\/k-bus.at\\\/no\\\/flere-elbusser-fra-k-bus-styrker-baerekraftig-mobilitet-i-leoben\\\/\"},\"wordCount\":104,\"image\":{\"@id\":\"https:\\\/\\\/k-bus.at\\\/no\\\/flere-elbusser-fra-k-bus-styrker-baerekraftig-mobilitet-i-leoben\\\/#primaryimage\"},\"thumbnailUrl\":\"https:\\\/\\\/k-bus.at\\\/wp-content\\\/uploads\\\/2026\\\/04\\\/20260310_1016140-scaled.jpg\",\"inLanguage\":\"nb-NO\"},{\"@type\":\"WebPage\",\"@id\":\"https:\\\/\\\/k-bus.at\\\/no\\\/flere-elbusser-fra-k-bus-styrker-baerekraftig-mobilitet-i-leoben\\\/\",\"url\":\"https:\\\/\\\/k-bus.at\\\/no\\\/flere-elbusser-fra-k-bus-styrker-baerekraftig-mobilitet-i-leoben\\\/\",\"name\":\"Flere elbusser fra K-BUS styrker b\u00e6rekraftig mobilitet i Leoben - K-Bus\",\"isPartOf\":{\"@id\":\"https:\\\/\\\/k-bus.at\\\/no\\\/#website\"},\"primaryImageOfPage\":{\"@id\":\"https:\\\/\\\/k-bus.at\\\/no\\\/flere-elbusser-fra-k-bus-styrker-baerekraftig-mobilitet-i-leoben\\\/#primaryimage\"},\"image\":{\"@id\":\"https:\\\/\\\/k-bus.at\\\/no\\\/flere-elbusser-fra-k-bus-styrker-baerekraftig-mobilitet-i-leoben\\\/#primaryimage\"},\"thumbnailUrl\":\"https:\\\/\\\/k-bus.at\\\/wp-content\\\/uploads\\\/2026\\\/04\\\/20260310_1016140-scaled.jpg\",\"datePublished\":\"2026-07-02T07:40:24+00:00\",\"author\":{\"@id\":\"https:\\\/\\\/k-bus.at\\\/no\\\/#\\\/schema\\\/person\\\/b79a4f67da3db34c482fb3becd6e4245\"},\"breadcrumb\":{\"@id\":\"https:\\\/\\\/k-bus.at\\\/no\\\/flere-elbusser-fra-k-bus-styrker-baerekraftig-mobilitet-i-leoben\\\/#breadcrumb\"},\"inLanguage\":\"nb-NO\",\"potentialAction\":[{\"@type\":\"ReadAction\",\"target\":[\"https:\\\/\\\/k-bus.at\\\/no\\\/flere-elbusser-fra-k-bus-styrker-baerekraftig-mobilitet-i-leoben\\\/\"]}]},{\"@type\":\"ImageObject\",\"inLanguage\":\"nb-NO\",\"@id\":\"https:\\\/\\\/k-bus.at\\\/no\\\/flere-elbusser-fra-k-bus-styrker-baerekraftig-mobilitet-i-leoben\\\/#primaryimage\",\"url\":\"https:\\\/\\\/k-bus.at\\\/wp-content\\\/uploads\\\/2026\\\/04\\\/20260310_1016140-scaled.jpg\",\"contentUrl\":\"https:\\\/\\\/k-bus.at\\\/wp-content\\\/uploads\\\/2026\\\/04\\\/20260310_1016140-scaled.jpg\",\"width\":2560,\"height\":1920,\"caption\":\"KBus-Kutsenits\"},{\"@type\":\"BreadcrumbList\",\"@id\":\"https:\\\/\\\/k-bus.at\\\/no\\\/flere-elbusser-fra-k-bus-styrker-baerekraftig-mobilitet-i-leoben\\\/#breadcrumb\",\"itemListElement\":[{\"@type\":\"ListItem\",\"position\":1,\"name\":\"Startseite\",\"item\":\"https:\\\/\\\/k-bus.at\\\/no\\\/k-bus-gmbh\\\/\"},{\"@type\":\"ListItem\",\"position\":2,\"name\":\"Flere elbusser fra K-BUS styrker b\u00e6rekraftig mobilitet i Leoben\"}]},{\"@type\":\"WebSite\",\"@id\":\"https:\\\/\\\/k-bus.at\\\/no\\\/#website\",\"url\":\"https:\\\/\\\/k-bus.at\\\/no\\\/\",\"name\":\"K-Bus\",\"description\":\"Smart Mobility\",\"potentialAction\":[{\"@type\":\"SearchAction\",\"target\":{\"@type\":\"EntryPoint\",\"urlTemplate\":\"https:\\\/\\\/k-bus.at\\\/no\\\/?s={search_term_string}\"},\"query-input\":{\"@type\":\"PropertyValueSpecification\",\"valueRequired\":true,\"valueName\":\"search_term_string\"}}],\"inLanguage\":\"nb-NO\"},{\"@type\":\"Person\",\"@id\":\"https:\\\/\\\/k-bus.at\\\/no\\\/#\\\/schema\\\/person\\\/b79a4f67da3db34c482fb3becd6e4245\",\"name\":\"Andrea Pirecki\",\"image\":{\"@type\":\"ImageObject\",\"inLanguage\":\"nb-NO\",\"@id\":\"https:\\\/\\\/secure.gravatar.com\\\/avatar\\\/5e7490fdafa64acbdd60eca8c45c7de318b19f18b275b5c3183eff64bd4dd9e8?s=96&d=mm&r=g\",\"url\":\"https:\\\/\\\/secure.gravatar.com\\\/avatar\\\/5e7490fdafa64acbdd60eca8c45c7de318b19f18b275b5c3183eff64bd4dd9e8?s=96&d=mm&r=g\",\"contentUrl\":\"https:\\\/\\\/secure.gravatar.com\\\/avatar\\\/5e7490fdafa64acbdd60eca8c45c7de318b19f18b275b5c3183eff64bd4dd9e8?s=96&d=mm&r=g\",\"caption\":\"Andrea Pirecki\"}}]}<\/script>\n<!-- \/ Yoast SEO plugin. -->","yoast_head_json":{"title":"Flere elbusser fra K-BUS styrker b\u00e6rekraftig mobilitet i Leoben - K-Bus","robots":{"index":"index","follow":"follow","max-snippet":"max-snippet:-1","max-image-preview":"max-image-preview:large","max-video-preview":"max-video-preview:-1"},"canonical":"https:\/\/k-bus.at\/no\/flere-elbusser-fra-k-bus-styrker-baerekraftig-mobilitet-i-leoben\/","og_locale":"nb_NO","og_type":"article","og_title":"Flere elbusser fra K-BUS styrker b\u00e6rekraftig mobilitet i Leoben - K-Bus","og_description":"Elektrifiseringen av kollektivtrafikken i Leoben fortsetter \u00e5 g\u00e5 fremover. Med overleveringen av nye elbusser i Leoben utvides fl\u00e5ten til Stadtwerke","og_url":"https:\/\/k-bus.at\/no\/flere-elbusser-fra-k-bus-styrker-baerekraftig-mobilitet-i-leoben\/","og_site_name":"K-Bus","article_published_time":"2026-07-02T07:40:24+00:00","og_image":[{"width":2560,"height":1920,"url":"https:\/\/k-bus.at\/wp-content\/uploads\/2026\/04\/20260310_1016140-scaled-e1775804841780.jpg","type":"image\/jpeg"}],"author":"Andrea Pirecki","twitter_card":"summary_large_image","twitter_misc":{"Skrevet av":"Andrea Pirecki"},"schema":{"@context":"https:\/\/schema.org","@graph":[{"@type":"Article","@id":"https:\/\/k-bus.at\/no\/flere-elbusser-fra-k-bus-styrker-baerekraftig-mobilitet-i-leoben\/#article","isPartOf":{"@id":"https:\/\/k-bus.at\/no\/flere-elbusser-fra-k-bus-styrker-baerekraftig-mobilitet-i-leoben\/"},"author":{"name":"Andrea Pirecki","@id":"https:\/\/k-bus.at\/no\/#\/schema\/person\/b79a4f67da3db34c482fb3becd6e4245"},"headline":"Flere elbusser fra K-BUS styrker b\u00e6rekraftig mobilitet i Leoben","datePublished":"2026-07-02T07:40:24+00:00","mainEntityOfPage":{"@id":"https:\/\/k-bus.at\/no\/flere-elbusser-fra-k-bus-styrker-baerekraftig-mobilitet-i-leoben\/"},"wordCount":104,"image":{"@id":"https:\/\/k-bus.at\/no\/flere-elbusser-fra-k-bus-styrker-baerekraftig-mobilitet-i-leoben\/#primaryimage"},"thumbnailUrl":"https:\/\/k-bus.at\/wp-content\/uploads\/2026\/04\/20260310_1016140-scaled.jpg","inLanguage":"nb-NO"},{"@type":"WebPage","@id":"https:\/\/k-bus.at\/no\/flere-elbusser-fra-k-bus-styrker-baerekraftig-mobilitet-i-leoben\/","url":"https:\/\/k-bus.at\/no\/flere-elbusser-fra-k-bus-styrker-baerekraftig-mobilitet-i-leoben\/","name":"Flere elbusser fra K-BUS styrker b\u00e6rekraftig mobilitet i Leoben - K-Bus","isPartOf":{"@id":"https:\/\/k-bus.at\/no\/#website"},"primaryImageOfPage":{"@id":"https:\/\/k-bus.at\/no\/flere-elbusser-fra-k-bus-styrker-baerekraftig-mobilitet-i-leoben\/#primaryimage"},"image":{"@id":"https:\/\/k-bus.at\/no\/flere-elbusser-fra-k-bus-styrker-baerekraftig-mobilitet-i-leoben\/#primaryimage"},"thumbnailUrl":"https:\/\/k-bus.at\/wp-content\/uploads\/2026\/04\/20260310_1016140-scaled.jpg","datePublished":"2026-07-02T07:40:24+00:00","author":{"@id":"https:\/\/k-bus.at\/no\/#\/schema\/person\/b79a4f67da3db34c482fb3becd6e4245"},"breadcrumb":{"@id":"https:\/\/k-bus.at\/no\/flere-elbusser-fra-k-bus-styrker-baerekraftig-mobilitet-i-leoben\/#breadcrumb"},"inLanguage":"nb-NO","potentialAction":[{"@type":"ReadAction","target":["https:\/\/k-bus.at\/no\/flere-elbusser-fra-k-bus-styrker-baerekraftig-mobilitet-i-leoben\/"]}]},{"@type":"ImageObject","inLanguage":"nb-NO","@id":"https:\/\/k-bus.at\/no\/flere-elbusser-fra-k-bus-styrker-baerekraftig-mobilitet-i-leoben\/#primaryimage","url":"https:\/\/k-bus.at\/wp-content\/uploads\/2026\/04\/20260310_1016140-scaled.jpg","contentUrl":"https:\/\/k-bus.at\/wp-content\/uploads\/2026\/04\/20260310_1016140-scaled.jpg","width":2560,"height":1920,"caption":"KBus-Kutsenits"},{"@type":"BreadcrumbList","@id":"https:\/\/k-bus.at\/no\/flere-elbusser-fra-k-bus-styrker-baerekraftig-mobilitet-i-leoben\/#breadcrumb","itemListElement":[{"@type":"ListItem","position":1,"name":"Startseite","item":"https:\/\/k-bus.at\/no\/k-bus-gmbh\/"},{"@type":"ListItem","position":2,"name":"Flere elbusser fra K-BUS styrker b\u00e6rekraftig mobilitet i Leoben"}]},{"@type":"WebSite","@id":"https:\/\/k-bus.at\/no\/#website","url":"https:\/\/k-bus.at\/no\/","name":"K-Bus","description":"Smart Mobility","potentialAction":[{"@type":"SearchAction","target":{"@type":"EntryPoint","urlTemplate":"https:\/\/k-bus.at\/no\/?s={search_term_string}"},"query-input":{"@type":"PropertyValueSpecification","valueRequired":true,"valueName":"search_term_string"}}],"inLanguage":"nb-NO"},{"@type":"Person","@id":"https:\/\/k-bus.at\/no\/#\/schema\/person\/b79a4f67da3db34c482fb3becd6e4245","name":"Andrea Pirecki","image":{"@type":"ImageObject","inLanguage":"nb-NO","@id":"https:\/\/secure.gravatar.com\/avatar\/5e7490fdafa64acbdd60eca8c45c7de318b19f18b275b5c3183eff64bd4dd9e8?s=96&d=mm&r=g","url":"https:\/\/secure.gravatar.com\/avatar\/5e7490fdafa64acbdd60eca8c45c7de318b19f18b275b5c3183eff64bd4dd9e8?s=96&d=mm&r=g","contentUrl":"https:\/\/secure.gravatar.com\/avatar\/5e7490fdafa64acbdd60eca8c45c7de318b19f18b275b5c3183eff64bd4dd9e8?s=96&d=mm&r=g","caption":"Andrea Pirecki"}}]}},"_links":{"self":[{"href":"https:\/\/k-bus.at\/no\/wp-json\/wp\/v2\/posts\/16559","targetHints":{"allow":["GET"]}}],"collection":[{"href":"https:\/\/k-bus.at\/no\/wp-json\/wp\/v2\/posts"}],"about":[{"href":"https:\/\/k-bus.at\/no\/wp-json\/wp\/v2\/types\/post"}],"author":[{"embeddable":true,"href":"https:\/\/k-bus.at\/no\/wp-json\/wp\/v2\/users\/3"}],"replies":[{"embeddable":true,"href":"https:\/\/k-bus.at\/no\/wp-json\/wp\/v2\/comments?post=16559"}],"version-history":[{"count":0,"href":"https:\/\/k-bus.at\/no\/wp-json\/wp\/v2\/posts\/16559\/revisions"}],"wp:featuredmedia":[{"embeddable":true,"href":"https:\/\/k-bus.at\/no\/wp-json\/wp\/v2\/media\/2335"}],"wp:attachment":[{"href":"https:\/\/k-bus.at\/no\/wp-json\/wp\/v2\/media?parent=16559"}],"wp:term":[{"taxonomy":"category","embeddable":true,"href":"https:\/\/k-bus.at\/no\/wp-json\/wp\/v2\/categories?post=16559"},{"taxonomy":"post_tag","embeddable":true,"href":"https:\/\/k-bus.at\/no\/wp-json\/wp\/v2\/tags?post=16559"}],"curies":[{"name":"wp","href":"https:\/\/api.w.org\/{rel}","templated":true}]}}