{"id":16551,"date":"2026-07-02T09:40:19","date_gmt":"2026-07-02T07:40:19","guid":{"rendered":"https:\/\/adiznctb3b.wpdns.site\/k-bus-uruchamia-pierwsza-w-pelni-elektryczna-linie-autobusowa-w-innsbrucku\/"},"modified":"2026-07-02T09:40:19","modified_gmt":"2026-07-02T07:40:19","slug":"k-bus-uruchamia-pierwsza-w-pelni-elektryczna-linie-autobusowa-w-innsbrucku","status":"publish","type":"post","link":"https:\/\/k-bus.at\/pl\/k-bus-uruchamia-pierwsza-w-pelni-elektryczna-linie-autobusowa-w-innsbrucku\/","title":{"rendered":"K-BUS uruchamia pierwsz\u0105 w pe\u0142ni elektryczn\u0105 lini\u0119 autobusow\u0105 w Innsbrucku"},"content":{"rendered":"<p data-start=\"167\" data-end=\"549\">Wraz z uruchomieniem pierwszej w pe\u0142ni elektrycznej linii autobusowej w Innsbrucku konsekwentnie kontynuowana jest rozbudowa zr\u00f3wnowa\u017conej mobilno\u015bci. Na nowej linii D wykorzystywane s\u0105 nowoczesne minibusy elektryczne firmy K-Bus, zaprojektowane specjalnie do ruchu miejskiego na w\u0105skich ulicach i oferuj\u0105ce zasi\u0119g oko\u0142o 150 kilometr\u00f3w. <\/p>\n<p data-start=\"551\" data-end=\"776\">Nowa linia poprawia przede wszystkim po\u0142\u0105czenia z dzielnicami Arzl i M\u00fchlau, a jednocze\u015bnie stanowi wa\u017cny krok w kierunku bezemisyjnego transportu publicznego.<\/p>\n<p data-start=\"778\" data-end=\"992\">O projekcie pisze r\u00f3wnie\u017c gazeta regionalna <span class=\"hover:entity-accent entity-underline inline cursor-pointer align-baseline\"><span class=\"whitespace-normal\">MeinBezirk<\/span><\/span> w artykule <strong data-start=\"879\" data-end=\"937\">\u201ePierwsza w pe\u0142ni elektryczna linia autobusowa w Innsbrucku\u201d<\/strong>, kt\u00f3rego autorem jest <span class=\"hover:entity-accent entity-underline inline cursor-pointer align-baseline\"><span class=\"whitespace-normal\">Pascala Pali<\/span><\/span>.<\/p>\n<p data-start=\"994\" data-end=\"1153\">Pe\u0142n\u0105 tre\u015b\u0107 artyku\u0142u mo\u017cna znale\u017a\u0107 tutaj:<br data-start=\"1039\" data-end=\"1042\"\/><a class=\"decorated-link\" href=\"https:\/\/www.meinbezirk.at\/innsbruck\/c-lokales\/erste-vollstaendig-elektrische-buslinie-fuer-innsbruck_a7871915\" target=\"_new\" rel=\"noopener\" data-start=\"1042\" data-end=\"1151\">https:\/\/www.meinbezirk.at\/innsbruck\/c-lokales\/erste-vollstaendig-elektrische-buslinie-fuer-innsbruck_a7871915<\/a><\/p>\n","protected":false},"excerpt":{"rendered":"<p>Wraz z uruchomieniem pierwszej w pe\u0142ni elektrycznej linii autobusowej w Innsbrucku konsekwentnie kontynuowana jest rozbudowa zr\u00f3wnowa\u017conej mobilno\u015bci. Na nowej linii<\/p>\n","protected":false},"author":3,"featured_media":2369,"comment_status":"closed","ping_status":"closed","sticky":false,"template":"","format":"standard","meta":{"_acf_changed":false,"footnotes":""},"categories":[146],"tags":[],"class_list":["post-16551","post","type-post","status-publish","format-standard","has-post-thumbnail","hentry","category-bez-kategorii"],"acf":[],"yoast_head":"<!-- This site is optimized with the Yoast SEO plugin v28.0 - https:\/\/yoast.com\/product\/yoast-seo-wordpress\/ -->\n<title>K-BUS uruchamia pierwsz\u0105 w pe\u0142ni elektryczn\u0105 lini\u0119 autobusow\u0105 w Innsbrucku - K-Bus<\/title>\n<meta name=\"robots\" content=\"index, follow, max-snippet:-1, max-image-preview:large, max-video-preview:-1\" \/>\n<link rel=\"canonical\" href=\"https:\/\/k-bus.at\/pl\/k-bus-uruchamia-pierwsza-w-pelni-elektryczna-linie-autobusowa-w-innsbrucku\/\" \/>\n<meta property=\"og:locale\" content=\"pl_PL\" \/>\n<meta property=\"og:type\" content=\"article\" \/>\n<meta property=\"og:title\" content=\"K-BUS uruchamia pierwsz\u0105 w pe\u0142ni elektryczn\u0105 lini\u0119 autobusow\u0105 w Innsbrucku - K-Bus\" \/>\n<meta property=\"og:description\" content=\"Wraz z uruchomieniem pierwszej w pe\u0142ni elektrycznej linii autobusowej w Innsbrucku konsekwentnie kontynuowana jest rozbudowa zr\u00f3wnowa\u017conej mobilno\u015bci. Na nowej linii\" \/>\n<meta property=\"og:url\" content=\"https:\/\/k-bus.at\/pl\/k-bus-uruchamia-pierwsza-w-pelni-elektryczna-linie-autobusowa-w-innsbrucku\/\" \/>\n<meta property=\"og:site_name\" content=\"K-Bus\" \/>\n<meta property=\"article:published_time\" content=\"2026-07-02T07:40:19+00:00\" \/>\n<meta property=\"og:image\" content=\"https:\/\/k-bus.at\/wp-content\/uploads\/2026\/04\/20251112_071301.jpg\" \/>\n\t<meta property=\"og:image:width\" content=\"1280\" \/>\n\t<meta property=\"og:image:height\" content=\"960\" \/>\n\t<meta property=\"og:image:type\" content=\"image\/jpeg\" \/>\n<meta name=\"author\" content=\"Andrea Pirecki\" \/>\n<meta name=\"twitter:card\" content=\"summary_large_image\" \/>\n<meta name=\"twitter:label1\" content=\"Napisane przez\" \/>\n\t<meta name=\"twitter:data1\" content=\"Andrea Pirecki\" \/>\n\t<meta name=\"twitter:label2\" content=\"Szacowany czas czytania\" \/>\n\t<meta name=\"twitter:data2\" content=\"1 minuta\" \/>\n<script type=\"application\/ld+json\" class=\"yoast-schema-graph\">{\"@context\":\"https:\\\/\\\/schema.org\",\"@graph\":[{\"@type\":\"Article\",\"@id\":\"https:\\\/\\\/k-bus.at\\\/pl\\\/k-bus-uruchamia-pierwsza-w-pelni-elektryczna-linie-autobusowa-w-innsbrucku\\\/#article\",\"isPartOf\":{\"@id\":\"https:\\\/\\\/k-bus.at\\\/pl\\\/k-bus-uruchamia-pierwsza-w-pelni-elektryczna-linie-autobusowa-w-innsbrucku\\\/\"},\"author\":{\"name\":\"Andrea Pirecki\",\"@id\":\"https:\\\/\\\/k-bus.at\\\/pl\\\/#\\\/schema\\\/person\\\/b79a4f67da3db34c482fb3becd6e4245\"},\"headline\":\"K-BUS uruchamia pierwsz\u0105 w pe\u0142ni elektryczn\u0105 lini\u0119 autobusow\u0105 w Innsbrucku\",\"datePublished\":\"2026-07-02T07:40:19+00:00\",\"mainEntityOfPage\":{\"@id\":\"https:\\\/\\\/k-bus.at\\\/pl\\\/k-bus-uruchamia-pierwsza-w-pelni-elektryczna-linie-autobusowa-w-innsbrucku\\\/\"},\"wordCount\":128,\"image\":{\"@id\":\"https:\\\/\\\/k-bus.at\\\/pl\\\/k-bus-uruchamia-pierwsza-w-pelni-elektryczna-linie-autobusowa-w-innsbrucku\\\/#primaryimage\"},\"thumbnailUrl\":\"https:\\\/\\\/k-bus.at\\\/wp-content\\\/uploads\\\/2026\\\/04\\\/20251112_071301.jpg\",\"inLanguage\":\"pl-PL\"},{\"@type\":\"WebPage\",\"@id\":\"https:\\\/\\\/k-bus.at\\\/pl\\\/k-bus-uruchamia-pierwsza-w-pelni-elektryczna-linie-autobusowa-w-innsbrucku\\\/\",\"url\":\"https:\\\/\\\/k-bus.at\\\/pl\\\/k-bus-uruchamia-pierwsza-w-pelni-elektryczna-linie-autobusowa-w-innsbrucku\\\/\",\"name\":\"K-BUS uruchamia pierwsz\u0105 w pe\u0142ni elektryczn\u0105 lini\u0119 autobusow\u0105 w Innsbrucku - K-Bus\",\"isPartOf\":{\"@id\":\"https:\\\/\\\/k-bus.at\\\/pl\\\/#website\"},\"primaryImageOfPage\":{\"@id\":\"https:\\\/\\\/k-bus.at\\\/pl\\\/k-bus-uruchamia-pierwsza-w-pelni-elektryczna-linie-autobusowa-w-innsbrucku\\\/#primaryimage\"},\"image\":{\"@id\":\"https:\\\/\\\/k-bus.at\\\/pl\\\/k-bus-uruchamia-pierwsza-w-pelni-elektryczna-linie-autobusowa-w-innsbrucku\\\/#primaryimage\"},\"thumbnailUrl\":\"https:\\\/\\\/k-bus.at\\\/wp-content\\\/uploads\\\/2026\\\/04\\\/20251112_071301.jpg\",\"datePublished\":\"2026-07-02T07:40:19+00:00\",\"author\":{\"@id\":\"https:\\\/\\\/k-bus.at\\\/pl\\\/#\\\/schema\\\/person\\\/b79a4f67da3db34c482fb3becd6e4245\"},\"breadcrumb\":{\"@id\":\"https:\\\/\\\/k-bus.at\\\/pl\\\/k-bus-uruchamia-pierwsza-w-pelni-elektryczna-linie-autobusowa-w-innsbrucku\\\/#breadcrumb\"},\"inLanguage\":\"pl-PL\",\"potentialAction\":[{\"@type\":\"ReadAction\",\"target\":[\"https:\\\/\\\/k-bus.at\\\/pl\\\/k-bus-uruchamia-pierwsza-w-pelni-elektryczna-linie-autobusowa-w-innsbrucku\\\/\"]}]},{\"@type\":\"ImageObject\",\"inLanguage\":\"pl-PL\",\"@id\":\"https:\\\/\\\/k-bus.at\\\/pl\\\/k-bus-uruchamia-pierwsza-w-pelni-elektryczna-linie-autobusowa-w-innsbrucku\\\/#primaryimage\",\"url\":\"https:\\\/\\\/k-bus.at\\\/wp-content\\\/uploads\\\/2026\\\/04\\\/20251112_071301.jpg\",\"contentUrl\":\"https:\\\/\\\/k-bus.at\\\/wp-content\\\/uploads\\\/2026\\\/04\\\/20251112_071301.jpg\",\"width\":1280,\"height\":960,\"caption\":\"KBus-Kutsenits\"},{\"@type\":\"BreadcrumbList\",\"@id\":\"https:\\\/\\\/k-bus.at\\\/pl\\\/k-bus-uruchamia-pierwsza-w-pelni-elektryczna-linie-autobusowa-w-innsbrucku\\\/#breadcrumb\",\"itemListElement\":[{\"@type\":\"ListItem\",\"position\":1,\"name\":\"Startseite\",\"item\":\"https:\\\/\\\/k-bus.at\\\/pl\\\/k-bus-gmbh\\\/\"},{\"@type\":\"ListItem\",\"position\":2,\"name\":\"K-BUS uruchamia pierwsz\u0105 w pe\u0142ni elektryczn\u0105 lini\u0119 autobusow\u0105 w Innsbrucku\"}]},{\"@type\":\"WebSite\",\"@id\":\"https:\\\/\\\/k-bus.at\\\/pl\\\/#website\",\"url\":\"https:\\\/\\\/k-bus.at\\\/pl\\\/\",\"name\":\"K-Bus\",\"description\":\"Smart Mobility\",\"potentialAction\":[{\"@type\":\"SearchAction\",\"target\":{\"@type\":\"EntryPoint\",\"urlTemplate\":\"https:\\\/\\\/k-bus.at\\\/pl\\\/?s={search_term_string}\"},\"query-input\":{\"@type\":\"PropertyValueSpecification\",\"valueRequired\":true,\"valueName\":\"search_term_string\"}}],\"inLanguage\":\"pl-PL\"},{\"@type\":\"Person\",\"@id\":\"https:\\\/\\\/k-bus.at\\\/pl\\\/#\\\/schema\\\/person\\\/b79a4f67da3db34c482fb3becd6e4245\",\"name\":\"Andrea Pirecki\",\"image\":{\"@type\":\"ImageObject\",\"inLanguage\":\"pl-PL\",\"@id\":\"https:\\\/\\\/secure.gravatar.com\\\/avatar\\\/5e7490fdafa64acbdd60eca8c45c7de318b19f18b275b5c3183eff64bd4dd9e8?s=96&d=mm&r=g\",\"url\":\"https:\\\/\\\/secure.gravatar.com\\\/avatar\\\/5e7490fdafa64acbdd60eca8c45c7de318b19f18b275b5c3183eff64bd4dd9e8?s=96&d=mm&r=g\",\"contentUrl\":\"https:\\\/\\\/secure.gravatar.com\\\/avatar\\\/5e7490fdafa64acbdd60eca8c45c7de318b19f18b275b5c3183eff64bd4dd9e8?s=96&d=mm&r=g\",\"caption\":\"Andrea Pirecki\"}}]}<\/script>\n<!-- \/ Yoast SEO plugin. -->","yoast_head_json":{"title":"K-BUS uruchamia pierwsz\u0105 w pe\u0142ni elektryczn\u0105 lini\u0119 autobusow\u0105 w Innsbrucku - K-Bus","robots":{"index":"index","follow":"follow","max-snippet":"max-snippet:-1","max-image-preview":"max-image-preview:large","max-video-preview":"max-video-preview:-1"},"canonical":"https:\/\/k-bus.at\/pl\/k-bus-uruchamia-pierwsza-w-pelni-elektryczna-linie-autobusowa-w-innsbrucku\/","og_locale":"pl_PL","og_type":"article","og_title":"K-BUS uruchamia pierwsz\u0105 w pe\u0142ni elektryczn\u0105 lini\u0119 autobusow\u0105 w Innsbrucku - K-Bus","og_description":"Wraz z uruchomieniem pierwszej w pe\u0142ni elektrycznej linii autobusowej w Innsbrucku konsekwentnie kontynuowana jest rozbudowa zr\u00f3wnowa\u017conej mobilno\u015bci. Na nowej linii","og_url":"https:\/\/k-bus.at\/pl\/k-bus-uruchamia-pierwsza-w-pelni-elektryczna-linie-autobusowa-w-innsbrucku\/","og_site_name":"K-Bus","article_published_time":"2026-07-02T07:40:19+00:00","og_image":[{"width":1280,"height":960,"url":"https:\/\/k-bus.at\/wp-content\/uploads\/2026\/04\/20251112_071301.jpg","type":"image\/jpeg"}],"author":"Andrea Pirecki","twitter_card":"summary_large_image","twitter_misc":{"Napisane przez":"Andrea Pirecki","Szacowany czas czytania":"1 minuta"},"schema":{"@context":"https:\/\/schema.org","@graph":[{"@type":"Article","@id":"https:\/\/k-bus.at\/pl\/k-bus-uruchamia-pierwsza-w-pelni-elektryczna-linie-autobusowa-w-innsbrucku\/#article","isPartOf":{"@id":"https:\/\/k-bus.at\/pl\/k-bus-uruchamia-pierwsza-w-pelni-elektryczna-linie-autobusowa-w-innsbrucku\/"},"author":{"name":"Andrea Pirecki","@id":"https:\/\/k-bus.at\/pl\/#\/schema\/person\/b79a4f67da3db34c482fb3becd6e4245"},"headline":"K-BUS uruchamia pierwsz\u0105 w pe\u0142ni elektryczn\u0105 lini\u0119 autobusow\u0105 w Innsbrucku","datePublished":"2026-07-02T07:40:19+00:00","mainEntityOfPage":{"@id":"https:\/\/k-bus.at\/pl\/k-bus-uruchamia-pierwsza-w-pelni-elektryczna-linie-autobusowa-w-innsbrucku\/"},"wordCount":128,"image":{"@id":"https:\/\/k-bus.at\/pl\/k-bus-uruchamia-pierwsza-w-pelni-elektryczna-linie-autobusowa-w-innsbrucku\/#primaryimage"},"thumbnailUrl":"https:\/\/k-bus.at\/wp-content\/uploads\/2026\/04\/20251112_071301.jpg","inLanguage":"pl-PL"},{"@type":"WebPage","@id":"https:\/\/k-bus.at\/pl\/k-bus-uruchamia-pierwsza-w-pelni-elektryczna-linie-autobusowa-w-innsbrucku\/","url":"https:\/\/k-bus.at\/pl\/k-bus-uruchamia-pierwsza-w-pelni-elektryczna-linie-autobusowa-w-innsbrucku\/","name":"K-BUS uruchamia pierwsz\u0105 w pe\u0142ni elektryczn\u0105 lini\u0119 autobusow\u0105 w Innsbrucku - K-Bus","isPartOf":{"@id":"https:\/\/k-bus.at\/pl\/#website"},"primaryImageOfPage":{"@id":"https:\/\/k-bus.at\/pl\/k-bus-uruchamia-pierwsza-w-pelni-elektryczna-linie-autobusowa-w-innsbrucku\/#primaryimage"},"image":{"@id":"https:\/\/k-bus.at\/pl\/k-bus-uruchamia-pierwsza-w-pelni-elektryczna-linie-autobusowa-w-innsbrucku\/#primaryimage"},"thumbnailUrl":"https:\/\/k-bus.at\/wp-content\/uploads\/2026\/04\/20251112_071301.jpg","datePublished":"2026-07-02T07:40:19+00:00","author":{"@id":"https:\/\/k-bus.at\/pl\/#\/schema\/person\/b79a4f67da3db34c482fb3becd6e4245"},"breadcrumb":{"@id":"https:\/\/k-bus.at\/pl\/k-bus-uruchamia-pierwsza-w-pelni-elektryczna-linie-autobusowa-w-innsbrucku\/#breadcrumb"},"inLanguage":"pl-PL","potentialAction":[{"@type":"ReadAction","target":["https:\/\/k-bus.at\/pl\/k-bus-uruchamia-pierwsza-w-pelni-elektryczna-linie-autobusowa-w-innsbrucku\/"]}]},{"@type":"ImageObject","inLanguage":"pl-PL","@id":"https:\/\/k-bus.at\/pl\/k-bus-uruchamia-pierwsza-w-pelni-elektryczna-linie-autobusowa-w-innsbrucku\/#primaryimage","url":"https:\/\/k-bus.at\/wp-content\/uploads\/2026\/04\/20251112_071301.jpg","contentUrl":"https:\/\/k-bus.at\/wp-content\/uploads\/2026\/04\/20251112_071301.jpg","width":1280,"height":960,"caption":"KBus-Kutsenits"},{"@type":"BreadcrumbList","@id":"https:\/\/k-bus.at\/pl\/k-bus-uruchamia-pierwsza-w-pelni-elektryczna-linie-autobusowa-w-innsbrucku\/#breadcrumb","itemListElement":[{"@type":"ListItem","position":1,"name":"Startseite","item":"https:\/\/k-bus.at\/pl\/k-bus-gmbh\/"},{"@type":"ListItem","position":2,"name":"K-BUS uruchamia pierwsz\u0105 w pe\u0142ni elektryczn\u0105 lini\u0119 autobusow\u0105 w Innsbrucku"}]},{"@type":"WebSite","@id":"https:\/\/k-bus.at\/pl\/#website","url":"https:\/\/k-bus.at\/pl\/","name":"K-Bus","description":"Smart Mobility","potentialAction":[{"@type":"SearchAction","target":{"@type":"EntryPoint","urlTemplate":"https:\/\/k-bus.at\/pl\/?s={search_term_string}"},"query-input":{"@type":"PropertyValueSpecification","valueRequired":true,"valueName":"search_term_string"}}],"inLanguage":"pl-PL"},{"@type":"Person","@id":"https:\/\/k-bus.at\/pl\/#\/schema\/person\/b79a4f67da3db34c482fb3becd6e4245","name":"Andrea Pirecki","image":{"@type":"ImageObject","inLanguage":"pl-PL","@id":"https:\/\/secure.gravatar.com\/avatar\/5e7490fdafa64acbdd60eca8c45c7de318b19f18b275b5c3183eff64bd4dd9e8?s=96&d=mm&r=g","url":"https:\/\/secure.gravatar.com\/avatar\/5e7490fdafa64acbdd60eca8c45c7de318b19f18b275b5c3183eff64bd4dd9e8?s=96&d=mm&r=g","contentUrl":"https:\/\/secure.gravatar.com\/avatar\/5e7490fdafa64acbdd60eca8c45c7de318b19f18b275b5c3183eff64bd4dd9e8?s=96&d=mm&r=g","caption":"Andrea Pirecki"}}]}},"_links":{"self":[{"href":"https:\/\/k-bus.at\/pl\/wp-json\/wp\/v2\/posts\/16551","targetHints":{"allow":["GET"]}}],"collection":[{"href":"https:\/\/k-bus.at\/pl\/wp-json\/wp\/v2\/posts"}],"about":[{"href":"https:\/\/k-bus.at\/pl\/wp-json\/wp\/v2\/types\/post"}],"author":[{"embeddable":true,"href":"https:\/\/k-bus.at\/pl\/wp-json\/wp\/v2\/users\/3"}],"replies":[{"embeddable":true,"href":"https:\/\/k-bus.at\/pl\/wp-json\/wp\/v2\/comments?post=16551"}],"version-history":[{"count":0,"href":"https:\/\/k-bus.at\/pl\/wp-json\/wp\/v2\/posts\/16551\/revisions"}],"wp:featuredmedia":[{"embeddable":true,"href":"https:\/\/k-bus.at\/pl\/wp-json\/wp\/v2\/media\/2369"}],"wp:attachment":[{"href":"https:\/\/k-bus.at\/pl\/wp-json\/wp\/v2\/media?parent=16551"}],"wp:term":[{"taxonomy":"category","embeddable":true,"href":"https:\/\/k-bus.at\/pl\/wp-json\/wp\/v2\/categories?post=16551"},{"taxonomy":"post_tag","embeddable":true,"href":"https:\/\/k-bus.at\/pl\/wp-json\/wp\/v2\/tags?post=16551"}],"curies":[{"name":"wp","href":"https:\/\/api.w.org\/{rel}","templated":true}]}}