{"id":16553,"date":"2026-07-02T09:40:19","date_gmt":"2026-07-02T07:40:19","guid":{"rendered":"https:\/\/adiznctb3b.wpdns.site\/a-k-bus-lanca-a-primeira-linha-de-autocarros-totalmente-eletricos-em-innsbruck\/"},"modified":"2026-07-02T09:40:19","modified_gmt":"2026-07-02T07:40:19","slug":"a-k-bus-lanca-a-primeira-linha-de-autocarros-totalmente-eletricos-em-innsbruck","status":"publish","type":"post","link":"https:\/\/k-bus.at\/pt-pt\/a-k-bus-lanca-a-primeira-linha-de-autocarros-totalmente-eletricos-em-innsbruck\/","title":{"rendered":"A K-BUS lan\u00e7a a primeira linha de autocarros totalmente el\u00e9tricos em Innsbruck"},"content":{"rendered":"<p data-start=\"167\" data-end=\"549\">Com a introdu\u00e7\u00e3o da primeira linha de autocarros totalmente el\u00e9tricos em Innsbruck, a expans\u00e3o da mobilidade sustent\u00e1vel prossegue de forma consistente. Na nova linha D s\u00e3o utilizados modernos miniautocarros el\u00e9tricos da K-Bus, concebidos especificamente para a circula\u00e7\u00e3o urbana em ruas estreitas e com uma autonomia de cerca de 150 quil\u00f3metros. <\/p>\n<p data-start=\"551\" data-end=\"776\">A nova linha melhora, em particular, a liga\u00e7\u00e3o entre os bairros de Arzl e M\u00fchlau e representa, ao mesmo tempo, um passo importante no sentido de um transporte p\u00fablico sem emiss\u00f5es.<\/p>\n<p data-start=\"778\" data-end=\"992\">O jornal regional tamb\u00e9m faz uma reportagem sobre o projeto <span class=\"hover:entity-accent entity-underline inline cursor-pointer align-baseline\"><span class=\"whitespace-normal\">MeinBezirk<\/span><\/span> na reportagem <strong data-start=\"879\" data-end=\"937\">\u00abPrimeira linha de autocarros totalmente el\u00e9trica em Innsbruck\u00bb<\/strong>, da autoria de <span class=\"hover:entity-accent entity-underline inline cursor-pointer align-baseline\"><span class=\"whitespace-normal\">Pascal Pali<\/span><\/span>.<\/p>\n<p data-start=\"994\" data-end=\"1153\">Pode encontrar o artigo completo aqui:<br data-start=\"1039\" data-end=\"1042\"\/><a class=\"decorated-link\" href=\"https:\/\/www.meinbezirk.at\/innsbruck\/c-lokales\/erste-vollstaendig-elektrische-buslinie-fuer-innsbruck_a7871915\" target=\"_new\" rel=\"noopener\" data-start=\"1042\" data-end=\"1151\">https:\/\/www.meinbezirk.at\/innsbruck\/c-lokales\/erste-vollstaendig-elektrische-buslinie-fuer-innsbruck_a7871915<\/a><\/p>\n","protected":false},"excerpt":{"rendered":"<p>Com a introdu\u00e7\u00e3o da primeira linha de autocarros totalmente el\u00e9tricos em Innsbruck, a expans\u00e3o da mobilidade sustent\u00e1vel prossegue de forma<\/p>\n","protected":false},"author":3,"featured_media":2370,"comment_status":"closed","ping_status":"closed","sticky":false,"template":"","format":"standard","meta":{"_acf_changed":false,"footnotes":""},"categories":[147],"tags":[],"class_list":["post-16553","post","type-post","status-publish","format-standard","has-post-thumbnail","hentry","category-sem-categoria"],"acf":[],"yoast_head":"<!-- This site is optimized with the Yoast SEO plugin v28.0 - https:\/\/yoast.com\/product\/yoast-seo-wordpress\/ -->\n<title>A K-BUS lan\u00e7a a primeira linha de autocarros totalmente el\u00e9tricos em Innsbruck - K-Bus<\/title>\n<meta name=\"robots\" content=\"index, follow, max-snippet:-1, max-image-preview:large, max-video-preview:-1\" \/>\n<link rel=\"canonical\" href=\"https:\/\/k-bus.at\/pt-pt\/a-k-bus-lanca-a-primeira-linha-de-autocarros-totalmente-eletricos-em-innsbruck\/\" \/>\n<meta property=\"og:locale\" content=\"pt_PT\" \/>\n<meta property=\"og:type\" content=\"article\" \/>\n<meta property=\"og:title\" content=\"A K-BUS lan\u00e7a a primeira linha de autocarros totalmente el\u00e9tricos em Innsbruck - K-Bus\" \/>\n<meta property=\"og:description\" content=\"Com a introdu\u00e7\u00e3o da primeira linha de autocarros totalmente el\u00e9tricos em Innsbruck, a expans\u00e3o da mobilidade sustent\u00e1vel prossegue de forma\" \/>\n<meta property=\"og:url\" content=\"https:\/\/k-bus.at\/pt-pt\/a-k-bus-lanca-a-primeira-linha-de-autocarros-totalmente-eletricos-em-innsbruck\/\" \/>\n<meta property=\"og:site_name\" content=\"K-Bus\" \/>\n<meta property=\"article:published_time\" content=\"2026-07-02T07:40:19+00:00\" \/>\n<meta property=\"og:image\" content=\"https:\/\/k-bus.at\/wp-content\/uploads\/2026\/04\/20251112_071301.jpg\" \/>\n\t<meta property=\"og:image:width\" content=\"1280\" \/>\n\t<meta property=\"og:image:height\" content=\"960\" \/>\n\t<meta property=\"og:image:type\" content=\"image\/jpeg\" \/>\n<meta name=\"author\" content=\"Andrea Pirecki\" \/>\n<meta name=\"twitter:card\" content=\"summary_large_image\" \/>\n<meta name=\"twitter:label1\" content=\"Escrito por\" \/>\n\t<meta name=\"twitter:data1\" content=\"Andrea Pirecki\" \/>\n\t<meta name=\"twitter:label2\" content=\"Tempo estimado de leitura\" \/>\n\t<meta name=\"twitter:data2\" content=\"1 minuto\" \/>\n<script type=\"application\/ld+json\" class=\"yoast-schema-graph\">{\"@context\":\"https:\\\/\\\/schema.org\",\"@graph\":[{\"@type\":\"Article\",\"@id\":\"https:\\\/\\\/k-bus.at\\\/pt-pt\\\/a-k-bus-lanca-a-primeira-linha-de-autocarros-totalmente-eletricos-em-innsbruck\\\/#article\",\"isPartOf\":{\"@id\":\"https:\\\/\\\/k-bus.at\\\/pt-pt\\\/a-k-bus-lanca-a-primeira-linha-de-autocarros-totalmente-eletricos-em-innsbruck\\\/\"},\"author\":{\"name\":\"Andrea Pirecki\",\"@id\":\"https:\\\/\\\/k-bus.at\\\/pt-pt\\\/#\\\/schema\\\/person\\\/b79a4f67da3db34c482fb3becd6e4245\"},\"headline\":\"A K-BUS lan\u00e7a a primeira linha de autocarros totalmente el\u00e9tricos em Innsbruck\",\"datePublished\":\"2026-07-02T07:40:19+00:00\",\"mainEntityOfPage\":{\"@id\":\"https:\\\/\\\/k-bus.at\\\/pt-pt\\\/a-k-bus-lanca-a-primeira-linha-de-autocarros-totalmente-eletricos-em-innsbruck\\\/\"},\"wordCount\":148,\"image\":{\"@id\":\"https:\\\/\\\/k-bus.at\\\/pt-pt\\\/a-k-bus-lanca-a-primeira-linha-de-autocarros-totalmente-eletricos-em-innsbruck\\\/#primaryimage\"},\"thumbnailUrl\":\"https:\\\/\\\/k-bus.at\\\/wp-content\\\/uploads\\\/2026\\\/04\\\/20251112_071301.jpg\",\"inLanguage\":\"pt-PT\"},{\"@type\":\"WebPage\",\"@id\":\"https:\\\/\\\/k-bus.at\\\/pt-pt\\\/a-k-bus-lanca-a-primeira-linha-de-autocarros-totalmente-eletricos-em-innsbruck\\\/\",\"url\":\"https:\\\/\\\/k-bus.at\\\/pt-pt\\\/a-k-bus-lanca-a-primeira-linha-de-autocarros-totalmente-eletricos-em-innsbruck\\\/\",\"name\":\"A K-BUS lan\u00e7a a primeira linha de autocarros totalmente el\u00e9tricos em Innsbruck - K-Bus\",\"isPartOf\":{\"@id\":\"https:\\\/\\\/k-bus.at\\\/pt-pt\\\/#website\"},\"primaryImageOfPage\":{\"@id\":\"https:\\\/\\\/k-bus.at\\\/pt-pt\\\/a-k-bus-lanca-a-primeira-linha-de-autocarros-totalmente-eletricos-em-innsbruck\\\/#primaryimage\"},\"image\":{\"@id\":\"https:\\\/\\\/k-bus.at\\\/pt-pt\\\/a-k-bus-lanca-a-primeira-linha-de-autocarros-totalmente-eletricos-em-innsbruck\\\/#primaryimage\"},\"thumbnailUrl\":\"https:\\\/\\\/k-bus.at\\\/wp-content\\\/uploads\\\/2026\\\/04\\\/20251112_071301.jpg\",\"datePublished\":\"2026-07-02T07:40:19+00:00\",\"author\":{\"@id\":\"https:\\\/\\\/k-bus.at\\\/pt-pt\\\/#\\\/schema\\\/person\\\/b79a4f67da3db34c482fb3becd6e4245\"},\"breadcrumb\":{\"@id\":\"https:\\\/\\\/k-bus.at\\\/pt-pt\\\/a-k-bus-lanca-a-primeira-linha-de-autocarros-totalmente-eletricos-em-innsbruck\\\/#breadcrumb\"},\"inLanguage\":\"pt-PT\",\"potentialAction\":[{\"@type\":\"ReadAction\",\"target\":[\"https:\\\/\\\/k-bus.at\\\/pt-pt\\\/a-k-bus-lanca-a-primeira-linha-de-autocarros-totalmente-eletricos-em-innsbruck\\\/\"]}]},{\"@type\":\"ImageObject\",\"inLanguage\":\"pt-PT\",\"@id\":\"https:\\\/\\\/k-bus.at\\\/pt-pt\\\/a-k-bus-lanca-a-primeira-linha-de-autocarros-totalmente-eletricos-em-innsbruck\\\/#primaryimage\",\"url\":\"https:\\\/\\\/k-bus.at\\\/wp-content\\\/uploads\\\/2026\\\/04\\\/20251112_071301.jpg\",\"contentUrl\":\"https:\\\/\\\/k-bus.at\\\/wp-content\\\/uploads\\\/2026\\\/04\\\/20251112_071301.jpg\",\"width\":1280,\"height\":960,\"caption\":\"KBus-Kutsenits\"},{\"@type\":\"BreadcrumbList\",\"@id\":\"https:\\\/\\\/k-bus.at\\\/pt-pt\\\/a-k-bus-lanca-a-primeira-linha-de-autocarros-totalmente-eletricos-em-innsbruck\\\/#breadcrumb\",\"itemListElement\":[{\"@type\":\"ListItem\",\"position\":1,\"name\":\"Startseite\",\"item\":\"https:\\\/\\\/k-bus.at\\\/pt-pt\\\/k-bus-gmbh\\\/\"},{\"@type\":\"ListItem\",\"position\":2,\"name\":\"A K-BUS lan\u00e7a a primeira linha de autocarros totalmente el\u00e9tricos em Innsbruck\"}]},{\"@type\":\"WebSite\",\"@id\":\"https:\\\/\\\/k-bus.at\\\/pt-pt\\\/#website\",\"url\":\"https:\\\/\\\/k-bus.at\\\/pt-pt\\\/\",\"name\":\"K-Bus\",\"description\":\"Smart Mobility\",\"potentialAction\":[{\"@type\":\"SearchAction\",\"target\":{\"@type\":\"EntryPoint\",\"urlTemplate\":\"https:\\\/\\\/k-bus.at\\\/pt-pt\\\/?s={search_term_string}\"},\"query-input\":{\"@type\":\"PropertyValueSpecification\",\"valueRequired\":true,\"valueName\":\"search_term_string\"}}],\"inLanguage\":\"pt-PT\"},{\"@type\":\"Person\",\"@id\":\"https:\\\/\\\/k-bus.at\\\/pt-pt\\\/#\\\/schema\\\/person\\\/b79a4f67da3db34c482fb3becd6e4245\",\"name\":\"Andrea Pirecki\",\"image\":{\"@type\":\"ImageObject\",\"inLanguage\":\"pt-PT\",\"@id\":\"https:\\\/\\\/secure.gravatar.com\\\/avatar\\\/5e7490fdafa64acbdd60eca8c45c7de318b19f18b275b5c3183eff64bd4dd9e8?s=96&d=mm&r=g\",\"url\":\"https:\\\/\\\/secure.gravatar.com\\\/avatar\\\/5e7490fdafa64acbdd60eca8c45c7de318b19f18b275b5c3183eff64bd4dd9e8?s=96&d=mm&r=g\",\"contentUrl\":\"https:\\\/\\\/secure.gravatar.com\\\/avatar\\\/5e7490fdafa64acbdd60eca8c45c7de318b19f18b275b5c3183eff64bd4dd9e8?s=96&d=mm&r=g\",\"caption\":\"Andrea Pirecki\"}}]}<\/script>\n<!-- \/ Yoast SEO plugin. -->","yoast_head_json":{"title":"A K-BUS lan\u00e7a a primeira linha de autocarros totalmente el\u00e9tricos em Innsbruck - K-Bus","robots":{"index":"index","follow":"follow","max-snippet":"max-snippet:-1","max-image-preview":"max-image-preview:large","max-video-preview":"max-video-preview:-1"},"canonical":"https:\/\/k-bus.at\/pt-pt\/a-k-bus-lanca-a-primeira-linha-de-autocarros-totalmente-eletricos-em-innsbruck\/","og_locale":"pt_PT","og_type":"article","og_title":"A K-BUS lan\u00e7a a primeira linha de autocarros totalmente el\u00e9tricos em Innsbruck - K-Bus","og_description":"Com a introdu\u00e7\u00e3o da primeira linha de autocarros totalmente el\u00e9tricos em Innsbruck, a expans\u00e3o da mobilidade sustent\u00e1vel prossegue de forma","og_url":"https:\/\/k-bus.at\/pt-pt\/a-k-bus-lanca-a-primeira-linha-de-autocarros-totalmente-eletricos-em-innsbruck\/","og_site_name":"K-Bus","article_published_time":"2026-07-02T07:40:19+00:00","og_image":[{"width":1280,"height":960,"url":"https:\/\/k-bus.at\/wp-content\/uploads\/2026\/04\/20251112_071301.jpg","type":"image\/jpeg"}],"author":"Andrea Pirecki","twitter_card":"summary_large_image","twitter_misc":{"Escrito por":"Andrea Pirecki","Tempo estimado de leitura":"1 minuto"},"schema":{"@context":"https:\/\/schema.org","@graph":[{"@type":"Article","@id":"https:\/\/k-bus.at\/pt-pt\/a-k-bus-lanca-a-primeira-linha-de-autocarros-totalmente-eletricos-em-innsbruck\/#article","isPartOf":{"@id":"https:\/\/k-bus.at\/pt-pt\/a-k-bus-lanca-a-primeira-linha-de-autocarros-totalmente-eletricos-em-innsbruck\/"},"author":{"name":"Andrea Pirecki","@id":"https:\/\/k-bus.at\/pt-pt\/#\/schema\/person\/b79a4f67da3db34c482fb3becd6e4245"},"headline":"A K-BUS lan\u00e7a a primeira linha de autocarros totalmente el\u00e9tricos em Innsbruck","datePublished":"2026-07-02T07:40:19+00:00","mainEntityOfPage":{"@id":"https:\/\/k-bus.at\/pt-pt\/a-k-bus-lanca-a-primeira-linha-de-autocarros-totalmente-eletricos-em-innsbruck\/"},"wordCount":148,"image":{"@id":"https:\/\/k-bus.at\/pt-pt\/a-k-bus-lanca-a-primeira-linha-de-autocarros-totalmente-eletricos-em-innsbruck\/#primaryimage"},"thumbnailUrl":"https:\/\/k-bus.at\/wp-content\/uploads\/2026\/04\/20251112_071301.jpg","inLanguage":"pt-PT"},{"@type":"WebPage","@id":"https:\/\/k-bus.at\/pt-pt\/a-k-bus-lanca-a-primeira-linha-de-autocarros-totalmente-eletricos-em-innsbruck\/","url":"https:\/\/k-bus.at\/pt-pt\/a-k-bus-lanca-a-primeira-linha-de-autocarros-totalmente-eletricos-em-innsbruck\/","name":"A K-BUS lan\u00e7a a primeira linha de autocarros totalmente el\u00e9tricos em Innsbruck - K-Bus","isPartOf":{"@id":"https:\/\/k-bus.at\/pt-pt\/#website"},"primaryImageOfPage":{"@id":"https:\/\/k-bus.at\/pt-pt\/a-k-bus-lanca-a-primeira-linha-de-autocarros-totalmente-eletricos-em-innsbruck\/#primaryimage"},"image":{"@id":"https:\/\/k-bus.at\/pt-pt\/a-k-bus-lanca-a-primeira-linha-de-autocarros-totalmente-eletricos-em-innsbruck\/#primaryimage"},"thumbnailUrl":"https:\/\/k-bus.at\/wp-content\/uploads\/2026\/04\/20251112_071301.jpg","datePublished":"2026-07-02T07:40:19+00:00","author":{"@id":"https:\/\/k-bus.at\/pt-pt\/#\/schema\/person\/b79a4f67da3db34c482fb3becd6e4245"},"breadcrumb":{"@id":"https:\/\/k-bus.at\/pt-pt\/a-k-bus-lanca-a-primeira-linha-de-autocarros-totalmente-eletricos-em-innsbruck\/#breadcrumb"},"inLanguage":"pt-PT","potentialAction":[{"@type":"ReadAction","target":["https:\/\/k-bus.at\/pt-pt\/a-k-bus-lanca-a-primeira-linha-de-autocarros-totalmente-eletricos-em-innsbruck\/"]}]},{"@type":"ImageObject","inLanguage":"pt-PT","@id":"https:\/\/k-bus.at\/pt-pt\/a-k-bus-lanca-a-primeira-linha-de-autocarros-totalmente-eletricos-em-innsbruck\/#primaryimage","url":"https:\/\/k-bus.at\/wp-content\/uploads\/2026\/04\/20251112_071301.jpg","contentUrl":"https:\/\/k-bus.at\/wp-content\/uploads\/2026\/04\/20251112_071301.jpg","width":1280,"height":960,"caption":"KBus-Kutsenits"},{"@type":"BreadcrumbList","@id":"https:\/\/k-bus.at\/pt-pt\/a-k-bus-lanca-a-primeira-linha-de-autocarros-totalmente-eletricos-em-innsbruck\/#breadcrumb","itemListElement":[{"@type":"ListItem","position":1,"name":"Startseite","item":"https:\/\/k-bus.at\/pt-pt\/k-bus-gmbh\/"},{"@type":"ListItem","position":2,"name":"A K-BUS lan\u00e7a a primeira linha de autocarros totalmente el\u00e9tricos em Innsbruck"}]},{"@type":"WebSite","@id":"https:\/\/k-bus.at\/pt-pt\/#website","url":"https:\/\/k-bus.at\/pt-pt\/","name":"K-Bus","description":"Smart Mobility","potentialAction":[{"@type":"SearchAction","target":{"@type":"EntryPoint","urlTemplate":"https:\/\/k-bus.at\/pt-pt\/?s={search_term_string}"},"query-input":{"@type":"PropertyValueSpecification","valueRequired":true,"valueName":"search_term_string"}}],"inLanguage":"pt-PT"},{"@type":"Person","@id":"https:\/\/k-bus.at\/pt-pt\/#\/schema\/person\/b79a4f67da3db34c482fb3becd6e4245","name":"Andrea Pirecki","image":{"@type":"ImageObject","inLanguage":"pt-PT","@id":"https:\/\/secure.gravatar.com\/avatar\/5e7490fdafa64acbdd60eca8c45c7de318b19f18b275b5c3183eff64bd4dd9e8?s=96&d=mm&r=g","url":"https:\/\/secure.gravatar.com\/avatar\/5e7490fdafa64acbdd60eca8c45c7de318b19f18b275b5c3183eff64bd4dd9e8?s=96&d=mm&r=g","contentUrl":"https:\/\/secure.gravatar.com\/avatar\/5e7490fdafa64acbdd60eca8c45c7de318b19f18b275b5c3183eff64bd4dd9e8?s=96&d=mm&r=g","caption":"Andrea Pirecki"}}]}},"_links":{"self":[{"href":"https:\/\/k-bus.at\/pt-pt\/wp-json\/wp\/v2\/posts\/16553","targetHints":{"allow":["GET"]}}],"collection":[{"href":"https:\/\/k-bus.at\/pt-pt\/wp-json\/wp\/v2\/posts"}],"about":[{"href":"https:\/\/k-bus.at\/pt-pt\/wp-json\/wp\/v2\/types\/post"}],"author":[{"embeddable":true,"href":"https:\/\/k-bus.at\/pt-pt\/wp-json\/wp\/v2\/users\/3"}],"replies":[{"embeddable":true,"href":"https:\/\/k-bus.at\/pt-pt\/wp-json\/wp\/v2\/comments?post=16553"}],"version-history":[{"count":0,"href":"https:\/\/k-bus.at\/pt-pt\/wp-json\/wp\/v2\/posts\/16553\/revisions"}],"wp:featuredmedia":[{"embeddable":true,"href":"https:\/\/k-bus.at\/pt-pt\/wp-json\/wp\/v2\/media\/2370"}],"wp:attachment":[{"href":"https:\/\/k-bus.at\/pt-pt\/wp-json\/wp\/v2\/media?parent=16553"}],"wp:term":[{"taxonomy":"category","embeddable":true,"href":"https:\/\/k-bus.at\/pt-pt\/wp-json\/wp\/v2\/categories?post=16553"},{"taxonomy":"post_tag","embeddable":true,"href":"https:\/\/k-bus.at\/pt-pt\/wp-json\/wp\/v2\/tags?post=16553"}],"curies":[{"name":"wp","href":"https:\/\/api.w.org\/{rel}","templated":true}]}}