{"id":16566,"date":"2026-07-02T09:40:25","date_gmt":"2026-07-02T07:40:25","guid":{"rendered":"https:\/\/adiznctb3b.wpdns.site\/alte-autobuze-electrice-de-la-k-bus-consolideaza-mobilitatea-durabila-in-leoben\/"},"modified":"2026-07-02T09:40:25","modified_gmt":"2026-07-02T07:40:25","slug":"alte-autobuze-electrice-de-la-k-bus-consolideaza-mobilitatea-durabila-in-leoben","status":"publish","type":"post","link":"https:\/\/k-bus.at\/ro\/alte-autobuze-electrice-de-la-k-bus-consolideaza-mobilitatea-durabila-in-leoben\/","title":{"rendered":"Alte autobuze electrice de la K-BUS consolideaz\u0103 mobilitatea durabil\u0103 \u00een Leoben"},"content":{"rendered":"<p data-start=\"200\" data-end=\"584\">Electrificarea transportului public din Leoben continu\u0103 s\u0103 avanseze. Odat\u0103 cu predarea noilor autobuze electrice \u00een Leoben, flota \u00eentreprinderii municipale Stadtwerke Leoben este extins\u0103 \u00een mod strategic. Vehiculele moderne vor fi utilizate \u00een viitor at\u00e2t \u00een transportul de linie din centrul ora\u0219ului, c\u00e2t \u0219i \u00een sistemul de autobuze la cerere. Astfel, ele aduc o contribu\u021bie important\u0103 la mobilitatea durabil\u0103 din regiune.   <\/p>\n<p data-start=\"586\" data-end=\"782\">\u0218i ziarul regional \u201eMeinBezirk\u201d relateaz\u0103 despre acest subiect \u00een articolul <strong data-start=\"488\" data-end=\"538\">\u201eExtinderea flotei electrice a serviciilor publice municipale\u201d.<\/strong> Articolul eviden\u021biaz\u0103 importan\u021ba noilor autobuze electrice pentru ora\u0219ul Leoben. <\/p>\n<p data-start=\"904\" data-end=\"1051\">Articolul complet \u00eel pute\u021bi g\u0103si aici:<br data-start=\"949\" data-end=\"952\"\/><a class=\"decorated-link\" href=\"https:\/\/www.meinbezirk.at\/leoben\/c-lokales\/verstaerkung-der-e-flotte-bei-den-stadtwerken_a8515549\" target=\"_new\" rel=\"noopener\" data-start=\"952\" data-end=\"1049\">https:\/\/www.meinbezirk.at\/leoben\/c-lokales\/verstaerkung-der-e-flotte-bei-den-stadtwerken_a8515549<\/a><\/p>\n","protected":false},"excerpt":{"rendered":"<p>Electrificarea transportului public din Leoben continu\u0103 s\u0103 avanseze. Odat\u0103 cu predarea noilor autobuze electrice \u00een Leoben, flota \u00eentreprinderii municipale Stadtwerke<\/p>\n","protected":false},"author":3,"featured_media":2338,"comment_status":"closed","ping_status":"closed","sticky":false,"template":"","format":"standard","meta":{"_acf_changed":false,"footnotes":""},"categories":[257],"tags":[],"class_list":["post-16566","post","type-post","status-publish","format-standard","has-post-thumbnail","hentry","category-fara-categorie"],"acf":[],"yoast_head":"<!-- This site is optimized with the Yoast SEO plugin v28.0 - https:\/\/yoast.com\/product\/yoast-seo-wordpress\/ -->\n<title>Alte autobuze electrice de la K-BUS consolideaz\u0103 mobilitatea durabil\u0103 \u00een Leoben - K-Bus<\/title>\n<meta name=\"robots\" content=\"index, follow, max-snippet:-1, max-image-preview:large, max-video-preview:-1\" \/>\n<link rel=\"canonical\" href=\"https:\/\/k-bus.at\/ro\/alte-autobuze-electrice-de-la-k-bus-consolideaza-mobilitatea-durabila-in-leoben\/\" \/>\n<meta property=\"og:locale\" content=\"ro_RO\" \/>\n<meta property=\"og:type\" content=\"article\" \/>\n<meta property=\"og:title\" content=\"Alte autobuze electrice de la K-BUS consolideaz\u0103 mobilitatea durabil\u0103 \u00een Leoben - K-Bus\" \/>\n<meta property=\"og:description\" content=\"Electrificarea transportului public din Leoben continu\u0103 s\u0103 avanseze. Odat\u0103 cu predarea noilor autobuze electrice \u00een Leoben, flota \u00eentreprinderii municipale Stadtwerke\" \/>\n<meta property=\"og:url\" content=\"https:\/\/k-bus.at\/ro\/alte-autobuze-electrice-de-la-k-bus-consolideaza-mobilitatea-durabila-in-leoben\/\" \/>\n<meta property=\"og:site_name\" content=\"K-Bus\" \/>\n<meta property=\"article:published_time\" content=\"2026-07-02T07:40:25+00:00\" \/>\n<meta property=\"og:image\" content=\"https:\/\/k-bus.at\/wp-content\/uploads\/2026\/04\/20260310_1016140-scaled-e1775804841780.jpg\" \/>\n\t<meta property=\"og:image:width\" content=\"2560\" \/>\n\t<meta property=\"og:image:height\" content=\"1920\" \/>\n\t<meta property=\"og:image:type\" content=\"image\/jpeg\" \/>\n<meta name=\"author\" content=\"Andrea Pirecki\" \/>\n<meta name=\"twitter:card\" content=\"summary_large_image\" \/>\n<meta name=\"twitter:label1\" content=\"Scris de\" \/>\n\t<meta name=\"twitter:data1\" content=\"Andrea Pirecki\" \/>\n\t<meta name=\"twitter:label2\" content=\"Timp estimat pentru citire\" \/>\n\t<meta name=\"twitter:data2\" content=\"1 minut\" \/>\n<script type=\"application\/ld+json\" class=\"yoast-schema-graph\">{\"@context\":\"https:\\\/\\\/schema.org\",\"@graph\":[{\"@type\":\"Article\",\"@id\":\"https:\\\/\\\/k-bus.at\\\/ro\\\/alte-autobuze-electrice-de-la-k-bus-consolideaza-mobilitatea-durabila-in-leoben\\\/#article\",\"isPartOf\":{\"@id\":\"https:\\\/\\\/k-bus.at\\\/ro\\\/alte-autobuze-electrice-de-la-k-bus-consolideaza-mobilitatea-durabila-in-leoben\\\/\"},\"author\":{\"name\":\"Andrea Pirecki\",\"@id\":\"https:\\\/\\\/k-bus.at\\\/ro\\\/#\\\/schema\\\/person\\\/b79a4f67da3db34c482fb3becd6e4245\"},\"headline\":\"Alte autobuze electrice de la K-BUS consolideaz\u0103 mobilitatea durabil\u0103 \u00een Leoben\",\"datePublished\":\"2026-07-02T07:40:25+00:00\",\"mainEntityOfPage\":{\"@id\":\"https:\\\/\\\/k-bus.at\\\/ro\\\/alte-autobuze-electrice-de-la-k-bus-consolideaza-mobilitatea-durabila-in-leoben\\\/\"},\"wordCount\":120,\"image\":{\"@id\":\"https:\\\/\\\/k-bus.at\\\/ro\\\/alte-autobuze-electrice-de-la-k-bus-consolideaza-mobilitatea-durabila-in-leoben\\\/#primaryimage\"},\"thumbnailUrl\":\"https:\\\/\\\/k-bus.at\\\/wp-content\\\/uploads\\\/2026\\\/04\\\/20260310_1016140-scaled.jpg\",\"inLanguage\":\"ro-RO\"},{\"@type\":\"WebPage\",\"@id\":\"https:\\\/\\\/k-bus.at\\\/ro\\\/alte-autobuze-electrice-de-la-k-bus-consolideaza-mobilitatea-durabila-in-leoben\\\/\",\"url\":\"https:\\\/\\\/k-bus.at\\\/ro\\\/alte-autobuze-electrice-de-la-k-bus-consolideaza-mobilitatea-durabila-in-leoben\\\/\",\"name\":\"Alte autobuze electrice de la K-BUS consolideaz\u0103 mobilitatea durabil\u0103 \u00een Leoben - K-Bus\",\"isPartOf\":{\"@id\":\"https:\\\/\\\/k-bus.at\\\/ro\\\/#website\"},\"primaryImageOfPage\":{\"@id\":\"https:\\\/\\\/k-bus.at\\\/ro\\\/alte-autobuze-electrice-de-la-k-bus-consolideaza-mobilitatea-durabila-in-leoben\\\/#primaryimage\"},\"image\":{\"@id\":\"https:\\\/\\\/k-bus.at\\\/ro\\\/alte-autobuze-electrice-de-la-k-bus-consolideaza-mobilitatea-durabila-in-leoben\\\/#primaryimage\"},\"thumbnailUrl\":\"https:\\\/\\\/k-bus.at\\\/wp-content\\\/uploads\\\/2026\\\/04\\\/20260310_1016140-scaled.jpg\",\"datePublished\":\"2026-07-02T07:40:25+00:00\",\"author\":{\"@id\":\"https:\\\/\\\/k-bus.at\\\/ro\\\/#\\\/schema\\\/person\\\/b79a4f67da3db34c482fb3becd6e4245\"},\"breadcrumb\":{\"@id\":\"https:\\\/\\\/k-bus.at\\\/ro\\\/alte-autobuze-electrice-de-la-k-bus-consolideaza-mobilitatea-durabila-in-leoben\\\/#breadcrumb\"},\"inLanguage\":\"ro-RO\",\"potentialAction\":[{\"@type\":\"ReadAction\",\"target\":[\"https:\\\/\\\/k-bus.at\\\/ro\\\/alte-autobuze-electrice-de-la-k-bus-consolideaza-mobilitatea-durabila-in-leoben\\\/\"]}]},{\"@type\":\"ImageObject\",\"inLanguage\":\"ro-RO\",\"@id\":\"https:\\\/\\\/k-bus.at\\\/ro\\\/alte-autobuze-electrice-de-la-k-bus-consolideaza-mobilitatea-durabila-in-leoben\\\/#primaryimage\",\"url\":\"https:\\\/\\\/k-bus.at\\\/wp-content\\\/uploads\\\/2026\\\/04\\\/20260310_1016140-scaled.jpg\",\"contentUrl\":\"https:\\\/\\\/k-bus.at\\\/wp-content\\\/uploads\\\/2026\\\/04\\\/20260310_1016140-scaled.jpg\",\"width\":2560,\"height\":1920,\"caption\":\"KBus-Kutsenits\"},{\"@type\":\"BreadcrumbList\",\"@id\":\"https:\\\/\\\/k-bus.at\\\/ro\\\/alte-autobuze-electrice-de-la-k-bus-consolideaza-mobilitatea-durabila-in-leoben\\\/#breadcrumb\",\"itemListElement\":[{\"@type\":\"ListItem\",\"position\":1,\"name\":\"Startseite\",\"item\":\"https:\\\/\\\/k-bus.at\\\/ro\\\/k-bus-gmbh\\\/\"},{\"@type\":\"ListItem\",\"position\":2,\"name\":\"Alte autobuze electrice de la K-BUS consolideaz\u0103 mobilitatea durabil\u0103 \u00een Leoben\"}]},{\"@type\":\"WebSite\",\"@id\":\"https:\\\/\\\/k-bus.at\\\/ro\\\/#website\",\"url\":\"https:\\\/\\\/k-bus.at\\\/ro\\\/\",\"name\":\"K-Bus\",\"description\":\"Smart Mobility\",\"potentialAction\":[{\"@type\":\"SearchAction\",\"target\":{\"@type\":\"EntryPoint\",\"urlTemplate\":\"https:\\\/\\\/k-bus.at\\\/ro\\\/?s={search_term_string}\"},\"query-input\":{\"@type\":\"PropertyValueSpecification\",\"valueRequired\":true,\"valueName\":\"search_term_string\"}}],\"inLanguage\":\"ro-RO\"},{\"@type\":\"Person\",\"@id\":\"https:\\\/\\\/k-bus.at\\\/ro\\\/#\\\/schema\\\/person\\\/b79a4f67da3db34c482fb3becd6e4245\",\"name\":\"Andrea Pirecki\",\"image\":{\"@type\":\"ImageObject\",\"inLanguage\":\"ro-RO\",\"@id\":\"https:\\\/\\\/secure.gravatar.com\\\/avatar\\\/5e7490fdafa64acbdd60eca8c45c7de318b19f18b275b5c3183eff64bd4dd9e8?s=96&d=mm&r=g\",\"url\":\"https:\\\/\\\/secure.gravatar.com\\\/avatar\\\/5e7490fdafa64acbdd60eca8c45c7de318b19f18b275b5c3183eff64bd4dd9e8?s=96&d=mm&r=g\",\"contentUrl\":\"https:\\\/\\\/secure.gravatar.com\\\/avatar\\\/5e7490fdafa64acbdd60eca8c45c7de318b19f18b275b5c3183eff64bd4dd9e8?s=96&d=mm&r=g\",\"caption\":\"Andrea Pirecki\"}}]}<\/script>\n<!-- \/ Yoast SEO plugin. -->","yoast_head_json":{"title":"Alte autobuze electrice de la K-BUS consolideaz\u0103 mobilitatea durabil\u0103 \u00een Leoben - K-Bus","robots":{"index":"index","follow":"follow","max-snippet":"max-snippet:-1","max-image-preview":"max-image-preview:large","max-video-preview":"max-video-preview:-1"},"canonical":"https:\/\/k-bus.at\/ro\/alte-autobuze-electrice-de-la-k-bus-consolideaza-mobilitatea-durabila-in-leoben\/","og_locale":"ro_RO","og_type":"article","og_title":"Alte autobuze electrice de la K-BUS consolideaz\u0103 mobilitatea durabil\u0103 \u00een Leoben - K-Bus","og_description":"Electrificarea transportului public din Leoben continu\u0103 s\u0103 avanseze. Odat\u0103 cu predarea noilor autobuze electrice \u00een Leoben, flota \u00eentreprinderii municipale Stadtwerke","og_url":"https:\/\/k-bus.at\/ro\/alte-autobuze-electrice-de-la-k-bus-consolideaza-mobilitatea-durabila-in-leoben\/","og_site_name":"K-Bus","article_published_time":"2026-07-02T07:40:25+00:00","og_image":[{"width":2560,"height":1920,"url":"https:\/\/k-bus.at\/wp-content\/uploads\/2026\/04\/20260310_1016140-scaled-e1775804841780.jpg","type":"image\/jpeg"}],"author":"Andrea Pirecki","twitter_card":"summary_large_image","twitter_misc":{"Scris de":"Andrea Pirecki","Timp estimat pentru citire":"1 minut"},"schema":{"@context":"https:\/\/schema.org","@graph":[{"@type":"Article","@id":"https:\/\/k-bus.at\/ro\/alte-autobuze-electrice-de-la-k-bus-consolideaza-mobilitatea-durabila-in-leoben\/#article","isPartOf":{"@id":"https:\/\/k-bus.at\/ro\/alte-autobuze-electrice-de-la-k-bus-consolideaza-mobilitatea-durabila-in-leoben\/"},"author":{"name":"Andrea Pirecki","@id":"https:\/\/k-bus.at\/ro\/#\/schema\/person\/b79a4f67da3db34c482fb3becd6e4245"},"headline":"Alte autobuze electrice de la K-BUS consolideaz\u0103 mobilitatea durabil\u0103 \u00een Leoben","datePublished":"2026-07-02T07:40:25+00:00","mainEntityOfPage":{"@id":"https:\/\/k-bus.at\/ro\/alte-autobuze-electrice-de-la-k-bus-consolideaza-mobilitatea-durabila-in-leoben\/"},"wordCount":120,"image":{"@id":"https:\/\/k-bus.at\/ro\/alte-autobuze-electrice-de-la-k-bus-consolideaza-mobilitatea-durabila-in-leoben\/#primaryimage"},"thumbnailUrl":"https:\/\/k-bus.at\/wp-content\/uploads\/2026\/04\/20260310_1016140-scaled.jpg","inLanguage":"ro-RO"},{"@type":"WebPage","@id":"https:\/\/k-bus.at\/ro\/alte-autobuze-electrice-de-la-k-bus-consolideaza-mobilitatea-durabila-in-leoben\/","url":"https:\/\/k-bus.at\/ro\/alte-autobuze-electrice-de-la-k-bus-consolideaza-mobilitatea-durabila-in-leoben\/","name":"Alte autobuze electrice de la K-BUS consolideaz\u0103 mobilitatea durabil\u0103 \u00een Leoben - K-Bus","isPartOf":{"@id":"https:\/\/k-bus.at\/ro\/#website"},"primaryImageOfPage":{"@id":"https:\/\/k-bus.at\/ro\/alte-autobuze-electrice-de-la-k-bus-consolideaza-mobilitatea-durabila-in-leoben\/#primaryimage"},"image":{"@id":"https:\/\/k-bus.at\/ro\/alte-autobuze-electrice-de-la-k-bus-consolideaza-mobilitatea-durabila-in-leoben\/#primaryimage"},"thumbnailUrl":"https:\/\/k-bus.at\/wp-content\/uploads\/2026\/04\/20260310_1016140-scaled.jpg","datePublished":"2026-07-02T07:40:25+00:00","author":{"@id":"https:\/\/k-bus.at\/ro\/#\/schema\/person\/b79a4f67da3db34c482fb3becd6e4245"},"breadcrumb":{"@id":"https:\/\/k-bus.at\/ro\/alte-autobuze-electrice-de-la-k-bus-consolideaza-mobilitatea-durabila-in-leoben\/#breadcrumb"},"inLanguage":"ro-RO","potentialAction":[{"@type":"ReadAction","target":["https:\/\/k-bus.at\/ro\/alte-autobuze-electrice-de-la-k-bus-consolideaza-mobilitatea-durabila-in-leoben\/"]}]},{"@type":"ImageObject","inLanguage":"ro-RO","@id":"https:\/\/k-bus.at\/ro\/alte-autobuze-electrice-de-la-k-bus-consolideaza-mobilitatea-durabila-in-leoben\/#primaryimage","url":"https:\/\/k-bus.at\/wp-content\/uploads\/2026\/04\/20260310_1016140-scaled.jpg","contentUrl":"https:\/\/k-bus.at\/wp-content\/uploads\/2026\/04\/20260310_1016140-scaled.jpg","width":2560,"height":1920,"caption":"KBus-Kutsenits"},{"@type":"BreadcrumbList","@id":"https:\/\/k-bus.at\/ro\/alte-autobuze-electrice-de-la-k-bus-consolideaza-mobilitatea-durabila-in-leoben\/#breadcrumb","itemListElement":[{"@type":"ListItem","position":1,"name":"Startseite","item":"https:\/\/k-bus.at\/ro\/k-bus-gmbh\/"},{"@type":"ListItem","position":2,"name":"Alte autobuze electrice de la K-BUS consolideaz\u0103 mobilitatea durabil\u0103 \u00een Leoben"}]},{"@type":"WebSite","@id":"https:\/\/k-bus.at\/ro\/#website","url":"https:\/\/k-bus.at\/ro\/","name":"K-Bus","description":"Smart Mobility","potentialAction":[{"@type":"SearchAction","target":{"@type":"EntryPoint","urlTemplate":"https:\/\/k-bus.at\/ro\/?s={search_term_string}"},"query-input":{"@type":"PropertyValueSpecification","valueRequired":true,"valueName":"search_term_string"}}],"inLanguage":"ro-RO"},{"@type":"Person","@id":"https:\/\/k-bus.at\/ro\/#\/schema\/person\/b79a4f67da3db34c482fb3becd6e4245","name":"Andrea Pirecki","image":{"@type":"ImageObject","inLanguage":"ro-RO","@id":"https:\/\/secure.gravatar.com\/avatar\/5e7490fdafa64acbdd60eca8c45c7de318b19f18b275b5c3183eff64bd4dd9e8?s=96&d=mm&r=g","url":"https:\/\/secure.gravatar.com\/avatar\/5e7490fdafa64acbdd60eca8c45c7de318b19f18b275b5c3183eff64bd4dd9e8?s=96&d=mm&r=g","contentUrl":"https:\/\/secure.gravatar.com\/avatar\/5e7490fdafa64acbdd60eca8c45c7de318b19f18b275b5c3183eff64bd4dd9e8?s=96&d=mm&r=g","caption":"Andrea Pirecki"}}]}},"_links":{"self":[{"href":"https:\/\/k-bus.at\/ro\/wp-json\/wp\/v2\/posts\/16566","targetHints":{"allow":["GET"]}}],"collection":[{"href":"https:\/\/k-bus.at\/ro\/wp-json\/wp\/v2\/posts"}],"about":[{"href":"https:\/\/k-bus.at\/ro\/wp-json\/wp\/v2\/types\/post"}],"author":[{"embeddable":true,"href":"https:\/\/k-bus.at\/ro\/wp-json\/wp\/v2\/users\/3"}],"replies":[{"embeddable":true,"href":"https:\/\/k-bus.at\/ro\/wp-json\/wp\/v2\/comments?post=16566"}],"version-history":[{"count":0,"href":"https:\/\/k-bus.at\/ro\/wp-json\/wp\/v2\/posts\/16566\/revisions"}],"wp:featuredmedia":[{"embeddable":true,"href":"https:\/\/k-bus.at\/ro\/wp-json\/wp\/v2\/media\/2338"}],"wp:attachment":[{"href":"https:\/\/k-bus.at\/ro\/wp-json\/wp\/v2\/media?parent=16566"}],"wp:term":[{"taxonomy":"category","embeddable":true,"href":"https:\/\/k-bus.at\/ro\/wp-json\/wp\/v2\/categories?post=16566"},{"taxonomy":"post_tag","embeddable":true,"href":"https:\/\/k-bus.at\/ro\/wp-json\/wp\/v2\/tags?post=16566"}],"curies":[{"name":"wp","href":"https:\/\/api.w.org\/{rel}","templated":true}]}}