{"id":16539,"date":"2026-07-02T09:40:12","date_gmt":"2026-07-02T07:40:12","guid":{"rendered":"https:\/\/adiznctb3b.wpdns.site\/k-bus-na-veltrhu-bus2bus-v-berline-v-roku-2026\/"},"modified":"2026-07-02T09:40:12","modified_gmt":"2026-07-02T07:40:12","slug":"k-bus-na-veltrhu-bus2bus-v-berline-v-roku-2026","status":"publish","type":"post","link":"https:\/\/k-bus.at\/sk\/k-bus-na-veltrhu-bus2bus-v-berline-v-roku-2026\/","title":{"rendered":"K-BUS na ve\u013etrhu BUS2BUS v Berl\u00edne v roku 2026"},"content":{"rendered":"<p data-start=\"150\" data-end=\"305\">15. a 16. apr\u00edla sa spolo\u010dnos\u0165 K-BUS z\u00fa\u010dastnila ve\u013etrhu BUS2BUS \u2013 jednej z najd\u00f4le\u017eitej\u0161\u00edch odvetvov\u00fdch platforiem pre inovat\u00edvne rie\u0161enia v oblasti autobusovej dopravy.  <\/p>\n<p data-start=\"307\" data-end=\"587\">Hlavn\u00fdm bodom programu bola osobn\u00e1 v\u00fdmena n\u00e1zorov s odborn\u00fdmi n\u00e1v\u0161tevn\u00edkmi, partnermi a z\u00e1ujemcami, ako aj aktu\u00e1lny v\u00fdvoj v oblasti individu\u00e1lnych rie\u0161en\u00ed pre autobusov\u00fa dopravu. Obzvl\u00e1\u0161\u0165 ve\u013ek\u00fd z\u00e1ujem vzbudili na\u0161e rie\u0161enia \u0161it\u00e9 na mieru pre samospr\u00e1vy, dopravn\u00e9 podniky a \u0161peci\u00e1lne aplik\u00e1cie. <\/p>\n<p data-start=\"589\" data-end=\"832\">Ve\u013etrh n\u00e1m poskytol ide\u00e1lnu pr\u00edle\u017eitos\u0165 preh\u013abi\u0165 existuj\u00face kontakty a na\u010derpa\u0165 nov\u00e9 podnety z odvetvia. Priamy dial\u00f3g priamo na mieste op\u00e4\u0165 potvrdil, ak\u00fd ve\u013ek\u00fd je dopyt po flexibiln\u00fdch a individu\u00e1lne vyvinut\u00fdch rie\u0161eniach pre vozidl\u00e1. <\/p>\n<p data-start=\"834\" data-end=\"918\">\u010eakujeme v\u0161etk\u00fdm n\u00e1v\u0161tevn\u00edkom za prejavovan\u00fd z\u00e1ujem a zauj\u00edmav\u00e9 rozhovory!<\/p>\n<p data-start=\"834\" data-end=\"918\"><a href=\"https:\/\/www.bus2bus.berlin\/en\/digital\/newsroom\">Preh\u013ead novin\u00e1rskeho centra \u2013 BUS2BUS<\/a><\/p>\n","protected":false},"excerpt":{"rendered":"<p>15. a 16. apr\u00edla sa spolo\u010dnos\u0165 K-BUS z\u00fa\u010dastnila ve\u013etrhu BUS2BUS \u2013 jednej z najd\u00f4le\u017eitej\u0161\u00edch odvetvov\u00fdch platforiem pre inovat\u00edvne rie\u0161enia v<\/p>\n","protected":false},"author":16,"featured_media":5339,"comment_status":"closed","ping_status":"closed","sticky":false,"template":"","format":"standard","meta":{"_acf_changed":false,"footnotes":""},"categories":[255],"tags":[],"class_list":["post-16539","post","type-post","status-publish","format-standard","has-post-thumbnail","hentry","category-nezaradene"],"acf":[],"yoast_head":"<!-- This site is optimized with the Yoast SEO plugin v28.0 - https:\/\/yoast.com\/product\/yoast-seo-wordpress\/ -->\n<title>K-BUS na ve\u013etrhu BUS2BUS v Berl\u00edne v roku 2026 - K-Bus<\/title>\n<meta name=\"robots\" content=\"index, follow, max-snippet:-1, max-image-preview:large, max-video-preview:-1\" \/>\n<link rel=\"canonical\" href=\"https:\/\/k-bus.at\/sk\/k-bus-na-veltrhu-bus2bus-v-berline-v-roku-2026\/\" \/>\n<meta property=\"og:locale\" content=\"sk_SK\" \/>\n<meta property=\"og:type\" content=\"article\" \/>\n<meta property=\"og:title\" content=\"K-BUS na ve\u013etrhu BUS2BUS v Berl\u00edne v roku 2026 - K-Bus\" \/>\n<meta property=\"og:description\" content=\"15. a 16. apr\u00edla sa spolo\u010dnos\u0165 K-BUS z\u00fa\u010dastnila ve\u013etrhu BUS2BUS \u2013 jednej z najd\u00f4le\u017eitej\u0161\u00edch odvetvov\u00fdch platforiem pre inovat\u00edvne rie\u0161enia v\" \/>\n<meta property=\"og:url\" content=\"https:\/\/k-bus.at\/sk\/k-bus-na-veltrhu-bus2bus-v-berline-v-roku-2026\/\" \/>\n<meta property=\"og:site_name\" content=\"K-Bus\" \/>\n<meta property=\"article:published_time\" content=\"2026-07-02T07:40:12+00:00\" \/>\n<meta property=\"og:image\" content=\"https:\/\/k-bus.at\/wp-content\/uploads\/2026\/04\/IMG_5876-scaled-e1781161778962.jpeg\" \/>\n\t<meta property=\"og:image:width\" content=\"2560\" \/>\n\t<meta property=\"og:image:height\" content=\"1920\" \/>\n\t<meta property=\"og:image:type\" content=\"image\/jpeg\" \/>\n<meta name=\"author\" content=\"Presse KBus\" \/>\n<meta name=\"twitter:card\" content=\"summary_large_image\" \/>\n<meta name=\"twitter:label1\" content=\"Autor\" \/>\n\t<meta name=\"twitter:data1\" content=\"Presse KBus\" \/>\n\t<meta name=\"twitter:label2\" content=\"Predpokladan\u00fd \u010das \u010d\u00edtania\" \/>\n\t<meta name=\"twitter:data2\" content=\"1 min\u00fata\" \/>\n<script type=\"application\/ld+json\" class=\"yoast-schema-graph\">{\"@context\":\"https:\\\/\\\/schema.org\",\"@graph\":[{\"@type\":\"Article\",\"@id\":\"https:\\\/\\\/k-bus.at\\\/sk\\\/k-bus-na-veltrhu-bus2bus-v-berline-v-roku-2026\\\/#article\",\"isPartOf\":{\"@id\":\"https:\\\/\\\/k-bus.at\\\/sk\\\/k-bus-na-veltrhu-bus2bus-v-berline-v-roku-2026\\\/\"},\"author\":{\"name\":\"Presse KBus\",\"@id\":\"https:\\\/\\\/k-bus.at\\\/sk\\\/#\\\/schema\\\/person\\\/81c4a0ee7a2e01e2e5fc53487104fd3a\"},\"headline\":\"K-BUS na ve\u013etrhu BUS2BUS v Berl\u00edne v roku 2026\",\"datePublished\":\"2026-07-02T07:40:12+00:00\",\"mainEntityOfPage\":{\"@id\":\"https:\\\/\\\/k-bus.at\\\/sk\\\/k-bus-na-veltrhu-bus2bus-v-berline-v-roku-2026\\\/\"},\"wordCount\":171,\"image\":{\"@id\":\"https:\\\/\\\/k-bus.at\\\/sk\\\/k-bus-na-veltrhu-bus2bus-v-berline-v-roku-2026\\\/#primaryimage\"},\"thumbnailUrl\":\"https:\\\/\\\/k-bus.at\\\/wp-content\\\/uploads\\\/2026\\\/04\\\/IMG_5876-scaled.jpeg\",\"inLanguage\":\"sk-SK\"},{\"@type\":\"WebPage\",\"@id\":\"https:\\\/\\\/k-bus.at\\\/sk\\\/k-bus-na-veltrhu-bus2bus-v-berline-v-roku-2026\\\/\",\"url\":\"https:\\\/\\\/k-bus.at\\\/sk\\\/k-bus-na-veltrhu-bus2bus-v-berline-v-roku-2026\\\/\",\"name\":\"K-BUS na ve\u013etrhu BUS2BUS v Berl\u00edne v roku 2026 - K-Bus\",\"isPartOf\":{\"@id\":\"https:\\\/\\\/k-bus.at\\\/sk\\\/#website\"},\"primaryImageOfPage\":{\"@id\":\"https:\\\/\\\/k-bus.at\\\/sk\\\/k-bus-na-veltrhu-bus2bus-v-berline-v-roku-2026\\\/#primaryimage\"},\"image\":{\"@id\":\"https:\\\/\\\/k-bus.at\\\/sk\\\/k-bus-na-veltrhu-bus2bus-v-berline-v-roku-2026\\\/#primaryimage\"},\"thumbnailUrl\":\"https:\\\/\\\/k-bus.at\\\/wp-content\\\/uploads\\\/2026\\\/04\\\/IMG_5876-scaled.jpeg\",\"datePublished\":\"2026-07-02T07:40:12+00:00\",\"author\":{\"@id\":\"https:\\\/\\\/k-bus.at\\\/sk\\\/#\\\/schema\\\/person\\\/81c4a0ee7a2e01e2e5fc53487104fd3a\"},\"breadcrumb\":{\"@id\":\"https:\\\/\\\/k-bus.at\\\/sk\\\/k-bus-na-veltrhu-bus2bus-v-berline-v-roku-2026\\\/#breadcrumb\"},\"inLanguage\":\"sk-SK\",\"potentialAction\":[{\"@type\":\"ReadAction\",\"target\":[\"https:\\\/\\\/k-bus.at\\\/sk\\\/k-bus-na-veltrhu-bus2bus-v-berline-v-roku-2026\\\/\"]}]},{\"@type\":\"ImageObject\",\"inLanguage\":\"sk-SK\",\"@id\":\"https:\\\/\\\/k-bus.at\\\/sk\\\/k-bus-na-veltrhu-bus2bus-v-berline-v-roku-2026\\\/#primaryimage\",\"url\":\"https:\\\/\\\/k-bus.at\\\/wp-content\\\/uploads\\\/2026\\\/04\\\/IMG_5876-scaled.jpeg\",\"contentUrl\":\"https:\\\/\\\/k-bus.at\\\/wp-content\\\/uploads\\\/2026\\\/04\\\/IMG_5876-scaled.jpeg\",\"width\":2560,\"height\":1920},{\"@type\":\"BreadcrumbList\",\"@id\":\"https:\\\/\\\/k-bus.at\\\/sk\\\/k-bus-na-veltrhu-bus2bus-v-berline-v-roku-2026\\\/#breadcrumb\",\"itemListElement\":[{\"@type\":\"ListItem\",\"position\":1,\"name\":\"Startseite\",\"item\":\"https:\\\/\\\/k-bus.at\\\/sk\\\/k-bus-s-r-o\\\/\"},{\"@type\":\"ListItem\",\"position\":2,\"name\":\"K-BUS na ve\u013etrhu BUS2BUS v Berl\u00edne v roku 2026\"}]},{\"@type\":\"WebSite\",\"@id\":\"https:\\\/\\\/k-bus.at\\\/sk\\\/#website\",\"url\":\"https:\\\/\\\/k-bus.at\\\/sk\\\/\",\"name\":\"K-Bus\",\"description\":\"Smart Mobility\",\"potentialAction\":[{\"@type\":\"SearchAction\",\"target\":{\"@type\":\"EntryPoint\",\"urlTemplate\":\"https:\\\/\\\/k-bus.at\\\/sk\\\/?s={search_term_string}\"},\"query-input\":{\"@type\":\"PropertyValueSpecification\",\"valueRequired\":true,\"valueName\":\"search_term_string\"}}],\"inLanguage\":\"sk-SK\"},{\"@type\":\"Person\",\"@id\":\"https:\\\/\\\/k-bus.at\\\/sk\\\/#\\\/schema\\\/person\\\/81c4a0ee7a2e01e2e5fc53487104fd3a\",\"name\":\"Presse KBus\",\"image\":{\"@type\":\"ImageObject\",\"inLanguage\":\"sk-SK\",\"@id\":\"https:\\\/\\\/secure.gravatar.com\\\/avatar\\\/9ca69a0789daf56b6ac09b0279c3c10b83df241fd02ad009a70bfcec3d8cb15c?s=96&d=mm&r=g\",\"url\":\"https:\\\/\\\/secure.gravatar.com\\\/avatar\\\/9ca69a0789daf56b6ac09b0279c3c10b83df241fd02ad009a70bfcec3d8cb15c?s=96&d=mm&r=g\",\"contentUrl\":\"https:\\\/\\\/secure.gravatar.com\\\/avatar\\\/9ca69a0789daf56b6ac09b0279c3c10b83df241fd02ad009a70bfcec3d8cb15c?s=96&d=mm&r=g\",\"caption\":\"Presse KBus\"}}]}<\/script>\n<!-- \/ Yoast SEO plugin. -->","yoast_head_json":{"title":"K-BUS na ve\u013etrhu BUS2BUS v Berl\u00edne v roku 2026 - K-Bus","robots":{"index":"index","follow":"follow","max-snippet":"max-snippet:-1","max-image-preview":"max-image-preview:large","max-video-preview":"max-video-preview:-1"},"canonical":"https:\/\/k-bus.at\/sk\/k-bus-na-veltrhu-bus2bus-v-berline-v-roku-2026\/","og_locale":"sk_SK","og_type":"article","og_title":"K-BUS na ve\u013etrhu BUS2BUS v Berl\u00edne v roku 2026 - K-Bus","og_description":"15. a 16. apr\u00edla sa spolo\u010dnos\u0165 K-BUS z\u00fa\u010dastnila ve\u013etrhu BUS2BUS \u2013 jednej z najd\u00f4le\u017eitej\u0161\u00edch odvetvov\u00fdch platforiem pre inovat\u00edvne rie\u0161enia v","og_url":"https:\/\/k-bus.at\/sk\/k-bus-na-veltrhu-bus2bus-v-berline-v-roku-2026\/","og_site_name":"K-Bus","article_published_time":"2026-07-02T07:40:12+00:00","og_image":[{"width":2560,"height":1920,"url":"https:\/\/k-bus.at\/wp-content\/uploads\/2026\/04\/IMG_5876-scaled-e1781161778962.jpeg","type":"image\/jpeg"}],"author":"Presse KBus","twitter_card":"summary_large_image","twitter_misc":{"Autor":"Presse KBus","Predpokladan\u00fd \u010das \u010d\u00edtania":"1 min\u00fata"},"schema":{"@context":"https:\/\/schema.org","@graph":[{"@type":"Article","@id":"https:\/\/k-bus.at\/sk\/k-bus-na-veltrhu-bus2bus-v-berline-v-roku-2026\/#article","isPartOf":{"@id":"https:\/\/k-bus.at\/sk\/k-bus-na-veltrhu-bus2bus-v-berline-v-roku-2026\/"},"author":{"name":"Presse KBus","@id":"https:\/\/k-bus.at\/sk\/#\/schema\/person\/81c4a0ee7a2e01e2e5fc53487104fd3a"},"headline":"K-BUS na ve\u013etrhu BUS2BUS v Berl\u00edne v roku 2026","datePublished":"2026-07-02T07:40:12+00:00","mainEntityOfPage":{"@id":"https:\/\/k-bus.at\/sk\/k-bus-na-veltrhu-bus2bus-v-berline-v-roku-2026\/"},"wordCount":171,"image":{"@id":"https:\/\/k-bus.at\/sk\/k-bus-na-veltrhu-bus2bus-v-berline-v-roku-2026\/#primaryimage"},"thumbnailUrl":"https:\/\/k-bus.at\/wp-content\/uploads\/2026\/04\/IMG_5876-scaled.jpeg","inLanguage":"sk-SK"},{"@type":"WebPage","@id":"https:\/\/k-bus.at\/sk\/k-bus-na-veltrhu-bus2bus-v-berline-v-roku-2026\/","url":"https:\/\/k-bus.at\/sk\/k-bus-na-veltrhu-bus2bus-v-berline-v-roku-2026\/","name":"K-BUS na ve\u013etrhu BUS2BUS v Berl\u00edne v roku 2026 - K-Bus","isPartOf":{"@id":"https:\/\/k-bus.at\/sk\/#website"},"primaryImageOfPage":{"@id":"https:\/\/k-bus.at\/sk\/k-bus-na-veltrhu-bus2bus-v-berline-v-roku-2026\/#primaryimage"},"image":{"@id":"https:\/\/k-bus.at\/sk\/k-bus-na-veltrhu-bus2bus-v-berline-v-roku-2026\/#primaryimage"},"thumbnailUrl":"https:\/\/k-bus.at\/wp-content\/uploads\/2026\/04\/IMG_5876-scaled.jpeg","datePublished":"2026-07-02T07:40:12+00:00","author":{"@id":"https:\/\/k-bus.at\/sk\/#\/schema\/person\/81c4a0ee7a2e01e2e5fc53487104fd3a"},"breadcrumb":{"@id":"https:\/\/k-bus.at\/sk\/k-bus-na-veltrhu-bus2bus-v-berline-v-roku-2026\/#breadcrumb"},"inLanguage":"sk-SK","potentialAction":[{"@type":"ReadAction","target":["https:\/\/k-bus.at\/sk\/k-bus-na-veltrhu-bus2bus-v-berline-v-roku-2026\/"]}]},{"@type":"ImageObject","inLanguage":"sk-SK","@id":"https:\/\/k-bus.at\/sk\/k-bus-na-veltrhu-bus2bus-v-berline-v-roku-2026\/#primaryimage","url":"https:\/\/k-bus.at\/wp-content\/uploads\/2026\/04\/IMG_5876-scaled.jpeg","contentUrl":"https:\/\/k-bus.at\/wp-content\/uploads\/2026\/04\/IMG_5876-scaled.jpeg","width":2560,"height":1920},{"@type":"BreadcrumbList","@id":"https:\/\/k-bus.at\/sk\/k-bus-na-veltrhu-bus2bus-v-berline-v-roku-2026\/#breadcrumb","itemListElement":[{"@type":"ListItem","position":1,"name":"Startseite","item":"https:\/\/k-bus.at\/sk\/k-bus-s-r-o\/"},{"@type":"ListItem","position":2,"name":"K-BUS na ve\u013etrhu BUS2BUS v Berl\u00edne v roku 2026"}]},{"@type":"WebSite","@id":"https:\/\/k-bus.at\/sk\/#website","url":"https:\/\/k-bus.at\/sk\/","name":"K-Bus","description":"Smart Mobility","potentialAction":[{"@type":"SearchAction","target":{"@type":"EntryPoint","urlTemplate":"https:\/\/k-bus.at\/sk\/?s={search_term_string}"},"query-input":{"@type":"PropertyValueSpecification","valueRequired":true,"valueName":"search_term_string"}}],"inLanguage":"sk-SK"},{"@type":"Person","@id":"https:\/\/k-bus.at\/sk\/#\/schema\/person\/81c4a0ee7a2e01e2e5fc53487104fd3a","name":"Presse KBus","image":{"@type":"ImageObject","inLanguage":"sk-SK","@id":"https:\/\/secure.gravatar.com\/avatar\/9ca69a0789daf56b6ac09b0279c3c10b83df241fd02ad009a70bfcec3d8cb15c?s=96&d=mm&r=g","url":"https:\/\/secure.gravatar.com\/avatar\/9ca69a0789daf56b6ac09b0279c3c10b83df241fd02ad009a70bfcec3d8cb15c?s=96&d=mm&r=g","contentUrl":"https:\/\/secure.gravatar.com\/avatar\/9ca69a0789daf56b6ac09b0279c3c10b83df241fd02ad009a70bfcec3d8cb15c?s=96&d=mm&r=g","caption":"Presse KBus"}}]}},"_links":{"self":[{"href":"https:\/\/k-bus.at\/sk\/wp-json\/wp\/v2\/posts\/16539","targetHints":{"allow":["GET"]}}],"collection":[{"href":"https:\/\/k-bus.at\/sk\/wp-json\/wp\/v2\/posts"}],"about":[{"href":"https:\/\/k-bus.at\/sk\/wp-json\/wp\/v2\/types\/post"}],"author":[{"embeddable":true,"href":"https:\/\/k-bus.at\/sk\/wp-json\/wp\/v2\/users\/16"}],"replies":[{"embeddable":true,"href":"https:\/\/k-bus.at\/sk\/wp-json\/wp\/v2\/comments?post=16539"}],"version-history":[{"count":0,"href":"https:\/\/k-bus.at\/sk\/wp-json\/wp\/v2\/posts\/16539\/revisions"}],"wp:featuredmedia":[{"embeddable":true,"href":"https:\/\/k-bus.at\/sk\/wp-json\/wp\/v2\/media\/5339"}],"wp:attachment":[{"href":"https:\/\/k-bus.at\/sk\/wp-json\/wp\/v2\/media?parent=16539"}],"wp:term":[{"taxonomy":"category","embeddable":true,"href":"https:\/\/k-bus.at\/sk\/wp-json\/wp\/v2\/categories?post=16539"},{"taxonomy":"post_tag","embeddable":true,"href":"https:\/\/k-bus.at\/sk\/wp-json\/wp\/v2\/tags?post=16539"}],"curies":[{"name":"wp","href":"https:\/\/api.w.org\/{rel}","templated":true}]}}