{"id":16572,"date":"2026-07-02T09:40:33","date_gmt":"2026-07-02T07:40:33","guid":{"rendered":"https:\/\/adiznctb3b.wpdns.site\/prvi-elektricni-avtobus-z-novim-dizajnom-podjetja-k-bus-za-kapfenberg\/"},"modified":"2026-07-02T09:40:33","modified_gmt":"2026-07-02T07:40:33","slug":"prvi-elektricni-avtobus-z-novim-dizajnom-podjetja-k-bus-za-kapfenberg","status":"publish","type":"post","link":"https:\/\/k-bus.at\/sl\/prvi-elektricni-avtobus-z-novim-dizajnom-podjetja-k-bus-za-kapfenberg\/","title":{"rendered":"Prvi elektri\u010dni avtobus z novim dizajnom podjetja K-BUS za Kapfenberg"},"content":{"rendered":"<p data-start=\"176\" data-end=\"399\">Podjetje K-BUS z veseljem sporo\u010da, da je svoj prvi elektri\u010dni avtobus v novi obliki uspe\u0161no uvedlo v promet. To inovativno vozilo zdaj vozi po Kapfenbergu in simbolizira sodobno, trajnostno mobilnost v regiji. <\/p>\n<p data-start=\"401\" data-end=\"653\">O projektu poro\u010da tudi regionalni \u010dasopis <span class=\"hover:entity-accent entity-underline inline cursor-pointer align-baseline\"><span class=\"whitespace-normal\">MeinBezirk<\/span><\/span> v podrobnem spletnem \u010dlanku. V njem so poudarjene tako tehni\u010dne posebnosti kot tudi pomen elektri\u010dnega avtobusa za regijo. <\/p>\n<p data-start=\"655\" data-end=\"820\">Celoten \u010dlanek najdete tukaj:<br data-start=\"700\" data-end=\"703\"\/><a class=\"decorated-link\" href=\"https:\/\/www.meinbezirk.at\/bruck-an-der-mur\/c-wirtschaft\/erster-e-bus-mit-neuem-design-rollt-durch-kapfenberg_a8455460\" target=\"_new\" rel=\"noopener\" data-start=\"703\" data-end=\"820\">https:\/\/www.meinbezirk.at\/bruck-an-der-mur\/c-wirtschaft\/erster-e-bus-mit-neuem-design-rollt-durch-kapfenberg_a8455460<\/a><\/p>\n","protected":false},"excerpt":{"rendered":"<p>Podjetje K-BUS z veseljem sporo\u010da, da je svoj prvi elektri\u010dni avtobus v novi obliki uspe\u0161no uvedlo v promet. To inovativno<\/p>\n","protected":false},"author":3,"featured_media":2406,"comment_status":"closed","ping_status":"closed","sticky":false,"template":"","format":"standard","meta":{"_acf_changed":false,"footnotes":""},"categories":[256],"tags":[],"class_list":["post-16572","post","type-post","status-publish","format-standard","has-post-thumbnail","hentry","category-nekategorizirano"],"acf":[],"yoast_head":"<!-- This site is optimized with the Yoast SEO plugin v28.0 - https:\/\/yoast.com\/product\/yoast-seo-wordpress\/ -->\n<title>Prvi elektri\u010dni avtobus z novim dizajnom podjetja K-BUS za Kapfenberg - K-Bus<\/title>\n<meta name=\"robots\" content=\"index, follow, max-snippet:-1, max-image-preview:large, max-video-preview:-1\" \/>\n<link rel=\"canonical\" href=\"https:\/\/k-bus.at\/sl\/prvi-elektricni-avtobus-z-novim-dizajnom-podjetja-k-bus-za-kapfenberg\/\" \/>\n<meta property=\"og:locale\" content=\"sl_SI\" \/>\n<meta property=\"og:type\" content=\"article\" \/>\n<meta property=\"og:title\" content=\"Prvi elektri\u010dni avtobus z novim dizajnom podjetja K-BUS za Kapfenberg - K-Bus\" \/>\n<meta property=\"og:description\" content=\"Podjetje K-BUS z veseljem sporo\u010da, da je svoj prvi elektri\u010dni avtobus v novi obliki uspe\u0161no uvedlo v promet. To inovativno\" \/>\n<meta property=\"og:url\" content=\"https:\/\/k-bus.at\/sl\/prvi-elektricni-avtobus-z-novim-dizajnom-podjetja-k-bus-za-kapfenberg\/\" \/>\n<meta property=\"og:site_name\" content=\"K-Bus\" \/>\n<meta property=\"article:published_time\" content=\"2026-07-02T07:40:33+00:00\" \/>\n<meta property=\"og:image\" content=\"https:\/\/k-bus.at\/wp-content\/uploads\/2026\/03\/Muerztaler-scaled-e1775812594961.jpg\" \/>\n\t<meta property=\"og:image:width\" content=\"2560\" \/>\n\t<meta property=\"og:image:height\" content=\"1920\" \/>\n\t<meta property=\"og:image:type\" content=\"image\/jpeg\" \/>\n<meta name=\"author\" content=\"Andrea Pirecki\" \/>\n<meta name=\"twitter:card\" content=\"summary_large_image\" \/>\n<meta name=\"twitter:label1\" content=\"Written by\" \/>\n\t<meta name=\"twitter:data1\" content=\"Andrea Pirecki\" \/>\n<script type=\"application\/ld+json\" class=\"yoast-schema-graph\">{\"@context\":\"https:\\\/\\\/schema.org\",\"@graph\":[{\"@type\":\"Article\",\"@id\":\"https:\\\/\\\/k-bus.at\\\/sl\\\/prvi-elektricni-avtobus-z-novim-dizajnom-podjetja-k-bus-za-kapfenberg\\\/#article\",\"isPartOf\":{\"@id\":\"https:\\\/\\\/k-bus.at\\\/sl\\\/prvi-elektricni-avtobus-z-novim-dizajnom-podjetja-k-bus-za-kapfenberg\\\/\"},\"author\":{\"name\":\"Andrea Pirecki\",\"@id\":\"https:\\\/\\\/k-bus.at\\\/sl\\\/#\\\/schema\\\/person\\\/b79a4f67da3db34c482fb3becd6e4245\"},\"headline\":\"Prvi elektri\u010dni avtobus z novim dizajnom podjetja K-BUS za Kapfenberg\",\"datePublished\":\"2026-07-02T07:40:33+00:00\",\"mainEntityOfPage\":{\"@id\":\"https:\\\/\\\/k-bus.at\\\/sl\\\/prvi-elektricni-avtobus-z-novim-dizajnom-podjetja-k-bus-za-kapfenberg\\\/\"},\"wordCount\":86,\"image\":{\"@id\":\"https:\\\/\\\/k-bus.at\\\/sl\\\/prvi-elektricni-avtobus-z-novim-dizajnom-podjetja-k-bus-za-kapfenberg\\\/#primaryimage\"},\"thumbnailUrl\":\"https:\\\/\\\/k-bus.at\\\/wp-content\\\/uploads\\\/2026\\\/03\\\/Muerztaler-scaled.jpg\",\"inLanguage\":\"sl-SI\"},{\"@type\":\"WebPage\",\"@id\":\"https:\\\/\\\/k-bus.at\\\/sl\\\/prvi-elektricni-avtobus-z-novim-dizajnom-podjetja-k-bus-za-kapfenberg\\\/\",\"url\":\"https:\\\/\\\/k-bus.at\\\/sl\\\/prvi-elektricni-avtobus-z-novim-dizajnom-podjetja-k-bus-za-kapfenberg\\\/\",\"name\":\"Prvi elektri\u010dni avtobus z novim dizajnom podjetja K-BUS za Kapfenberg - K-Bus\",\"isPartOf\":{\"@id\":\"https:\\\/\\\/k-bus.at\\\/sl\\\/#website\"},\"primaryImageOfPage\":{\"@id\":\"https:\\\/\\\/k-bus.at\\\/sl\\\/prvi-elektricni-avtobus-z-novim-dizajnom-podjetja-k-bus-za-kapfenberg\\\/#primaryimage\"},\"image\":{\"@id\":\"https:\\\/\\\/k-bus.at\\\/sl\\\/prvi-elektricni-avtobus-z-novim-dizajnom-podjetja-k-bus-za-kapfenberg\\\/#primaryimage\"},\"thumbnailUrl\":\"https:\\\/\\\/k-bus.at\\\/wp-content\\\/uploads\\\/2026\\\/03\\\/Muerztaler-scaled.jpg\",\"datePublished\":\"2026-07-02T07:40:33+00:00\",\"author\":{\"@id\":\"https:\\\/\\\/k-bus.at\\\/sl\\\/#\\\/schema\\\/person\\\/b79a4f67da3db34c482fb3becd6e4245\"},\"breadcrumb\":{\"@id\":\"https:\\\/\\\/k-bus.at\\\/sl\\\/prvi-elektricni-avtobus-z-novim-dizajnom-podjetja-k-bus-za-kapfenberg\\\/#breadcrumb\"},\"inLanguage\":\"sl-SI\",\"potentialAction\":[{\"@type\":\"ReadAction\",\"target\":[\"https:\\\/\\\/k-bus.at\\\/sl\\\/prvi-elektricni-avtobus-z-novim-dizajnom-podjetja-k-bus-za-kapfenberg\\\/\"]}]},{\"@type\":\"ImageObject\",\"inLanguage\":\"sl-SI\",\"@id\":\"https:\\\/\\\/k-bus.at\\\/sl\\\/prvi-elektricni-avtobus-z-novim-dizajnom-podjetja-k-bus-za-kapfenberg\\\/#primaryimage\",\"url\":\"https:\\\/\\\/k-bus.at\\\/wp-content\\\/uploads\\\/2026\\\/03\\\/Muerztaler-scaled.jpg\",\"contentUrl\":\"https:\\\/\\\/k-bus.at\\\/wp-content\\\/uploads\\\/2026\\\/03\\\/Muerztaler-scaled.jpg\",\"width\":2560,\"height\":1920},{\"@type\":\"BreadcrumbList\",\"@id\":\"https:\\\/\\\/k-bus.at\\\/sl\\\/prvi-elektricni-avtobus-z-novim-dizajnom-podjetja-k-bus-za-kapfenberg\\\/#breadcrumb\",\"itemListElement\":[{\"@type\":\"ListItem\",\"position\":1,\"name\":\"Startseite\",\"item\":\"https:\\\/\\\/k-bus.at\\\/sl\\\/k-bus-d-o-o\\\/\"},{\"@type\":\"ListItem\",\"position\":2,\"name\":\"Prvi elektri\u010dni avtobus z novim dizajnom podjetja K-BUS za Kapfenberg\"}]},{\"@type\":\"WebSite\",\"@id\":\"https:\\\/\\\/k-bus.at\\\/sl\\\/#website\",\"url\":\"https:\\\/\\\/k-bus.at\\\/sl\\\/\",\"name\":\"K-Bus\",\"description\":\"Smart Mobility\",\"potentialAction\":[{\"@type\":\"SearchAction\",\"target\":{\"@type\":\"EntryPoint\",\"urlTemplate\":\"https:\\\/\\\/k-bus.at\\\/sl\\\/?s={search_term_string}\"},\"query-input\":{\"@type\":\"PropertyValueSpecification\",\"valueRequired\":true,\"valueName\":\"search_term_string\"}}],\"inLanguage\":\"sl-SI\"},{\"@type\":\"Person\",\"@id\":\"https:\\\/\\\/k-bus.at\\\/sl\\\/#\\\/schema\\\/person\\\/b79a4f67da3db34c482fb3becd6e4245\",\"name\":\"Andrea Pirecki\",\"image\":{\"@type\":\"ImageObject\",\"inLanguage\":\"sl-SI\",\"@id\":\"https:\\\/\\\/secure.gravatar.com\\\/avatar\\\/5e7490fdafa64acbdd60eca8c45c7de318b19f18b275b5c3183eff64bd4dd9e8?s=96&d=mm&r=g\",\"url\":\"https:\\\/\\\/secure.gravatar.com\\\/avatar\\\/5e7490fdafa64acbdd60eca8c45c7de318b19f18b275b5c3183eff64bd4dd9e8?s=96&d=mm&r=g\",\"contentUrl\":\"https:\\\/\\\/secure.gravatar.com\\\/avatar\\\/5e7490fdafa64acbdd60eca8c45c7de318b19f18b275b5c3183eff64bd4dd9e8?s=96&d=mm&r=g\",\"caption\":\"Andrea Pirecki\"}}]}<\/script>\n<!-- \/ Yoast SEO plugin. -->","yoast_head_json":{"title":"Prvi elektri\u010dni avtobus z novim dizajnom podjetja K-BUS za Kapfenberg - K-Bus","robots":{"index":"index","follow":"follow","max-snippet":"max-snippet:-1","max-image-preview":"max-image-preview:large","max-video-preview":"max-video-preview:-1"},"canonical":"https:\/\/k-bus.at\/sl\/prvi-elektricni-avtobus-z-novim-dizajnom-podjetja-k-bus-za-kapfenberg\/","og_locale":"sl_SI","og_type":"article","og_title":"Prvi elektri\u010dni avtobus z novim dizajnom podjetja K-BUS za Kapfenberg - K-Bus","og_description":"Podjetje K-BUS z veseljem sporo\u010da, da je svoj prvi elektri\u010dni avtobus v novi obliki uspe\u0161no uvedlo v promet. To inovativno","og_url":"https:\/\/k-bus.at\/sl\/prvi-elektricni-avtobus-z-novim-dizajnom-podjetja-k-bus-za-kapfenberg\/","og_site_name":"K-Bus","article_published_time":"2026-07-02T07:40:33+00:00","og_image":[{"width":2560,"height":1920,"url":"https:\/\/k-bus.at\/wp-content\/uploads\/2026\/03\/Muerztaler-scaled-e1775812594961.jpg","type":"image\/jpeg"}],"author":"Andrea Pirecki","twitter_card":"summary_large_image","twitter_misc":{"Written by":"Andrea Pirecki"},"schema":{"@context":"https:\/\/schema.org","@graph":[{"@type":"Article","@id":"https:\/\/k-bus.at\/sl\/prvi-elektricni-avtobus-z-novim-dizajnom-podjetja-k-bus-za-kapfenberg\/#article","isPartOf":{"@id":"https:\/\/k-bus.at\/sl\/prvi-elektricni-avtobus-z-novim-dizajnom-podjetja-k-bus-za-kapfenberg\/"},"author":{"name":"Andrea Pirecki","@id":"https:\/\/k-bus.at\/sl\/#\/schema\/person\/b79a4f67da3db34c482fb3becd6e4245"},"headline":"Prvi elektri\u010dni avtobus z novim dizajnom podjetja K-BUS za Kapfenberg","datePublished":"2026-07-02T07:40:33+00:00","mainEntityOfPage":{"@id":"https:\/\/k-bus.at\/sl\/prvi-elektricni-avtobus-z-novim-dizajnom-podjetja-k-bus-za-kapfenberg\/"},"wordCount":86,"image":{"@id":"https:\/\/k-bus.at\/sl\/prvi-elektricni-avtobus-z-novim-dizajnom-podjetja-k-bus-za-kapfenberg\/#primaryimage"},"thumbnailUrl":"https:\/\/k-bus.at\/wp-content\/uploads\/2026\/03\/Muerztaler-scaled.jpg","inLanguage":"sl-SI"},{"@type":"WebPage","@id":"https:\/\/k-bus.at\/sl\/prvi-elektricni-avtobus-z-novim-dizajnom-podjetja-k-bus-za-kapfenberg\/","url":"https:\/\/k-bus.at\/sl\/prvi-elektricni-avtobus-z-novim-dizajnom-podjetja-k-bus-za-kapfenberg\/","name":"Prvi elektri\u010dni avtobus z novim dizajnom podjetja K-BUS za Kapfenberg - K-Bus","isPartOf":{"@id":"https:\/\/k-bus.at\/sl\/#website"},"primaryImageOfPage":{"@id":"https:\/\/k-bus.at\/sl\/prvi-elektricni-avtobus-z-novim-dizajnom-podjetja-k-bus-za-kapfenberg\/#primaryimage"},"image":{"@id":"https:\/\/k-bus.at\/sl\/prvi-elektricni-avtobus-z-novim-dizajnom-podjetja-k-bus-za-kapfenberg\/#primaryimage"},"thumbnailUrl":"https:\/\/k-bus.at\/wp-content\/uploads\/2026\/03\/Muerztaler-scaled.jpg","datePublished":"2026-07-02T07:40:33+00:00","author":{"@id":"https:\/\/k-bus.at\/sl\/#\/schema\/person\/b79a4f67da3db34c482fb3becd6e4245"},"breadcrumb":{"@id":"https:\/\/k-bus.at\/sl\/prvi-elektricni-avtobus-z-novim-dizajnom-podjetja-k-bus-za-kapfenberg\/#breadcrumb"},"inLanguage":"sl-SI","potentialAction":[{"@type":"ReadAction","target":["https:\/\/k-bus.at\/sl\/prvi-elektricni-avtobus-z-novim-dizajnom-podjetja-k-bus-za-kapfenberg\/"]}]},{"@type":"ImageObject","inLanguage":"sl-SI","@id":"https:\/\/k-bus.at\/sl\/prvi-elektricni-avtobus-z-novim-dizajnom-podjetja-k-bus-za-kapfenberg\/#primaryimage","url":"https:\/\/k-bus.at\/wp-content\/uploads\/2026\/03\/Muerztaler-scaled.jpg","contentUrl":"https:\/\/k-bus.at\/wp-content\/uploads\/2026\/03\/Muerztaler-scaled.jpg","width":2560,"height":1920},{"@type":"BreadcrumbList","@id":"https:\/\/k-bus.at\/sl\/prvi-elektricni-avtobus-z-novim-dizajnom-podjetja-k-bus-za-kapfenberg\/#breadcrumb","itemListElement":[{"@type":"ListItem","position":1,"name":"Startseite","item":"https:\/\/k-bus.at\/sl\/k-bus-d-o-o\/"},{"@type":"ListItem","position":2,"name":"Prvi elektri\u010dni avtobus z novim dizajnom podjetja K-BUS za Kapfenberg"}]},{"@type":"WebSite","@id":"https:\/\/k-bus.at\/sl\/#website","url":"https:\/\/k-bus.at\/sl\/","name":"K-Bus","description":"Smart Mobility","potentialAction":[{"@type":"SearchAction","target":{"@type":"EntryPoint","urlTemplate":"https:\/\/k-bus.at\/sl\/?s={search_term_string}"},"query-input":{"@type":"PropertyValueSpecification","valueRequired":true,"valueName":"search_term_string"}}],"inLanguage":"sl-SI"},{"@type":"Person","@id":"https:\/\/k-bus.at\/sl\/#\/schema\/person\/b79a4f67da3db34c482fb3becd6e4245","name":"Andrea Pirecki","image":{"@type":"ImageObject","inLanguage":"sl-SI","@id":"https:\/\/secure.gravatar.com\/avatar\/5e7490fdafa64acbdd60eca8c45c7de318b19f18b275b5c3183eff64bd4dd9e8?s=96&d=mm&r=g","url":"https:\/\/secure.gravatar.com\/avatar\/5e7490fdafa64acbdd60eca8c45c7de318b19f18b275b5c3183eff64bd4dd9e8?s=96&d=mm&r=g","contentUrl":"https:\/\/secure.gravatar.com\/avatar\/5e7490fdafa64acbdd60eca8c45c7de318b19f18b275b5c3183eff64bd4dd9e8?s=96&d=mm&r=g","caption":"Andrea Pirecki"}}]}},"_links":{"self":[{"href":"https:\/\/k-bus.at\/sl\/wp-json\/wp\/v2\/posts\/16572","targetHints":{"allow":["GET"]}}],"collection":[{"href":"https:\/\/k-bus.at\/sl\/wp-json\/wp\/v2\/posts"}],"about":[{"href":"https:\/\/k-bus.at\/sl\/wp-json\/wp\/v2\/types\/post"}],"author":[{"embeddable":true,"href":"https:\/\/k-bus.at\/sl\/wp-json\/wp\/v2\/users\/3"}],"replies":[{"embeddable":true,"href":"https:\/\/k-bus.at\/sl\/wp-json\/wp\/v2\/comments?post=16572"}],"version-history":[{"count":0,"href":"https:\/\/k-bus.at\/sl\/wp-json\/wp\/v2\/posts\/16572\/revisions"}],"wp:featuredmedia":[{"embeddable":true,"href":"https:\/\/k-bus.at\/sl\/wp-json\/wp\/v2\/media\/2406"}],"wp:attachment":[{"href":"https:\/\/k-bus.at\/sl\/wp-json\/wp\/v2\/media?parent=16572"}],"wp:term":[{"taxonomy":"category","embeddable":true,"href":"https:\/\/k-bus.at\/sl\/wp-json\/wp\/v2\/categories?post=16572"},{"taxonomy":"post_tag","embeddable":true,"href":"https:\/\/k-bus.at\/sl\/wp-json\/wp\/v2\/tags?post=16572"}],"curies":[{"name":"wp","href":"https:\/\/api.w.org\/{rel}","templated":true}]}}