{"id":16596,"date":"2026-07-02T09:40:47","date_gmt":"2026-07-02T07:40:47","guid":{"rendered":"https:\/\/adiznctb3b.wpdns.site\/elektricni-mestni-avtobusi-e-solar-uspesno-vozijo-po-evropskih-mestih\/"},"modified":"2026-07-02T09:40:47","modified_gmt":"2026-07-02T07:40:47","slug":"elektricni-mestni-avtobusi-e-solar-uspesno-vozijo-po-evropskih-mestih","status":"publish","type":"post","link":"https:\/\/k-bus.at\/sl\/elektricni-mestni-avtobusi-e-solar-uspesno-vozijo-po-evropskih-mestih\/","title":{"rendered":"Elektri\u010dni mestni avtobusi E-Solar uspe\u0161no vozijo po evropskih mestih"},"content":{"rendered":"<h4>Na\u0161i elektri\u010dni mestni avtobusi E-Solar so se uveljavili: \u017ee danes vozijo v mestih, kot so Stockholm, K\u00f6ln, Kapfenberg ali Koper \u2013 zanesljivo, brez ovir in brez emisij.<\/h4>\n<p>Leta 2017 smo z modelom E-Solar City razvili novo generacijo elektri\u010dnih avtobusov \u2013 kompaktnih, brez ovir in z dosegom do 160 kilometrov. Prve dobave so se za\u010dele leta 2018, danes pa so ta vozila \u017ee postala del vsakdanjega \u017eivljenja v Evropi. <\/p>\n<p>Naj gre za mestni promet, avtobus za prevoz prebivalcev ali vo\u017enjo v manj\u0161ih ob\u010dinah \u2013 E-Solar City dokazuje, da elektri\u010dna mobilnost deluje tudi v kompaktnih razredih. Zlasti cenjena je kombinacija enostavnega upravljanja (vozni\u0161ko dovoljenje kategorije B) in primernosti za vsakdanjo rabo. <\/p>\n<p>Veseli nas, da podjetja, kot so Bergvarabus, Postbus in MVG, uporabljajo na\u0161e avtobuse \u2013 in s tem dajejo jasen zgled na podro\u010dju trajnostne mobilnosti.<\/p>\n<p>\u2192 Ve\u010d o na\u0161ih mestnih avtobusih<\/p>\n","protected":false},"excerpt":{"rendered":"<p>Na\u0161i elektri\u010dni mestni avtobusi E-Solar so se uveljavili: \u017ee danes vozijo v mestih, kot so Stockholm, K\u00f6ln, Kapfenberg ali Koper<\/p>\n","protected":false},"author":3,"featured_media":16598,"comment_status":"closed","ping_status":"closed","sticky":false,"template":"","format":"standard","meta":{"_acf_changed":false,"footnotes":""},"categories":[256],"tags":[],"class_list":["post-16596","post","type-post","status-publish","format-standard","has-post-thumbnail","hentry","category-nekategorizirano"],"acf":[],"yoast_head":"<!-- This site is optimized with the Yoast SEO plugin v28.0 - https:\/\/yoast.com\/product\/yoast-seo-wordpress\/ -->\n<title>Elektri\u010dni mestni avtobusi E-Solar uspe\u0161no vozijo po evropskih mestih - K-Bus<\/title>\n<meta name=\"robots\" content=\"index, follow, max-snippet:-1, max-image-preview:large, max-video-preview:-1\" \/>\n<link rel=\"canonical\" href=\"https:\/\/k-bus.at\/sl\/elektricni-mestni-avtobusi-e-solar-uspesno-vozijo-po-evropskih-mestih\/\" \/>\n<meta property=\"og:locale\" content=\"sl_SI\" \/>\n<meta property=\"og:type\" content=\"article\" \/>\n<meta property=\"og:title\" content=\"Elektri\u010dni mestni avtobusi E-Solar uspe\u0161no vozijo po evropskih mestih - K-Bus\" \/>\n<meta property=\"og:description\" content=\"Na\u0161i elektri\u010dni mestni avtobusi E-Solar so se uveljavili: \u017ee danes vozijo v mestih, kot so Stockholm, K\u00f6ln, Kapfenberg ali Koper\" \/>\n<meta property=\"og:url\" content=\"https:\/\/k-bus.at\/sl\/elektricni-mestni-avtobusi-e-solar-uspesno-vozijo-po-evropskih-mestih\/\" \/>\n<meta property=\"og:site_name\" content=\"K-Bus\" \/>\n<meta property=\"article:published_time\" content=\"2026-07-02T07:40:47+00:00\" \/>\n<meta property=\"og:image\" content=\"https:\/\/k-bus.at\/wp-content\/uploads\/2026\/01\/e-daily5_solar_xl_kbus-e1781161208356.jpg\" \/>\n\t<meta property=\"og:image:width\" content=\"1000\" \/>\n\t<meta property=\"og:image:height\" content=\"715\" \/>\n\t<meta property=\"og:image:type\" content=\"image\/jpeg\" \/>\n<meta name=\"author\" content=\"Andrea Pirecki\" \/>\n<meta name=\"twitter:card\" content=\"summary_large_image\" \/>\n<meta name=\"twitter:label1\" content=\"Written by\" \/>\n\t<meta name=\"twitter:data1\" content=\"Andrea Pirecki\" \/>\n\t<meta name=\"twitter:label2\" content=\"Est. reading time\" \/>\n\t<meta name=\"twitter:data2\" content=\"1 minuta\" \/>\n<script type=\"application\/ld+json\" class=\"yoast-schema-graph\">{\"@context\":\"https:\\\/\\\/schema.org\",\"@graph\":[{\"@type\":\"Article\",\"@id\":\"https:\\\/\\\/k-bus.at\\\/sl\\\/elektricni-mestni-avtobusi-e-solar-uspesno-vozijo-po-evropskih-mestih\\\/#article\",\"isPartOf\":{\"@id\":\"https:\\\/\\\/k-bus.at\\\/sl\\\/elektricni-mestni-avtobusi-e-solar-uspesno-vozijo-po-evropskih-mestih\\\/\"},\"author\":{\"name\":\"Andrea Pirecki\",\"@id\":\"https:\\\/\\\/k-bus.at\\\/sl\\\/#\\\/schema\\\/person\\\/b79a4f67da3db34c482fb3becd6e4245\"},\"headline\":\"Elektri\u010dni mestni avtobusi E-Solar uspe\u0161no vozijo po evropskih mestih\",\"datePublished\":\"2026-07-02T07:40:47+00:00\",\"mainEntityOfPage\":{\"@id\":\"https:\\\/\\\/k-bus.at\\\/sl\\\/elektricni-mestni-avtobusi-e-solar-uspesno-vozijo-po-evropskih-mestih\\\/\"},\"wordCount\":155,\"image\":{\"@id\":\"https:\\\/\\\/k-bus.at\\\/sl\\\/elektricni-mestni-avtobusi-e-solar-uspesno-vozijo-po-evropskih-mestih\\\/#primaryimage\"},\"thumbnailUrl\":\"https:\\\/\\\/k-bus.at\\\/wp-content\\\/uploads\\\/2026\\\/01\\\/e-daily5_solar_xl_kbus-e1781161208356.jpg\",\"inLanguage\":\"sl-SI\"},{\"@type\":\"WebPage\",\"@id\":\"https:\\\/\\\/k-bus.at\\\/sl\\\/elektricni-mestni-avtobusi-e-solar-uspesno-vozijo-po-evropskih-mestih\\\/\",\"url\":\"https:\\\/\\\/k-bus.at\\\/sl\\\/elektricni-mestni-avtobusi-e-solar-uspesno-vozijo-po-evropskih-mestih\\\/\",\"name\":\"Elektri\u010dni mestni avtobusi E-Solar uspe\u0161no vozijo po evropskih mestih - K-Bus\",\"isPartOf\":{\"@id\":\"https:\\\/\\\/k-bus.at\\\/sl\\\/#website\"},\"primaryImageOfPage\":{\"@id\":\"https:\\\/\\\/k-bus.at\\\/sl\\\/elektricni-mestni-avtobusi-e-solar-uspesno-vozijo-po-evropskih-mestih\\\/#primaryimage\"},\"image\":{\"@id\":\"https:\\\/\\\/k-bus.at\\\/sl\\\/elektricni-mestni-avtobusi-e-solar-uspesno-vozijo-po-evropskih-mestih\\\/#primaryimage\"},\"thumbnailUrl\":\"https:\\\/\\\/k-bus.at\\\/wp-content\\\/uploads\\\/2026\\\/01\\\/e-daily5_solar_xl_kbus-e1781161208356.jpg\",\"datePublished\":\"2026-07-02T07:40:47+00:00\",\"author\":{\"@id\":\"https:\\\/\\\/k-bus.at\\\/sl\\\/#\\\/schema\\\/person\\\/b79a4f67da3db34c482fb3becd6e4245\"},\"breadcrumb\":{\"@id\":\"https:\\\/\\\/k-bus.at\\\/sl\\\/elektricni-mestni-avtobusi-e-solar-uspesno-vozijo-po-evropskih-mestih\\\/#breadcrumb\"},\"inLanguage\":\"sl-SI\",\"potentialAction\":[{\"@type\":\"ReadAction\",\"target\":[\"https:\\\/\\\/k-bus.at\\\/sl\\\/elektricni-mestni-avtobusi-e-solar-uspesno-vozijo-po-evropskih-mestih\\\/\"]}]},{\"@type\":\"ImageObject\",\"inLanguage\":\"sl-SI\",\"@id\":\"https:\\\/\\\/k-bus.at\\\/sl\\\/elektricni-mestni-avtobusi-e-solar-uspesno-vozijo-po-evropskih-mestih\\\/#primaryimage\",\"url\":\"https:\\\/\\\/k-bus.at\\\/wp-content\\\/uploads\\\/2026\\\/01\\\/e-daily5_solar_xl_kbus-e1781161208356.jpg\",\"contentUrl\":\"https:\\\/\\\/k-bus.at\\\/wp-content\\\/uploads\\\/2026\\\/01\\\/e-daily5_solar_xl_kbus-e1781161208356.jpg\",\"width\":1000,\"height\":715},{\"@type\":\"BreadcrumbList\",\"@id\":\"https:\\\/\\\/k-bus.at\\\/sl\\\/elektricni-mestni-avtobusi-e-solar-uspesno-vozijo-po-evropskih-mestih\\\/#breadcrumb\",\"itemListElement\":[{\"@type\":\"ListItem\",\"position\":1,\"name\":\"Startseite\",\"item\":\"https:\\\/\\\/k-bus.at\\\/sl\\\/k-bus-d-o-o\\\/\"},{\"@type\":\"ListItem\",\"position\":2,\"name\":\"Elektri\u010dni mestni avtobusi E-Solar uspe\u0161no vozijo po evropskih mestih\"}]},{\"@type\":\"WebSite\",\"@id\":\"https:\\\/\\\/k-bus.at\\\/sl\\\/#website\",\"url\":\"https:\\\/\\\/k-bus.at\\\/sl\\\/\",\"name\":\"K-Bus\",\"description\":\"Smart Mobility\",\"potentialAction\":[{\"@type\":\"SearchAction\",\"target\":{\"@type\":\"EntryPoint\",\"urlTemplate\":\"https:\\\/\\\/k-bus.at\\\/sl\\\/?s={search_term_string}\"},\"query-input\":{\"@type\":\"PropertyValueSpecification\",\"valueRequired\":true,\"valueName\":\"search_term_string\"}}],\"inLanguage\":\"sl-SI\"},{\"@type\":\"Person\",\"@id\":\"https:\\\/\\\/k-bus.at\\\/sl\\\/#\\\/schema\\\/person\\\/b79a4f67da3db34c482fb3becd6e4245\",\"name\":\"Andrea Pirecki\",\"image\":{\"@type\":\"ImageObject\",\"inLanguage\":\"sl-SI\",\"@id\":\"https:\\\/\\\/secure.gravatar.com\\\/avatar\\\/5e7490fdafa64acbdd60eca8c45c7de318b19f18b275b5c3183eff64bd4dd9e8?s=96&d=mm&r=g\",\"url\":\"https:\\\/\\\/secure.gravatar.com\\\/avatar\\\/5e7490fdafa64acbdd60eca8c45c7de318b19f18b275b5c3183eff64bd4dd9e8?s=96&d=mm&r=g\",\"contentUrl\":\"https:\\\/\\\/secure.gravatar.com\\\/avatar\\\/5e7490fdafa64acbdd60eca8c45c7de318b19f18b275b5c3183eff64bd4dd9e8?s=96&d=mm&r=g\",\"caption\":\"Andrea Pirecki\"}}]}<\/script>\n<!-- \/ Yoast SEO plugin. -->","yoast_head_json":{"title":"Elektri\u010dni mestni avtobusi E-Solar uspe\u0161no vozijo po evropskih mestih - K-Bus","robots":{"index":"index","follow":"follow","max-snippet":"max-snippet:-1","max-image-preview":"max-image-preview:large","max-video-preview":"max-video-preview:-1"},"canonical":"https:\/\/k-bus.at\/sl\/elektricni-mestni-avtobusi-e-solar-uspesno-vozijo-po-evropskih-mestih\/","og_locale":"sl_SI","og_type":"article","og_title":"Elektri\u010dni mestni avtobusi E-Solar uspe\u0161no vozijo po evropskih mestih - K-Bus","og_description":"Na\u0161i elektri\u010dni mestni avtobusi E-Solar so se uveljavili: \u017ee danes vozijo v mestih, kot so Stockholm, K\u00f6ln, Kapfenberg ali Koper","og_url":"https:\/\/k-bus.at\/sl\/elektricni-mestni-avtobusi-e-solar-uspesno-vozijo-po-evropskih-mestih\/","og_site_name":"K-Bus","article_published_time":"2026-07-02T07:40:47+00:00","og_image":[{"width":1000,"height":715,"url":"https:\/\/k-bus.at\/wp-content\/uploads\/2026\/01\/e-daily5_solar_xl_kbus-e1781161208356.jpg","type":"image\/jpeg"}],"author":"Andrea Pirecki","twitter_card":"summary_large_image","twitter_misc":{"Written by":"Andrea Pirecki","Est. reading time":"1 minuta"},"schema":{"@context":"https:\/\/schema.org","@graph":[{"@type":"Article","@id":"https:\/\/k-bus.at\/sl\/elektricni-mestni-avtobusi-e-solar-uspesno-vozijo-po-evropskih-mestih\/#article","isPartOf":{"@id":"https:\/\/k-bus.at\/sl\/elektricni-mestni-avtobusi-e-solar-uspesno-vozijo-po-evropskih-mestih\/"},"author":{"name":"Andrea Pirecki","@id":"https:\/\/k-bus.at\/sl\/#\/schema\/person\/b79a4f67da3db34c482fb3becd6e4245"},"headline":"Elektri\u010dni mestni avtobusi E-Solar uspe\u0161no vozijo po evropskih mestih","datePublished":"2026-07-02T07:40:47+00:00","mainEntityOfPage":{"@id":"https:\/\/k-bus.at\/sl\/elektricni-mestni-avtobusi-e-solar-uspesno-vozijo-po-evropskih-mestih\/"},"wordCount":155,"image":{"@id":"https:\/\/k-bus.at\/sl\/elektricni-mestni-avtobusi-e-solar-uspesno-vozijo-po-evropskih-mestih\/#primaryimage"},"thumbnailUrl":"https:\/\/k-bus.at\/wp-content\/uploads\/2026\/01\/e-daily5_solar_xl_kbus-e1781161208356.jpg","inLanguage":"sl-SI"},{"@type":"WebPage","@id":"https:\/\/k-bus.at\/sl\/elektricni-mestni-avtobusi-e-solar-uspesno-vozijo-po-evropskih-mestih\/","url":"https:\/\/k-bus.at\/sl\/elektricni-mestni-avtobusi-e-solar-uspesno-vozijo-po-evropskih-mestih\/","name":"Elektri\u010dni mestni avtobusi E-Solar uspe\u0161no vozijo po evropskih mestih - K-Bus","isPartOf":{"@id":"https:\/\/k-bus.at\/sl\/#website"},"primaryImageOfPage":{"@id":"https:\/\/k-bus.at\/sl\/elektricni-mestni-avtobusi-e-solar-uspesno-vozijo-po-evropskih-mestih\/#primaryimage"},"image":{"@id":"https:\/\/k-bus.at\/sl\/elektricni-mestni-avtobusi-e-solar-uspesno-vozijo-po-evropskih-mestih\/#primaryimage"},"thumbnailUrl":"https:\/\/k-bus.at\/wp-content\/uploads\/2026\/01\/e-daily5_solar_xl_kbus-e1781161208356.jpg","datePublished":"2026-07-02T07:40:47+00:00","author":{"@id":"https:\/\/k-bus.at\/sl\/#\/schema\/person\/b79a4f67da3db34c482fb3becd6e4245"},"breadcrumb":{"@id":"https:\/\/k-bus.at\/sl\/elektricni-mestni-avtobusi-e-solar-uspesno-vozijo-po-evropskih-mestih\/#breadcrumb"},"inLanguage":"sl-SI","potentialAction":[{"@type":"ReadAction","target":["https:\/\/k-bus.at\/sl\/elektricni-mestni-avtobusi-e-solar-uspesno-vozijo-po-evropskih-mestih\/"]}]},{"@type":"ImageObject","inLanguage":"sl-SI","@id":"https:\/\/k-bus.at\/sl\/elektricni-mestni-avtobusi-e-solar-uspesno-vozijo-po-evropskih-mestih\/#primaryimage","url":"https:\/\/k-bus.at\/wp-content\/uploads\/2026\/01\/e-daily5_solar_xl_kbus-e1781161208356.jpg","contentUrl":"https:\/\/k-bus.at\/wp-content\/uploads\/2026\/01\/e-daily5_solar_xl_kbus-e1781161208356.jpg","width":1000,"height":715},{"@type":"BreadcrumbList","@id":"https:\/\/k-bus.at\/sl\/elektricni-mestni-avtobusi-e-solar-uspesno-vozijo-po-evropskih-mestih\/#breadcrumb","itemListElement":[{"@type":"ListItem","position":1,"name":"Startseite","item":"https:\/\/k-bus.at\/sl\/k-bus-d-o-o\/"},{"@type":"ListItem","position":2,"name":"Elektri\u010dni mestni avtobusi E-Solar uspe\u0161no vozijo po evropskih mestih"}]},{"@type":"WebSite","@id":"https:\/\/k-bus.at\/sl\/#website","url":"https:\/\/k-bus.at\/sl\/","name":"K-Bus","description":"Smart Mobility","potentialAction":[{"@type":"SearchAction","target":{"@type":"EntryPoint","urlTemplate":"https:\/\/k-bus.at\/sl\/?s={search_term_string}"},"query-input":{"@type":"PropertyValueSpecification","valueRequired":true,"valueName":"search_term_string"}}],"inLanguage":"sl-SI"},{"@type":"Person","@id":"https:\/\/k-bus.at\/sl\/#\/schema\/person\/b79a4f67da3db34c482fb3becd6e4245","name":"Andrea Pirecki","image":{"@type":"ImageObject","inLanguage":"sl-SI","@id":"https:\/\/secure.gravatar.com\/avatar\/5e7490fdafa64acbdd60eca8c45c7de318b19f18b275b5c3183eff64bd4dd9e8?s=96&d=mm&r=g","url":"https:\/\/secure.gravatar.com\/avatar\/5e7490fdafa64acbdd60eca8c45c7de318b19f18b275b5c3183eff64bd4dd9e8?s=96&d=mm&r=g","contentUrl":"https:\/\/secure.gravatar.com\/avatar\/5e7490fdafa64acbdd60eca8c45c7de318b19f18b275b5c3183eff64bd4dd9e8?s=96&d=mm&r=g","caption":"Andrea Pirecki"}}]}},"_links":{"self":[{"href":"https:\/\/k-bus.at\/sl\/wp-json\/wp\/v2\/posts\/16596","targetHints":{"allow":["GET"]}}],"collection":[{"href":"https:\/\/k-bus.at\/sl\/wp-json\/wp\/v2\/posts"}],"about":[{"href":"https:\/\/k-bus.at\/sl\/wp-json\/wp\/v2\/types\/post"}],"author":[{"embeddable":true,"href":"https:\/\/k-bus.at\/sl\/wp-json\/wp\/v2\/users\/3"}],"replies":[{"embeddable":true,"href":"https:\/\/k-bus.at\/sl\/wp-json\/wp\/v2\/comments?post=16596"}],"version-history":[{"count":0,"href":"https:\/\/k-bus.at\/sl\/wp-json\/wp\/v2\/posts\/16596\/revisions"}],"wp:featuredmedia":[{"embeddable":true,"href":"https:\/\/k-bus.at\/sl\/wp-json\/wp\/v2\/media\/16598"}],"wp:attachment":[{"href":"https:\/\/k-bus.at\/sl\/wp-json\/wp\/v2\/media?parent=16596"}],"wp:term":[{"taxonomy":"category","embeddable":true,"href":"https:\/\/k-bus.at\/sl\/wp-json\/wp\/v2\/categories?post=16596"},{"taxonomy":"post_tag","embeddable":true,"href":"https:\/\/k-bus.at\/sl\/wp-json\/wp\/v2\/tags?post=16596"}],"curies":[{"name":"wp","href":"https:\/\/api.w.org\/{rel}","templated":true}]}}