{"id":16357,"date":"2026-07-02T09:38:16","date_gmt":"2026-07-02T07:38:16","guid":{"rendered":"https:\/\/adiznctb3b.wpdns.site\/k-bus-ne-panairin-tregtar-bus2bus-berlin-2026\/"},"modified":"2026-07-02T09:38:16","modified_gmt":"2026-07-02T07:38:16","slug":"k-bus-ne-panairin-tregtar-bus2bus-berlin-2026","status":"publish","type":"post","link":"https:\/\/k-bus.at\/sq\/k-bus-ne-panairin-tregtar-bus2bus-berlin-2026\/","title":{"rendered":"K-BUS n\u00eb panairin tregtar BUS2BUS Berlin 2026"},"content":{"rendered":"<p data-start=\"150\" data-end=\"305\">M\u00eb 15 dhe 16 prill, K-BUS u p\u00ebrfaq\u00ebsua n\u00eb panairin tregtar BUS2BUS &#8211; nj\u00eb nga platformat m\u00eb t\u00eb r\u00ebnd\u00ebsishme t\u00eb industris\u00eb p\u00ebr zgjidhje inovative t\u00eb l\u00ebvizshm\u00ebris\u00eb n\u00eb sektorin e autobus\u00ebve.  <\/p>\n<p data-start=\"307\" data-end=\"587\">Fokusi ishte n\u00eb shk\u00ebmbimin personal me vizitor\u00ebt tregtar\u00eb, partner\u00ebt dhe pal\u00ebt e interesuara, si dhe n\u00eb zhvillimet aktuale n\u00eb zgjidhjet e personalizuara p\u00ebr autobus\u00ebt. Konceptet tona t\u00eb p\u00ebrshtatura p\u00ebr bashkit\u00eb, kompanit\u00eb e transportit dhe aplikimet speciale ngjall\u00ebn interes t\u00eb ve\u00e7ant\u00eb. <\/p>\n<p data-start=\"589\" data-end=\"832\">Panairi na ofroi nj\u00eb mund\u00ebsi ideale p\u00ebr t\u00eb forcuar kontaktet ekzistuese dhe p\u00ebr t\u00eb mbledhur ide t\u00eb reja nga industria. Dialogu i drejtp\u00ebrdrejt\u00eb n\u00eb vend konfirmoi edhe nj\u00eb her\u00eb se sa e madhe \u00ebsht\u00eb k\u00ebrkesa p\u00ebr zgjidhje fleksibile dhe t\u00eb zhvilluara individualisht p\u00ebr automjetet. <\/p>\n<p data-start=\"834\" data-end=\"918\">Fal\u00ebnderojm\u00eb t\u00eb gjith\u00eb vizitor\u00ebt p\u00ebr interesin dhe bisedat interesante!<\/p>\n<p data-start=\"834\" data-end=\"918\"><a href=\"https:\/\/www.bus2bus.berlin\/en\/digital\/newsroom\">P\u00ebrmbledhje e Redaksionit &#8211; BUS2BUS<\/a><\/p>\n","protected":false},"excerpt":{"rendered":"<p>M\u00eb 15 dhe 16 prill, K-BUS u p\u00ebrfaq\u00ebsua n\u00eb panairin tregtar BUS2BUS &#8211; nj\u00eb nga platformat m\u00eb t\u00eb r\u00ebnd\u00ebsishme t\u00eb<\/p>\n","protected":false},"author":16,"featured_media":5313,"comment_status":"closed","ping_status":"closed","sticky":false,"template":"","format":"standard","meta":{"_acf_changed":false,"footnotes":""},"categories":[240],"tags":[],"class_list":["post-16357","post","type-post","status-publish","format-standard","has-post-thumbnail","hentry","category-te-pakategorizuara"],"acf":[],"yoast_head":"<!-- This site is optimized with the Yoast SEO plugin v28.0 - https:\/\/yoast.com\/product\/yoast-seo-wordpress\/ -->\n<title>K-BUS n\u00eb panairin tregtar BUS2BUS Berlin 2026 - K-Bus<\/title>\n<meta name=\"robots\" content=\"index, follow, max-snippet:-1, max-image-preview:large, max-video-preview:-1\" \/>\n<link rel=\"canonical\" href=\"https:\/\/k-bus.at\/sq\/k-bus-ne-panairin-tregtar-bus2bus-berlin-2026\/\" \/>\n<meta property=\"og:locale\" content=\"sq_AL\" \/>\n<meta property=\"og:type\" content=\"article\" \/>\n<meta property=\"og:title\" content=\"K-BUS n\u00eb panairin tregtar BUS2BUS Berlin 2026 - K-Bus\" \/>\n<meta property=\"og:description\" content=\"M\u00eb 15 dhe 16 prill, K-BUS u p\u00ebrfaq\u00ebsua n\u00eb panairin tregtar BUS2BUS &#8211; nj\u00eb nga platformat m\u00eb t\u00eb r\u00ebnd\u00ebsishme t\u00eb\" \/>\n<meta property=\"og:url\" content=\"https:\/\/k-bus.at\/sq\/k-bus-ne-panairin-tregtar-bus2bus-berlin-2026\/\" \/>\n<meta property=\"og:site_name\" content=\"K-Bus\" \/>\n<meta property=\"article:published_time\" content=\"2026-07-02T07:38:16+00:00\" \/>\n<meta property=\"og:image\" content=\"https:\/\/k-bus.at\/wp-content\/uploads\/2026\/04\/IMG_5876-scaled-e1781161778962.jpeg\" \/>\n\t<meta property=\"og:image:width\" content=\"2560\" \/>\n\t<meta property=\"og:image:height\" content=\"1920\" \/>\n\t<meta property=\"og:image:type\" content=\"image\/jpeg\" \/>\n<meta name=\"author\" content=\"Presse KBus\" \/>\n<meta name=\"twitter:card\" content=\"summary_large_image\" \/>\n<meta name=\"twitter:label1\" content=\"Written by\" \/>\n\t<meta name=\"twitter:data1\" content=\"Presse KBus\" \/>\n\t<meta name=\"twitter:label2\" content=\"Est. reading time\" \/>\n\t<meta name=\"twitter:data2\" content=\"1 minute\" \/>\n<script type=\"application\/ld+json\" class=\"yoast-schema-graph\">{\"@context\":\"https:\\\/\\\/schema.org\",\"@graph\":[{\"@type\":\"Article\",\"@id\":\"https:\\\/\\\/k-bus.at\\\/sq\\\/k-bus-ne-panairin-tregtar-bus2bus-berlin-2026\\\/#article\",\"isPartOf\":{\"@id\":\"https:\\\/\\\/k-bus.at\\\/sq\\\/k-bus-ne-panairin-tregtar-bus2bus-berlin-2026\\\/\"},\"author\":{\"name\":\"Presse KBus\",\"@id\":\"https:\\\/\\\/k-bus.at\\\/sq\\\/#\\\/schema\\\/person\\\/81c4a0ee7a2e01e2e5fc53487104fd3a\"},\"headline\":\"K-BUS n\u00eb panairin tregtar BUS2BUS Berlin 2026\",\"datePublished\":\"2026-07-02T07:38:16+00:00\",\"mainEntityOfPage\":{\"@id\":\"https:\\\/\\\/k-bus.at\\\/sq\\\/k-bus-ne-panairin-tregtar-bus2bus-berlin-2026\\\/\"},\"wordCount\":164,\"image\":{\"@id\":\"https:\\\/\\\/k-bus.at\\\/sq\\\/k-bus-ne-panairin-tregtar-bus2bus-berlin-2026\\\/#primaryimage\"},\"thumbnailUrl\":\"https:\\\/\\\/k-bus.at\\\/wp-content\\\/uploads\\\/2026\\\/04\\\/IMG_5876-scaled.jpeg\",\"articleSection\":[\"T\u00eb pakategorizuara\"],\"inLanguage\":\"sq-AL\"},{\"@type\":\"WebPage\",\"@id\":\"https:\\\/\\\/k-bus.at\\\/sq\\\/k-bus-ne-panairin-tregtar-bus2bus-berlin-2026\\\/\",\"url\":\"https:\\\/\\\/k-bus.at\\\/sq\\\/k-bus-ne-panairin-tregtar-bus2bus-berlin-2026\\\/\",\"name\":\"K-BUS n\u00eb panairin tregtar BUS2BUS Berlin 2026 - K-Bus\",\"isPartOf\":{\"@id\":\"https:\\\/\\\/k-bus.at\\\/sq\\\/#website\"},\"primaryImageOfPage\":{\"@id\":\"https:\\\/\\\/k-bus.at\\\/sq\\\/k-bus-ne-panairin-tregtar-bus2bus-berlin-2026\\\/#primaryimage\"},\"image\":{\"@id\":\"https:\\\/\\\/k-bus.at\\\/sq\\\/k-bus-ne-panairin-tregtar-bus2bus-berlin-2026\\\/#primaryimage\"},\"thumbnailUrl\":\"https:\\\/\\\/k-bus.at\\\/wp-content\\\/uploads\\\/2026\\\/04\\\/IMG_5876-scaled.jpeg\",\"datePublished\":\"2026-07-02T07:38:16+00:00\",\"author\":{\"@id\":\"https:\\\/\\\/k-bus.at\\\/sq\\\/#\\\/schema\\\/person\\\/81c4a0ee7a2e01e2e5fc53487104fd3a\"},\"breadcrumb\":{\"@id\":\"https:\\\/\\\/k-bus.at\\\/sq\\\/k-bus-ne-panairin-tregtar-bus2bus-berlin-2026\\\/#breadcrumb\"},\"inLanguage\":\"sq-AL\",\"potentialAction\":[{\"@type\":\"ReadAction\",\"target\":[\"https:\\\/\\\/k-bus.at\\\/sq\\\/k-bus-ne-panairin-tregtar-bus2bus-berlin-2026\\\/\"]}]},{\"@type\":\"ImageObject\",\"inLanguage\":\"sq-AL\",\"@id\":\"https:\\\/\\\/k-bus.at\\\/sq\\\/k-bus-ne-panairin-tregtar-bus2bus-berlin-2026\\\/#primaryimage\",\"url\":\"https:\\\/\\\/k-bus.at\\\/wp-content\\\/uploads\\\/2026\\\/04\\\/IMG_5876-scaled.jpeg\",\"contentUrl\":\"https:\\\/\\\/k-bus.at\\\/wp-content\\\/uploads\\\/2026\\\/04\\\/IMG_5876-scaled.jpeg\",\"width\":2560,\"height\":1920},{\"@type\":\"BreadcrumbList\",\"@id\":\"https:\\\/\\\/k-bus.at\\\/sq\\\/k-bus-ne-panairin-tregtar-bus2bus-berlin-2026\\\/#breadcrumb\",\"itemListElement\":[{\"@type\":\"ListItem\",\"position\":1,\"name\":\"Startseite\",\"item\":\"https:\\\/\\\/k-bus.at\\\/sq\\\/k-bus-gmbh\\\/\"},{\"@type\":\"ListItem\",\"position\":2,\"name\":\"K-BUS n\u00eb panairin tregtar BUS2BUS Berlin 2026\"}]},{\"@type\":\"WebSite\",\"@id\":\"https:\\\/\\\/k-bus.at\\\/sq\\\/#website\",\"url\":\"https:\\\/\\\/k-bus.at\\\/sq\\\/\",\"name\":\"K-Bus\",\"description\":\"Smart Mobility\",\"potentialAction\":[{\"@type\":\"SearchAction\",\"target\":{\"@type\":\"EntryPoint\",\"urlTemplate\":\"https:\\\/\\\/k-bus.at\\\/sq\\\/?s={search_term_string}\"},\"query-input\":{\"@type\":\"PropertyValueSpecification\",\"valueRequired\":true,\"valueName\":\"search_term_string\"}}],\"inLanguage\":\"sq-AL\"},{\"@type\":\"Person\",\"@id\":\"https:\\\/\\\/k-bus.at\\\/sq\\\/#\\\/schema\\\/person\\\/81c4a0ee7a2e01e2e5fc53487104fd3a\",\"name\":\"Presse KBus\",\"image\":{\"@type\":\"ImageObject\",\"inLanguage\":\"sq-AL\",\"@id\":\"https:\\\/\\\/secure.gravatar.com\\\/avatar\\\/9ca69a0789daf56b6ac09b0279c3c10b83df241fd02ad009a70bfcec3d8cb15c?s=96&d=mm&r=g\",\"url\":\"https:\\\/\\\/secure.gravatar.com\\\/avatar\\\/9ca69a0789daf56b6ac09b0279c3c10b83df241fd02ad009a70bfcec3d8cb15c?s=96&d=mm&r=g\",\"contentUrl\":\"https:\\\/\\\/secure.gravatar.com\\\/avatar\\\/9ca69a0789daf56b6ac09b0279c3c10b83df241fd02ad009a70bfcec3d8cb15c?s=96&d=mm&r=g\",\"caption\":\"Presse KBus\"}}]}<\/script>\n<!-- \/ Yoast SEO plugin. -->","yoast_head_json":{"title":"K-BUS n\u00eb panairin tregtar BUS2BUS Berlin 2026 - K-Bus","robots":{"index":"index","follow":"follow","max-snippet":"max-snippet:-1","max-image-preview":"max-image-preview:large","max-video-preview":"max-video-preview:-1"},"canonical":"https:\/\/k-bus.at\/sq\/k-bus-ne-panairin-tregtar-bus2bus-berlin-2026\/","og_locale":"sq_AL","og_type":"article","og_title":"K-BUS n\u00eb panairin tregtar BUS2BUS Berlin 2026 - K-Bus","og_description":"M\u00eb 15 dhe 16 prill, K-BUS u p\u00ebrfaq\u00ebsua n\u00eb panairin tregtar BUS2BUS &#8211; nj\u00eb nga platformat m\u00eb t\u00eb r\u00ebnd\u00ebsishme t\u00eb","og_url":"https:\/\/k-bus.at\/sq\/k-bus-ne-panairin-tregtar-bus2bus-berlin-2026\/","og_site_name":"K-Bus","article_published_time":"2026-07-02T07:38:16+00:00","og_image":[{"width":2560,"height":1920,"url":"https:\/\/k-bus.at\/wp-content\/uploads\/2026\/04\/IMG_5876-scaled-e1781161778962.jpeg","type":"image\/jpeg"}],"author":"Presse KBus","twitter_card":"summary_large_image","twitter_misc":{"Written by":"Presse KBus","Est. reading time":"1 minute"},"schema":{"@context":"https:\/\/schema.org","@graph":[{"@type":"Article","@id":"https:\/\/k-bus.at\/sq\/k-bus-ne-panairin-tregtar-bus2bus-berlin-2026\/#article","isPartOf":{"@id":"https:\/\/k-bus.at\/sq\/k-bus-ne-panairin-tregtar-bus2bus-berlin-2026\/"},"author":{"name":"Presse KBus","@id":"https:\/\/k-bus.at\/sq\/#\/schema\/person\/81c4a0ee7a2e01e2e5fc53487104fd3a"},"headline":"K-BUS n\u00eb panairin tregtar BUS2BUS Berlin 2026","datePublished":"2026-07-02T07:38:16+00:00","mainEntityOfPage":{"@id":"https:\/\/k-bus.at\/sq\/k-bus-ne-panairin-tregtar-bus2bus-berlin-2026\/"},"wordCount":164,"image":{"@id":"https:\/\/k-bus.at\/sq\/k-bus-ne-panairin-tregtar-bus2bus-berlin-2026\/#primaryimage"},"thumbnailUrl":"https:\/\/k-bus.at\/wp-content\/uploads\/2026\/04\/IMG_5876-scaled.jpeg","articleSection":["T\u00eb pakategorizuara"],"inLanguage":"sq-AL"},{"@type":"WebPage","@id":"https:\/\/k-bus.at\/sq\/k-bus-ne-panairin-tregtar-bus2bus-berlin-2026\/","url":"https:\/\/k-bus.at\/sq\/k-bus-ne-panairin-tregtar-bus2bus-berlin-2026\/","name":"K-BUS n\u00eb panairin tregtar BUS2BUS Berlin 2026 - K-Bus","isPartOf":{"@id":"https:\/\/k-bus.at\/sq\/#website"},"primaryImageOfPage":{"@id":"https:\/\/k-bus.at\/sq\/k-bus-ne-panairin-tregtar-bus2bus-berlin-2026\/#primaryimage"},"image":{"@id":"https:\/\/k-bus.at\/sq\/k-bus-ne-panairin-tregtar-bus2bus-berlin-2026\/#primaryimage"},"thumbnailUrl":"https:\/\/k-bus.at\/wp-content\/uploads\/2026\/04\/IMG_5876-scaled.jpeg","datePublished":"2026-07-02T07:38:16+00:00","author":{"@id":"https:\/\/k-bus.at\/sq\/#\/schema\/person\/81c4a0ee7a2e01e2e5fc53487104fd3a"},"breadcrumb":{"@id":"https:\/\/k-bus.at\/sq\/k-bus-ne-panairin-tregtar-bus2bus-berlin-2026\/#breadcrumb"},"inLanguage":"sq-AL","potentialAction":[{"@type":"ReadAction","target":["https:\/\/k-bus.at\/sq\/k-bus-ne-panairin-tregtar-bus2bus-berlin-2026\/"]}]},{"@type":"ImageObject","inLanguage":"sq-AL","@id":"https:\/\/k-bus.at\/sq\/k-bus-ne-panairin-tregtar-bus2bus-berlin-2026\/#primaryimage","url":"https:\/\/k-bus.at\/wp-content\/uploads\/2026\/04\/IMG_5876-scaled.jpeg","contentUrl":"https:\/\/k-bus.at\/wp-content\/uploads\/2026\/04\/IMG_5876-scaled.jpeg","width":2560,"height":1920},{"@type":"BreadcrumbList","@id":"https:\/\/k-bus.at\/sq\/k-bus-ne-panairin-tregtar-bus2bus-berlin-2026\/#breadcrumb","itemListElement":[{"@type":"ListItem","position":1,"name":"Startseite","item":"https:\/\/k-bus.at\/sq\/k-bus-gmbh\/"},{"@type":"ListItem","position":2,"name":"K-BUS n\u00eb panairin tregtar BUS2BUS Berlin 2026"}]},{"@type":"WebSite","@id":"https:\/\/k-bus.at\/sq\/#website","url":"https:\/\/k-bus.at\/sq\/","name":"K-Bus","description":"Smart Mobility","potentialAction":[{"@type":"SearchAction","target":{"@type":"EntryPoint","urlTemplate":"https:\/\/k-bus.at\/sq\/?s={search_term_string}"},"query-input":{"@type":"PropertyValueSpecification","valueRequired":true,"valueName":"search_term_string"}}],"inLanguage":"sq-AL"},{"@type":"Person","@id":"https:\/\/k-bus.at\/sq\/#\/schema\/person\/81c4a0ee7a2e01e2e5fc53487104fd3a","name":"Presse KBus","image":{"@type":"ImageObject","inLanguage":"sq-AL","@id":"https:\/\/secure.gravatar.com\/avatar\/9ca69a0789daf56b6ac09b0279c3c10b83df241fd02ad009a70bfcec3d8cb15c?s=96&d=mm&r=g","url":"https:\/\/secure.gravatar.com\/avatar\/9ca69a0789daf56b6ac09b0279c3c10b83df241fd02ad009a70bfcec3d8cb15c?s=96&d=mm&r=g","contentUrl":"https:\/\/secure.gravatar.com\/avatar\/9ca69a0789daf56b6ac09b0279c3c10b83df241fd02ad009a70bfcec3d8cb15c?s=96&d=mm&r=g","caption":"Presse KBus"}}]}},"_links":{"self":[{"href":"https:\/\/k-bus.at\/sq\/wp-json\/wp\/v2\/posts\/16357","targetHints":{"allow":["GET"]}}],"collection":[{"href":"https:\/\/k-bus.at\/sq\/wp-json\/wp\/v2\/posts"}],"about":[{"href":"https:\/\/k-bus.at\/sq\/wp-json\/wp\/v2\/types\/post"}],"author":[{"embeddable":true,"href":"https:\/\/k-bus.at\/sq\/wp-json\/wp\/v2\/users\/16"}],"replies":[{"embeddable":true,"href":"https:\/\/k-bus.at\/sq\/wp-json\/wp\/v2\/comments?post=16357"}],"version-history":[{"count":0,"href":"https:\/\/k-bus.at\/sq\/wp-json\/wp\/v2\/posts\/16357\/revisions"}],"wp:featuredmedia":[{"embeddable":true,"href":"https:\/\/k-bus.at\/sq\/wp-json\/wp\/v2\/media\/5313"}],"wp:attachment":[{"href":"https:\/\/k-bus.at\/sq\/wp-json\/wp\/v2\/media?parent=16357"}],"wp:term":[{"taxonomy":"category","embeddable":true,"href":"https:\/\/k-bus.at\/sq\/wp-json\/wp\/v2\/categories?post=16357"},{"taxonomy":"post_tag","embeddable":true,"href":"https:\/\/k-bus.at\/sq\/wp-json\/wp\/v2\/tags?post=16357"}],"curies":[{"name":"wp","href":"https:\/\/api.w.org\/{rel}","templated":true}]}}