{"id":16368,"date":"2026-07-02T09:38:22","date_gmt":"2026-07-02T07:38:22","guid":{"rendered":"https:\/\/adiznctb3b.wpdns.site\/k-bus-sjell-linjen-e-pare-te-autobuseve-plotesisht-elektrike-ne-innsbruck\/"},"modified":"2026-07-02T09:38:22","modified_gmt":"2026-07-02T07:38:22","slug":"k-bus-sjell-linjen-e-pare-te-autobuseve-plotesisht-elektrike-ne-innsbruck","status":"publish","type":"post","link":"https:\/\/k-bus.at\/sq\/k-bus-sjell-linjen-e-pare-te-autobuseve-plotesisht-elektrike-ne-innsbruck\/","title":{"rendered":"K-BUS sjell linj\u00ebn e par\u00eb t\u00eb autobus\u00ebve plot\u00ebsisht elektrik\u00eb n\u00eb Innsbruck"},"content":{"rendered":"<p data-start=\"167\" data-end=\"549\">Me futjen e linj\u00ebs s\u00eb par\u00eb t\u00eb autobus\u00ebve plot\u00ebsisht elektrik\u00eb n\u00eb Innsbruck, zgjerimi i l\u00ebvizshm\u00ebris\u00eb s\u00eb q\u00ebndrueshme vazhdon vazhdimisht. Minibus\u00eb modern\u00eb elektrik\u00eb nga K-Bus, t\u00eb projektuar posa\u00e7\u00ebrisht p\u00ebr p\u00ebrdorim urban n\u00eb rrug\u00eb t\u00eb ngushta dhe q\u00eb ofrojn\u00eb nj\u00eb rreze veprimi prej af\u00ebrsisht 150 kilometrash, do t\u00eb p\u00ebrdoren n\u00eb Linj\u00ebn e re D. <\/p>\n<p data-start=\"551\" data-end=\"776\">Linja e re p\u00ebrmir\u00ebson ve\u00e7an\u00ebrisht lidhjen me rrethet Arzl dhe M\u00fchlau dhe n\u00eb t\u00eb nj\u00ebjt\u00ebn koh\u00eb p\u00ebrfaq\u00ebson nj\u00eb hap t\u00eb r\u00ebnd\u00ebsish\u00ebm drejt transportit publik pa emetime.<\/p>\n<p data-start=\"778\" data-end=\"992\">Gazeta rajonale <span class=\"hover:entity-accent entity-underline inline cursor-pointer align-baseline\"><span class=\"whitespace-normal\">MeinBezirk<\/span><\/span> raporton gjithashtu p\u00ebr projektin n\u00eb artikullin <strong data-start=\"879\" data-end=\"937\">\u201cLinja e par\u00eb plot\u00ebsisht elektrike e autobus\u00ebve p\u00ebr Innsbruck\u201d<\/strong> , shkruar nga <span class=\"hover:entity-accent entity-underline inline cursor-pointer align-baseline\"><span class=\"whitespace-normal\">Pascal Pali<\/span><\/span> .<\/p>\n<p data-start=\"994\" data-end=\"1153\">Artikullin e plot\u00eb mund ta gjeni k\u00ebtu:<br data-start=\"1039\" data-end=\"1042\"\/> <a class=\"decorated-link\" href=\"https:\/\/www.meinbezirk.at\/innsbruck\/c-lokales\/erste-vollstaendig-elektrische-buslinie-fuer-innsbruck_a7871915\" target=\"_new\" rel=\"noopener\" data-start=\"1042\" data-end=\"1151\">https:\/\/www.meinbezirk.at\/innsbruck\/c-lokales\/erste-vollstaendig-elektrische-buslinie-fuer-innsbruck_a7871915<\/a><\/p>\n","protected":false},"excerpt":{"rendered":"<p>Me futjen e linj\u00ebs s\u00eb par\u00eb t\u00eb autobus\u00ebve plot\u00ebsisht elektrik\u00eb n\u00eb Innsbruck, zgjerimi i l\u00ebvizshm\u00ebris\u00eb s\u00eb q\u00ebndrueshme vazhdon vazhdimisht. Minibus\u00eb<\/p>\n","protected":false},"author":3,"featured_media":2347,"comment_status":"closed","ping_status":"closed","sticky":false,"template":"","format":"standard","meta":{"_acf_changed":false,"footnotes":""},"categories":[240],"tags":[],"class_list":["post-16368","post","type-post","status-publish","format-standard","has-post-thumbnail","hentry","category-te-pakategorizuara"],"acf":[],"yoast_head":"<!-- This site is optimized with the Yoast SEO plugin v28.0 - https:\/\/yoast.com\/product\/yoast-seo-wordpress\/ -->\n<title>K-BUS sjell linj\u00ebn e par\u00eb t\u00eb autobus\u00ebve plot\u00ebsisht elektrik\u00eb n\u00eb Innsbruck - K-Bus<\/title>\n<meta name=\"robots\" content=\"index, follow, max-snippet:-1, max-image-preview:large, max-video-preview:-1\" \/>\n<link rel=\"canonical\" href=\"https:\/\/k-bus.at\/sq\/k-bus-sjell-linjen-e-pare-te-autobuseve-plotesisht-elektrike-ne-innsbruck\/\" \/>\n<meta property=\"og:locale\" content=\"sq_AL\" \/>\n<meta property=\"og:type\" content=\"article\" \/>\n<meta property=\"og:title\" content=\"K-BUS sjell linj\u00ebn e par\u00eb t\u00eb autobus\u00ebve plot\u00ebsisht elektrik\u00eb n\u00eb Innsbruck - K-Bus\" \/>\n<meta property=\"og:description\" content=\"Me futjen e linj\u00ebs s\u00eb par\u00eb t\u00eb autobus\u00ebve plot\u00ebsisht elektrik\u00eb n\u00eb Innsbruck, zgjerimi i l\u00ebvizshm\u00ebris\u00eb s\u00eb q\u00ebndrueshme vazhdon vazhdimisht. Minibus\u00eb\" \/>\n<meta property=\"og:url\" content=\"https:\/\/k-bus.at\/sq\/k-bus-sjell-linjen-e-pare-te-autobuseve-plotesisht-elektrike-ne-innsbruck\/\" \/>\n<meta property=\"og:site_name\" content=\"K-Bus\" \/>\n<meta property=\"article:published_time\" content=\"2026-07-02T07:38:22+00:00\" \/>\n<meta property=\"og:image\" content=\"https:\/\/k-bus.at\/wp-content\/uploads\/2026\/04\/20251112_071301.jpg\" \/>\n\t<meta property=\"og:image:width\" content=\"1280\" \/>\n\t<meta property=\"og:image:height\" content=\"960\" \/>\n\t<meta property=\"og:image:type\" content=\"image\/jpeg\" \/>\n<meta name=\"author\" content=\"Andrea Pirecki\" \/>\n<meta name=\"twitter:card\" content=\"summary_large_image\" \/>\n<meta name=\"twitter:label1\" content=\"Written by\" \/>\n\t<meta name=\"twitter:data1\" content=\"Andrea Pirecki\" \/>\n\t<meta name=\"twitter:label2\" content=\"Est. reading time\" \/>\n\t<meta name=\"twitter:data2\" content=\"1 minute\" \/>\n<script type=\"application\/ld+json\" class=\"yoast-schema-graph\">{\"@context\":\"https:\\\/\\\/schema.org\",\"@graph\":[{\"@type\":\"Article\",\"@id\":\"https:\\\/\\\/k-bus.at\\\/sq\\\/k-bus-sjell-linjen-e-pare-te-autobuseve-plotesisht-elektrike-ne-innsbruck\\\/#article\",\"isPartOf\":{\"@id\":\"https:\\\/\\\/k-bus.at\\\/sq\\\/k-bus-sjell-linjen-e-pare-te-autobuseve-plotesisht-elektrike-ne-innsbruck\\\/\"},\"author\":{\"name\":\"Andrea Pirecki\",\"@id\":\"https:\\\/\\\/k-bus.at\\\/sq\\\/#\\\/schema\\\/person\\\/b79a4f67da3db34c482fb3becd6e4245\"},\"headline\":\"K-BUS sjell linj\u00ebn e par\u00eb t\u00eb autobus\u00ebve plot\u00ebsisht elektrik\u00eb n\u00eb Innsbruck\",\"datePublished\":\"2026-07-02T07:38:22+00:00\",\"mainEntityOfPage\":{\"@id\":\"https:\\\/\\\/k-bus.at\\\/sq\\\/k-bus-sjell-linjen-e-pare-te-autobuseve-plotesisht-elektrike-ne-innsbruck\\\/\"},\"wordCount\":157,\"image\":{\"@id\":\"https:\\\/\\\/k-bus.at\\\/sq\\\/k-bus-sjell-linjen-e-pare-te-autobuseve-plotesisht-elektrike-ne-innsbruck\\\/#primaryimage\"},\"thumbnailUrl\":\"https:\\\/\\\/k-bus.at\\\/wp-content\\\/uploads\\\/2026\\\/04\\\/20251112_071301.jpg\",\"articleSection\":[\"T\u00eb pakategorizuara\"],\"inLanguage\":\"sq-AL\"},{\"@type\":\"WebPage\",\"@id\":\"https:\\\/\\\/k-bus.at\\\/sq\\\/k-bus-sjell-linjen-e-pare-te-autobuseve-plotesisht-elektrike-ne-innsbruck\\\/\",\"url\":\"https:\\\/\\\/k-bus.at\\\/sq\\\/k-bus-sjell-linjen-e-pare-te-autobuseve-plotesisht-elektrike-ne-innsbruck\\\/\",\"name\":\"K-BUS sjell linj\u00ebn e par\u00eb t\u00eb autobus\u00ebve plot\u00ebsisht elektrik\u00eb n\u00eb Innsbruck - K-Bus\",\"isPartOf\":{\"@id\":\"https:\\\/\\\/k-bus.at\\\/sq\\\/#website\"},\"primaryImageOfPage\":{\"@id\":\"https:\\\/\\\/k-bus.at\\\/sq\\\/k-bus-sjell-linjen-e-pare-te-autobuseve-plotesisht-elektrike-ne-innsbruck\\\/#primaryimage\"},\"image\":{\"@id\":\"https:\\\/\\\/k-bus.at\\\/sq\\\/k-bus-sjell-linjen-e-pare-te-autobuseve-plotesisht-elektrike-ne-innsbruck\\\/#primaryimage\"},\"thumbnailUrl\":\"https:\\\/\\\/k-bus.at\\\/wp-content\\\/uploads\\\/2026\\\/04\\\/20251112_071301.jpg\",\"datePublished\":\"2026-07-02T07:38:22+00:00\",\"author\":{\"@id\":\"https:\\\/\\\/k-bus.at\\\/sq\\\/#\\\/schema\\\/person\\\/b79a4f67da3db34c482fb3becd6e4245\"},\"breadcrumb\":{\"@id\":\"https:\\\/\\\/k-bus.at\\\/sq\\\/k-bus-sjell-linjen-e-pare-te-autobuseve-plotesisht-elektrike-ne-innsbruck\\\/#breadcrumb\"},\"inLanguage\":\"sq-AL\",\"potentialAction\":[{\"@type\":\"ReadAction\",\"target\":[\"https:\\\/\\\/k-bus.at\\\/sq\\\/k-bus-sjell-linjen-e-pare-te-autobuseve-plotesisht-elektrike-ne-innsbruck\\\/\"]}]},{\"@type\":\"ImageObject\",\"inLanguage\":\"sq-AL\",\"@id\":\"https:\\\/\\\/k-bus.at\\\/sq\\\/k-bus-sjell-linjen-e-pare-te-autobuseve-plotesisht-elektrike-ne-innsbruck\\\/#primaryimage\",\"url\":\"https:\\\/\\\/k-bus.at\\\/wp-content\\\/uploads\\\/2026\\\/04\\\/20251112_071301.jpg\",\"contentUrl\":\"https:\\\/\\\/k-bus.at\\\/wp-content\\\/uploads\\\/2026\\\/04\\\/20251112_071301.jpg\",\"width\":1280,\"height\":960,\"caption\":\"KBus-Kutsenits\"},{\"@type\":\"BreadcrumbList\",\"@id\":\"https:\\\/\\\/k-bus.at\\\/sq\\\/k-bus-sjell-linjen-e-pare-te-autobuseve-plotesisht-elektrike-ne-innsbruck\\\/#breadcrumb\",\"itemListElement\":[{\"@type\":\"ListItem\",\"position\":1,\"name\":\"Startseite\",\"item\":\"https:\\\/\\\/k-bus.at\\\/sq\\\/k-bus-gmbh\\\/\"},{\"@type\":\"ListItem\",\"position\":2,\"name\":\"K-BUS sjell linj\u00ebn e par\u00eb t\u00eb autobus\u00ebve plot\u00ebsisht elektrik\u00eb n\u00eb Innsbruck\"}]},{\"@type\":\"WebSite\",\"@id\":\"https:\\\/\\\/k-bus.at\\\/sq\\\/#website\",\"url\":\"https:\\\/\\\/k-bus.at\\\/sq\\\/\",\"name\":\"K-Bus\",\"description\":\"Smart Mobility\",\"potentialAction\":[{\"@type\":\"SearchAction\",\"target\":{\"@type\":\"EntryPoint\",\"urlTemplate\":\"https:\\\/\\\/k-bus.at\\\/sq\\\/?s={search_term_string}\"},\"query-input\":{\"@type\":\"PropertyValueSpecification\",\"valueRequired\":true,\"valueName\":\"search_term_string\"}}],\"inLanguage\":\"sq-AL\"},{\"@type\":\"Person\",\"@id\":\"https:\\\/\\\/k-bus.at\\\/sq\\\/#\\\/schema\\\/person\\\/b79a4f67da3db34c482fb3becd6e4245\",\"name\":\"Andrea Pirecki\",\"image\":{\"@type\":\"ImageObject\",\"inLanguage\":\"sq-AL\",\"@id\":\"https:\\\/\\\/secure.gravatar.com\\\/avatar\\\/5e7490fdafa64acbdd60eca8c45c7de318b19f18b275b5c3183eff64bd4dd9e8?s=96&d=mm&r=g\",\"url\":\"https:\\\/\\\/secure.gravatar.com\\\/avatar\\\/5e7490fdafa64acbdd60eca8c45c7de318b19f18b275b5c3183eff64bd4dd9e8?s=96&d=mm&r=g\",\"contentUrl\":\"https:\\\/\\\/secure.gravatar.com\\\/avatar\\\/5e7490fdafa64acbdd60eca8c45c7de318b19f18b275b5c3183eff64bd4dd9e8?s=96&d=mm&r=g\",\"caption\":\"Andrea Pirecki\"}}]}<\/script>\n<!-- \/ Yoast SEO plugin. -->","yoast_head_json":{"title":"K-BUS sjell linj\u00ebn e par\u00eb t\u00eb autobus\u00ebve plot\u00ebsisht elektrik\u00eb n\u00eb Innsbruck - K-Bus","robots":{"index":"index","follow":"follow","max-snippet":"max-snippet:-1","max-image-preview":"max-image-preview:large","max-video-preview":"max-video-preview:-1"},"canonical":"https:\/\/k-bus.at\/sq\/k-bus-sjell-linjen-e-pare-te-autobuseve-plotesisht-elektrike-ne-innsbruck\/","og_locale":"sq_AL","og_type":"article","og_title":"K-BUS sjell linj\u00ebn e par\u00eb t\u00eb autobus\u00ebve plot\u00ebsisht elektrik\u00eb n\u00eb Innsbruck - K-Bus","og_description":"Me futjen e linj\u00ebs s\u00eb par\u00eb t\u00eb autobus\u00ebve plot\u00ebsisht elektrik\u00eb n\u00eb Innsbruck, zgjerimi i l\u00ebvizshm\u00ebris\u00eb s\u00eb q\u00ebndrueshme vazhdon vazhdimisht. Minibus\u00eb","og_url":"https:\/\/k-bus.at\/sq\/k-bus-sjell-linjen-e-pare-te-autobuseve-plotesisht-elektrike-ne-innsbruck\/","og_site_name":"K-Bus","article_published_time":"2026-07-02T07:38:22+00:00","og_image":[{"width":1280,"height":960,"url":"https:\/\/k-bus.at\/wp-content\/uploads\/2026\/04\/20251112_071301.jpg","type":"image\/jpeg"}],"author":"Andrea Pirecki","twitter_card":"summary_large_image","twitter_misc":{"Written by":"Andrea Pirecki","Est. reading time":"1 minute"},"schema":{"@context":"https:\/\/schema.org","@graph":[{"@type":"Article","@id":"https:\/\/k-bus.at\/sq\/k-bus-sjell-linjen-e-pare-te-autobuseve-plotesisht-elektrike-ne-innsbruck\/#article","isPartOf":{"@id":"https:\/\/k-bus.at\/sq\/k-bus-sjell-linjen-e-pare-te-autobuseve-plotesisht-elektrike-ne-innsbruck\/"},"author":{"name":"Andrea Pirecki","@id":"https:\/\/k-bus.at\/sq\/#\/schema\/person\/b79a4f67da3db34c482fb3becd6e4245"},"headline":"K-BUS sjell linj\u00ebn e par\u00eb t\u00eb autobus\u00ebve plot\u00ebsisht elektrik\u00eb n\u00eb Innsbruck","datePublished":"2026-07-02T07:38:22+00:00","mainEntityOfPage":{"@id":"https:\/\/k-bus.at\/sq\/k-bus-sjell-linjen-e-pare-te-autobuseve-plotesisht-elektrike-ne-innsbruck\/"},"wordCount":157,"image":{"@id":"https:\/\/k-bus.at\/sq\/k-bus-sjell-linjen-e-pare-te-autobuseve-plotesisht-elektrike-ne-innsbruck\/#primaryimage"},"thumbnailUrl":"https:\/\/k-bus.at\/wp-content\/uploads\/2026\/04\/20251112_071301.jpg","articleSection":["T\u00eb pakategorizuara"],"inLanguage":"sq-AL"},{"@type":"WebPage","@id":"https:\/\/k-bus.at\/sq\/k-bus-sjell-linjen-e-pare-te-autobuseve-plotesisht-elektrike-ne-innsbruck\/","url":"https:\/\/k-bus.at\/sq\/k-bus-sjell-linjen-e-pare-te-autobuseve-plotesisht-elektrike-ne-innsbruck\/","name":"K-BUS sjell linj\u00ebn e par\u00eb t\u00eb autobus\u00ebve plot\u00ebsisht elektrik\u00eb n\u00eb Innsbruck - K-Bus","isPartOf":{"@id":"https:\/\/k-bus.at\/sq\/#website"},"primaryImageOfPage":{"@id":"https:\/\/k-bus.at\/sq\/k-bus-sjell-linjen-e-pare-te-autobuseve-plotesisht-elektrike-ne-innsbruck\/#primaryimage"},"image":{"@id":"https:\/\/k-bus.at\/sq\/k-bus-sjell-linjen-e-pare-te-autobuseve-plotesisht-elektrike-ne-innsbruck\/#primaryimage"},"thumbnailUrl":"https:\/\/k-bus.at\/wp-content\/uploads\/2026\/04\/20251112_071301.jpg","datePublished":"2026-07-02T07:38:22+00:00","author":{"@id":"https:\/\/k-bus.at\/sq\/#\/schema\/person\/b79a4f67da3db34c482fb3becd6e4245"},"breadcrumb":{"@id":"https:\/\/k-bus.at\/sq\/k-bus-sjell-linjen-e-pare-te-autobuseve-plotesisht-elektrike-ne-innsbruck\/#breadcrumb"},"inLanguage":"sq-AL","potentialAction":[{"@type":"ReadAction","target":["https:\/\/k-bus.at\/sq\/k-bus-sjell-linjen-e-pare-te-autobuseve-plotesisht-elektrike-ne-innsbruck\/"]}]},{"@type":"ImageObject","inLanguage":"sq-AL","@id":"https:\/\/k-bus.at\/sq\/k-bus-sjell-linjen-e-pare-te-autobuseve-plotesisht-elektrike-ne-innsbruck\/#primaryimage","url":"https:\/\/k-bus.at\/wp-content\/uploads\/2026\/04\/20251112_071301.jpg","contentUrl":"https:\/\/k-bus.at\/wp-content\/uploads\/2026\/04\/20251112_071301.jpg","width":1280,"height":960,"caption":"KBus-Kutsenits"},{"@type":"BreadcrumbList","@id":"https:\/\/k-bus.at\/sq\/k-bus-sjell-linjen-e-pare-te-autobuseve-plotesisht-elektrike-ne-innsbruck\/#breadcrumb","itemListElement":[{"@type":"ListItem","position":1,"name":"Startseite","item":"https:\/\/k-bus.at\/sq\/k-bus-gmbh\/"},{"@type":"ListItem","position":2,"name":"K-BUS sjell linj\u00ebn e par\u00eb t\u00eb autobus\u00ebve plot\u00ebsisht elektrik\u00eb n\u00eb Innsbruck"}]},{"@type":"WebSite","@id":"https:\/\/k-bus.at\/sq\/#website","url":"https:\/\/k-bus.at\/sq\/","name":"K-Bus","description":"Smart Mobility","potentialAction":[{"@type":"SearchAction","target":{"@type":"EntryPoint","urlTemplate":"https:\/\/k-bus.at\/sq\/?s={search_term_string}"},"query-input":{"@type":"PropertyValueSpecification","valueRequired":true,"valueName":"search_term_string"}}],"inLanguage":"sq-AL"},{"@type":"Person","@id":"https:\/\/k-bus.at\/sq\/#\/schema\/person\/b79a4f67da3db34c482fb3becd6e4245","name":"Andrea Pirecki","image":{"@type":"ImageObject","inLanguage":"sq-AL","@id":"https:\/\/secure.gravatar.com\/avatar\/5e7490fdafa64acbdd60eca8c45c7de318b19f18b275b5c3183eff64bd4dd9e8?s=96&d=mm&r=g","url":"https:\/\/secure.gravatar.com\/avatar\/5e7490fdafa64acbdd60eca8c45c7de318b19f18b275b5c3183eff64bd4dd9e8?s=96&d=mm&r=g","contentUrl":"https:\/\/secure.gravatar.com\/avatar\/5e7490fdafa64acbdd60eca8c45c7de318b19f18b275b5c3183eff64bd4dd9e8?s=96&d=mm&r=g","caption":"Andrea Pirecki"}}]}},"_links":{"self":[{"href":"https:\/\/k-bus.at\/sq\/wp-json\/wp\/v2\/posts\/16368","targetHints":{"allow":["GET"]}}],"collection":[{"href":"https:\/\/k-bus.at\/sq\/wp-json\/wp\/v2\/posts"}],"about":[{"href":"https:\/\/k-bus.at\/sq\/wp-json\/wp\/v2\/types\/post"}],"author":[{"embeddable":true,"href":"https:\/\/k-bus.at\/sq\/wp-json\/wp\/v2\/users\/3"}],"replies":[{"embeddable":true,"href":"https:\/\/k-bus.at\/sq\/wp-json\/wp\/v2\/comments?post=16368"}],"version-history":[{"count":0,"href":"https:\/\/k-bus.at\/sq\/wp-json\/wp\/v2\/posts\/16368\/revisions"}],"wp:featuredmedia":[{"embeddable":true,"href":"https:\/\/k-bus.at\/sq\/wp-json\/wp\/v2\/media\/2347"}],"wp:attachment":[{"href":"https:\/\/k-bus.at\/sq\/wp-json\/wp\/v2\/media?parent=16368"}],"wp:term":[{"taxonomy":"category","embeddable":true,"href":"https:\/\/k-bus.at\/sq\/wp-json\/wp\/v2\/categories?post=16368"},{"taxonomy":"post_tag","embeddable":true,"href":"https:\/\/k-bus.at\/sq\/wp-json\/wp\/v2\/tags?post=16368"}],"curies":[{"name":"wp","href":"https:\/\/api.w.org\/{rel}","templated":true}]}}