{"id":16378,"date":"2026-07-02T09:38:27","date_gmt":"2026-07-02T07:38:27","guid":{"rendered":"https:\/\/adiznctb3b.wpdns.site\/autobuse-te-tjere-elektrike-nga-k-bus-forcojne-levizshmerine-e-qendrueshme-ne-leoben\/"},"modified":"2026-07-02T09:38:27","modified_gmt":"2026-07-02T07:38:27","slug":"autobuse-te-tjere-elektrike-nga-k-bus-forcojne-levizshmerine-e-qendrueshme-ne-leoben","status":"publish","type":"post","link":"https:\/\/k-bus.at\/sq\/autobuse-te-tjere-elektrike-nga-k-bus-forcojne-levizshmerine-e-qendrueshme-ne-leoben\/","title":{"rendered":"Autobus\u00eb t\u00eb tjer\u00eb elektrik\u00eb nga K-BUS forcojn\u00eb l\u00ebvizshm\u00ebrin\u00eb e q\u00ebndrueshme n\u00eb Leoben"},"content":{"rendered":"<p data-start=\"200\" data-end=\"584\">Elektrifikimi i transportit publik n\u00eb Leoben po p\u00ebrparon. Me dor\u00ebzimin e autobus\u00ebve t\u00eb rinj elektrik\u00eb, flota e kompanis\u00eb s\u00eb transportit komunal t\u00eb Leoben po zgjerohet strategjikisht. K\u00ebto automjete moderne do t\u00eb p\u00ebrdoren si n\u00eb sh\u00ebrbimet e rregullta t\u00eb autobus\u00ebve urban\u00eb ashtu edhe n\u00eb sh\u00ebrbimet e autobus\u00ebve sipas k\u00ebrkes\u00ebs, duke dh\u00ebn\u00eb k\u00ebshtu nj\u00eb kontribut t\u00eb r\u00ebnd\u00ebsish\u00ebm n\u00eb l\u00ebvizshm\u00ebrin\u00eb e q\u00ebndrueshme n\u00eb rajon.   <\/p>\n<p data-start=\"586\" data-end=\"782\">Gazeta rajonale MeinBezirk raporton gjithashtu p\u00ebr k\u00ebt\u00eb n\u00eb artikullin <strong data-start=\"488\" data-end=\"538\">&#8220;Forcimi i flot\u00ebs elektrike n\u00eb sh\u00ebrbimet komunale&#8221;<\/strong> . Artikulli tregon r\u00ebnd\u00ebsin\u00eb e autobus\u00ebve t\u00eb rinj elektrik\u00eb p\u00ebr qytetin e Leoben. <\/p>\n<p data-start=\"904\" data-end=\"1051\">Artikullin e plot\u00eb mund ta gjeni k\u00ebtu:<br data-start=\"949\" data-end=\"952\"\/> <a class=\"decorated-link\" href=\"https:\/\/www.meinbezirk.at\/leoben\/c-lokales\/verstaerkung-der-e-flotte-bei-den-stadtwerken_a8515549\" target=\"_new\" rel=\"noopener\" data-start=\"952\" data-end=\"1049\">https:\/\/www.meinbezirk.at\/leoben\/c-lokales\/verstaerkung-der-e-flotte-bei-den-stadtwerken_a8515549<\/a><\/p>\n","protected":false},"excerpt":{"rendered":"<p>Elektrifikimi i transportit publik n\u00eb Leoben po p\u00ebrparon. Me dor\u00ebzimin e autobus\u00ebve t\u00eb rinj elektrik\u00eb, flota e kompanis\u00eb s\u00eb transportit<\/p>\n","protected":false},"author":3,"featured_media":2314,"comment_status":"closed","ping_status":"closed","sticky":false,"template":"","format":"standard","meta":{"_acf_changed":false,"footnotes":""},"categories":[240],"tags":[],"class_list":["post-16378","post","type-post","status-publish","format-standard","has-post-thumbnail","hentry","category-te-pakategorizuara"],"acf":[],"yoast_head":"<!-- This site is optimized with the Yoast SEO plugin v28.0 - https:\/\/yoast.com\/product\/yoast-seo-wordpress\/ -->\n<title>Autobus\u00eb t\u00eb tjer\u00eb elektrik\u00eb nga K-BUS forcojn\u00eb l\u00ebvizshm\u00ebrin\u00eb e q\u00ebndrueshme n\u00eb Leoben - K-Bus<\/title>\n<meta name=\"robots\" content=\"index, follow, max-snippet:-1, max-image-preview:large, max-video-preview:-1\" \/>\n<link rel=\"canonical\" href=\"https:\/\/k-bus.at\/sq\/autobuse-te-tjere-elektrike-nga-k-bus-forcojne-levizshmerine-e-qendrueshme-ne-leoben\/\" \/>\n<meta property=\"og:locale\" content=\"sq_AL\" \/>\n<meta property=\"og:type\" content=\"article\" \/>\n<meta property=\"og:title\" content=\"Autobus\u00eb t\u00eb tjer\u00eb elektrik\u00eb nga K-BUS forcojn\u00eb l\u00ebvizshm\u00ebrin\u00eb e q\u00ebndrueshme n\u00eb Leoben - K-Bus\" \/>\n<meta property=\"og:description\" content=\"Elektrifikimi i transportit publik n\u00eb Leoben po p\u00ebrparon. Me dor\u00ebzimin e autobus\u00ebve t\u00eb rinj elektrik\u00eb, flota e kompanis\u00eb s\u00eb transportit\" \/>\n<meta property=\"og:url\" content=\"https:\/\/k-bus.at\/sq\/autobuse-te-tjere-elektrike-nga-k-bus-forcojne-levizshmerine-e-qendrueshme-ne-leoben\/\" \/>\n<meta property=\"og:site_name\" content=\"K-Bus\" \/>\n<meta property=\"article:published_time\" content=\"2026-07-02T07:38:27+00:00\" \/>\n<meta property=\"og:image\" content=\"https:\/\/k-bus.at\/wp-content\/uploads\/2026\/04\/20260310_1016140-scaled-e1775804841780.jpg\" \/>\n\t<meta property=\"og:image:width\" content=\"2560\" \/>\n\t<meta property=\"og:image:height\" content=\"1920\" \/>\n\t<meta property=\"og:image:type\" content=\"image\/jpeg\" \/>\n<meta name=\"author\" content=\"Andrea Pirecki\" \/>\n<meta name=\"twitter:card\" content=\"summary_large_image\" \/>\n<meta name=\"twitter:label1\" content=\"Written by\" \/>\n\t<meta name=\"twitter:data1\" content=\"Andrea Pirecki\" \/>\n\t<meta name=\"twitter:label2\" content=\"Est. reading time\" \/>\n\t<meta name=\"twitter:data2\" content=\"1 minute\" \/>\n<script type=\"application\/ld+json\" class=\"yoast-schema-graph\">{\"@context\":\"https:\\\/\\\/schema.org\",\"@graph\":[{\"@type\":\"Article\",\"@id\":\"https:\\\/\\\/k-bus.at\\\/sq\\\/autobuse-te-tjere-elektrike-nga-k-bus-forcojne-levizshmerine-e-qendrueshme-ne-leoben\\\/#article\",\"isPartOf\":{\"@id\":\"https:\\\/\\\/k-bus.at\\\/sq\\\/autobuse-te-tjere-elektrike-nga-k-bus-forcojne-levizshmerine-e-qendrueshme-ne-leoben\\\/\"},\"author\":{\"name\":\"Andrea Pirecki\",\"@id\":\"https:\\\/\\\/k-bus.at\\\/sq\\\/#\\\/schema\\\/person\\\/b79a4f67da3db34c482fb3becd6e4245\"},\"headline\":\"Autobus\u00eb t\u00eb tjer\u00eb elektrik\u00eb nga K-BUS forcojn\u00eb l\u00ebvizshm\u00ebrin\u00eb e q\u00ebndrueshme n\u00eb Leoben\",\"datePublished\":\"2026-07-02T07:38:27+00:00\",\"mainEntityOfPage\":{\"@id\":\"https:\\\/\\\/k-bus.at\\\/sq\\\/autobuse-te-tjere-elektrike-nga-k-bus-forcojne-levizshmerine-e-qendrueshme-ne-leoben\\\/\"},\"wordCount\":147,\"image\":{\"@id\":\"https:\\\/\\\/k-bus.at\\\/sq\\\/autobuse-te-tjere-elektrike-nga-k-bus-forcojne-levizshmerine-e-qendrueshme-ne-leoben\\\/#primaryimage\"},\"thumbnailUrl\":\"https:\\\/\\\/k-bus.at\\\/wp-content\\\/uploads\\\/2026\\\/04\\\/20260310_1016140-scaled.jpg\",\"articleSection\":[\"T\u00eb pakategorizuara\"],\"inLanguage\":\"sq-AL\"},{\"@type\":\"WebPage\",\"@id\":\"https:\\\/\\\/k-bus.at\\\/sq\\\/autobuse-te-tjere-elektrike-nga-k-bus-forcojne-levizshmerine-e-qendrueshme-ne-leoben\\\/\",\"url\":\"https:\\\/\\\/k-bus.at\\\/sq\\\/autobuse-te-tjere-elektrike-nga-k-bus-forcojne-levizshmerine-e-qendrueshme-ne-leoben\\\/\",\"name\":\"Autobus\u00eb t\u00eb tjer\u00eb elektrik\u00eb nga K-BUS forcojn\u00eb l\u00ebvizshm\u00ebrin\u00eb e q\u00ebndrueshme n\u00eb Leoben - K-Bus\",\"isPartOf\":{\"@id\":\"https:\\\/\\\/k-bus.at\\\/sq\\\/#website\"},\"primaryImageOfPage\":{\"@id\":\"https:\\\/\\\/k-bus.at\\\/sq\\\/autobuse-te-tjere-elektrike-nga-k-bus-forcojne-levizshmerine-e-qendrueshme-ne-leoben\\\/#primaryimage\"},\"image\":{\"@id\":\"https:\\\/\\\/k-bus.at\\\/sq\\\/autobuse-te-tjere-elektrike-nga-k-bus-forcojne-levizshmerine-e-qendrueshme-ne-leoben\\\/#primaryimage\"},\"thumbnailUrl\":\"https:\\\/\\\/k-bus.at\\\/wp-content\\\/uploads\\\/2026\\\/04\\\/20260310_1016140-scaled.jpg\",\"datePublished\":\"2026-07-02T07:38:27+00:00\",\"author\":{\"@id\":\"https:\\\/\\\/k-bus.at\\\/sq\\\/#\\\/schema\\\/person\\\/b79a4f67da3db34c482fb3becd6e4245\"},\"breadcrumb\":{\"@id\":\"https:\\\/\\\/k-bus.at\\\/sq\\\/autobuse-te-tjere-elektrike-nga-k-bus-forcojne-levizshmerine-e-qendrueshme-ne-leoben\\\/#breadcrumb\"},\"inLanguage\":\"sq-AL\",\"potentialAction\":[{\"@type\":\"ReadAction\",\"target\":[\"https:\\\/\\\/k-bus.at\\\/sq\\\/autobuse-te-tjere-elektrike-nga-k-bus-forcojne-levizshmerine-e-qendrueshme-ne-leoben\\\/\"]}]},{\"@type\":\"ImageObject\",\"inLanguage\":\"sq-AL\",\"@id\":\"https:\\\/\\\/k-bus.at\\\/sq\\\/autobuse-te-tjere-elektrike-nga-k-bus-forcojne-levizshmerine-e-qendrueshme-ne-leoben\\\/#primaryimage\",\"url\":\"https:\\\/\\\/k-bus.at\\\/wp-content\\\/uploads\\\/2026\\\/04\\\/20260310_1016140-scaled.jpg\",\"contentUrl\":\"https:\\\/\\\/k-bus.at\\\/wp-content\\\/uploads\\\/2026\\\/04\\\/20260310_1016140-scaled.jpg\",\"width\":2560,\"height\":1920,\"caption\":\"KBus-Kutsenits\"},{\"@type\":\"BreadcrumbList\",\"@id\":\"https:\\\/\\\/k-bus.at\\\/sq\\\/autobuse-te-tjere-elektrike-nga-k-bus-forcojne-levizshmerine-e-qendrueshme-ne-leoben\\\/#breadcrumb\",\"itemListElement\":[{\"@type\":\"ListItem\",\"position\":1,\"name\":\"Startseite\",\"item\":\"https:\\\/\\\/k-bus.at\\\/sq\\\/k-bus-gmbh\\\/\"},{\"@type\":\"ListItem\",\"position\":2,\"name\":\"Autobus\u00eb t\u00eb tjer\u00eb elektrik\u00eb nga K-BUS forcojn\u00eb l\u00ebvizshm\u00ebrin\u00eb e q\u00ebndrueshme n\u00eb Leoben\"}]},{\"@type\":\"WebSite\",\"@id\":\"https:\\\/\\\/k-bus.at\\\/sq\\\/#website\",\"url\":\"https:\\\/\\\/k-bus.at\\\/sq\\\/\",\"name\":\"K-Bus\",\"description\":\"Smart Mobility\",\"potentialAction\":[{\"@type\":\"SearchAction\",\"target\":{\"@type\":\"EntryPoint\",\"urlTemplate\":\"https:\\\/\\\/k-bus.at\\\/sq\\\/?s={search_term_string}\"},\"query-input\":{\"@type\":\"PropertyValueSpecification\",\"valueRequired\":true,\"valueName\":\"search_term_string\"}}],\"inLanguage\":\"sq-AL\"},{\"@type\":\"Person\",\"@id\":\"https:\\\/\\\/k-bus.at\\\/sq\\\/#\\\/schema\\\/person\\\/b79a4f67da3db34c482fb3becd6e4245\",\"name\":\"Andrea Pirecki\",\"image\":{\"@type\":\"ImageObject\",\"inLanguage\":\"sq-AL\",\"@id\":\"https:\\\/\\\/secure.gravatar.com\\\/avatar\\\/5e7490fdafa64acbdd60eca8c45c7de318b19f18b275b5c3183eff64bd4dd9e8?s=96&d=mm&r=g\",\"url\":\"https:\\\/\\\/secure.gravatar.com\\\/avatar\\\/5e7490fdafa64acbdd60eca8c45c7de318b19f18b275b5c3183eff64bd4dd9e8?s=96&d=mm&r=g\",\"contentUrl\":\"https:\\\/\\\/secure.gravatar.com\\\/avatar\\\/5e7490fdafa64acbdd60eca8c45c7de318b19f18b275b5c3183eff64bd4dd9e8?s=96&d=mm&r=g\",\"caption\":\"Andrea Pirecki\"}}]}<\/script>\n<!-- \/ Yoast SEO plugin. -->","yoast_head_json":{"title":"Autobus\u00eb t\u00eb tjer\u00eb elektrik\u00eb nga K-BUS forcojn\u00eb l\u00ebvizshm\u00ebrin\u00eb e q\u00ebndrueshme n\u00eb Leoben - K-Bus","robots":{"index":"index","follow":"follow","max-snippet":"max-snippet:-1","max-image-preview":"max-image-preview:large","max-video-preview":"max-video-preview:-1"},"canonical":"https:\/\/k-bus.at\/sq\/autobuse-te-tjere-elektrike-nga-k-bus-forcojne-levizshmerine-e-qendrueshme-ne-leoben\/","og_locale":"sq_AL","og_type":"article","og_title":"Autobus\u00eb t\u00eb tjer\u00eb elektrik\u00eb nga K-BUS forcojn\u00eb l\u00ebvizshm\u00ebrin\u00eb e q\u00ebndrueshme n\u00eb Leoben - K-Bus","og_description":"Elektrifikimi i transportit publik n\u00eb Leoben po p\u00ebrparon. Me dor\u00ebzimin e autobus\u00ebve t\u00eb rinj elektrik\u00eb, flota e kompanis\u00eb s\u00eb transportit","og_url":"https:\/\/k-bus.at\/sq\/autobuse-te-tjere-elektrike-nga-k-bus-forcojne-levizshmerine-e-qendrueshme-ne-leoben\/","og_site_name":"K-Bus","article_published_time":"2026-07-02T07:38:27+00:00","og_image":[{"width":2560,"height":1920,"url":"https:\/\/k-bus.at\/wp-content\/uploads\/2026\/04\/20260310_1016140-scaled-e1775804841780.jpg","type":"image\/jpeg"}],"author":"Andrea Pirecki","twitter_card":"summary_large_image","twitter_misc":{"Written by":"Andrea Pirecki","Est. reading time":"1 minute"},"schema":{"@context":"https:\/\/schema.org","@graph":[{"@type":"Article","@id":"https:\/\/k-bus.at\/sq\/autobuse-te-tjere-elektrike-nga-k-bus-forcojne-levizshmerine-e-qendrueshme-ne-leoben\/#article","isPartOf":{"@id":"https:\/\/k-bus.at\/sq\/autobuse-te-tjere-elektrike-nga-k-bus-forcojne-levizshmerine-e-qendrueshme-ne-leoben\/"},"author":{"name":"Andrea Pirecki","@id":"https:\/\/k-bus.at\/sq\/#\/schema\/person\/b79a4f67da3db34c482fb3becd6e4245"},"headline":"Autobus\u00eb t\u00eb tjer\u00eb elektrik\u00eb nga K-BUS forcojn\u00eb l\u00ebvizshm\u00ebrin\u00eb e q\u00ebndrueshme n\u00eb Leoben","datePublished":"2026-07-02T07:38:27+00:00","mainEntityOfPage":{"@id":"https:\/\/k-bus.at\/sq\/autobuse-te-tjere-elektrike-nga-k-bus-forcojne-levizshmerine-e-qendrueshme-ne-leoben\/"},"wordCount":147,"image":{"@id":"https:\/\/k-bus.at\/sq\/autobuse-te-tjere-elektrike-nga-k-bus-forcojne-levizshmerine-e-qendrueshme-ne-leoben\/#primaryimage"},"thumbnailUrl":"https:\/\/k-bus.at\/wp-content\/uploads\/2026\/04\/20260310_1016140-scaled.jpg","articleSection":["T\u00eb pakategorizuara"],"inLanguage":"sq-AL"},{"@type":"WebPage","@id":"https:\/\/k-bus.at\/sq\/autobuse-te-tjere-elektrike-nga-k-bus-forcojne-levizshmerine-e-qendrueshme-ne-leoben\/","url":"https:\/\/k-bus.at\/sq\/autobuse-te-tjere-elektrike-nga-k-bus-forcojne-levizshmerine-e-qendrueshme-ne-leoben\/","name":"Autobus\u00eb t\u00eb tjer\u00eb elektrik\u00eb nga K-BUS forcojn\u00eb l\u00ebvizshm\u00ebrin\u00eb e q\u00ebndrueshme n\u00eb Leoben - K-Bus","isPartOf":{"@id":"https:\/\/k-bus.at\/sq\/#website"},"primaryImageOfPage":{"@id":"https:\/\/k-bus.at\/sq\/autobuse-te-tjere-elektrike-nga-k-bus-forcojne-levizshmerine-e-qendrueshme-ne-leoben\/#primaryimage"},"image":{"@id":"https:\/\/k-bus.at\/sq\/autobuse-te-tjere-elektrike-nga-k-bus-forcojne-levizshmerine-e-qendrueshme-ne-leoben\/#primaryimage"},"thumbnailUrl":"https:\/\/k-bus.at\/wp-content\/uploads\/2026\/04\/20260310_1016140-scaled.jpg","datePublished":"2026-07-02T07:38:27+00:00","author":{"@id":"https:\/\/k-bus.at\/sq\/#\/schema\/person\/b79a4f67da3db34c482fb3becd6e4245"},"breadcrumb":{"@id":"https:\/\/k-bus.at\/sq\/autobuse-te-tjere-elektrike-nga-k-bus-forcojne-levizshmerine-e-qendrueshme-ne-leoben\/#breadcrumb"},"inLanguage":"sq-AL","potentialAction":[{"@type":"ReadAction","target":["https:\/\/k-bus.at\/sq\/autobuse-te-tjere-elektrike-nga-k-bus-forcojne-levizshmerine-e-qendrueshme-ne-leoben\/"]}]},{"@type":"ImageObject","inLanguage":"sq-AL","@id":"https:\/\/k-bus.at\/sq\/autobuse-te-tjere-elektrike-nga-k-bus-forcojne-levizshmerine-e-qendrueshme-ne-leoben\/#primaryimage","url":"https:\/\/k-bus.at\/wp-content\/uploads\/2026\/04\/20260310_1016140-scaled.jpg","contentUrl":"https:\/\/k-bus.at\/wp-content\/uploads\/2026\/04\/20260310_1016140-scaled.jpg","width":2560,"height":1920,"caption":"KBus-Kutsenits"},{"@type":"BreadcrumbList","@id":"https:\/\/k-bus.at\/sq\/autobuse-te-tjere-elektrike-nga-k-bus-forcojne-levizshmerine-e-qendrueshme-ne-leoben\/#breadcrumb","itemListElement":[{"@type":"ListItem","position":1,"name":"Startseite","item":"https:\/\/k-bus.at\/sq\/k-bus-gmbh\/"},{"@type":"ListItem","position":2,"name":"Autobus\u00eb t\u00eb tjer\u00eb elektrik\u00eb nga K-BUS forcojn\u00eb l\u00ebvizshm\u00ebrin\u00eb e q\u00ebndrueshme n\u00eb Leoben"}]},{"@type":"WebSite","@id":"https:\/\/k-bus.at\/sq\/#website","url":"https:\/\/k-bus.at\/sq\/","name":"K-Bus","description":"Smart Mobility","potentialAction":[{"@type":"SearchAction","target":{"@type":"EntryPoint","urlTemplate":"https:\/\/k-bus.at\/sq\/?s={search_term_string}"},"query-input":{"@type":"PropertyValueSpecification","valueRequired":true,"valueName":"search_term_string"}}],"inLanguage":"sq-AL"},{"@type":"Person","@id":"https:\/\/k-bus.at\/sq\/#\/schema\/person\/b79a4f67da3db34c482fb3becd6e4245","name":"Andrea Pirecki","image":{"@type":"ImageObject","inLanguage":"sq-AL","@id":"https:\/\/secure.gravatar.com\/avatar\/5e7490fdafa64acbdd60eca8c45c7de318b19f18b275b5c3183eff64bd4dd9e8?s=96&d=mm&r=g","url":"https:\/\/secure.gravatar.com\/avatar\/5e7490fdafa64acbdd60eca8c45c7de318b19f18b275b5c3183eff64bd4dd9e8?s=96&d=mm&r=g","contentUrl":"https:\/\/secure.gravatar.com\/avatar\/5e7490fdafa64acbdd60eca8c45c7de318b19f18b275b5c3183eff64bd4dd9e8?s=96&d=mm&r=g","caption":"Andrea Pirecki"}}]}},"_links":{"self":[{"href":"https:\/\/k-bus.at\/sq\/wp-json\/wp\/v2\/posts\/16378","targetHints":{"allow":["GET"]}}],"collection":[{"href":"https:\/\/k-bus.at\/sq\/wp-json\/wp\/v2\/posts"}],"about":[{"href":"https:\/\/k-bus.at\/sq\/wp-json\/wp\/v2\/types\/post"}],"author":[{"embeddable":true,"href":"https:\/\/k-bus.at\/sq\/wp-json\/wp\/v2\/users\/3"}],"replies":[{"embeddable":true,"href":"https:\/\/k-bus.at\/sq\/wp-json\/wp\/v2\/comments?post=16378"}],"version-history":[{"count":0,"href":"https:\/\/k-bus.at\/sq\/wp-json\/wp\/v2\/posts\/16378\/revisions"}],"wp:featuredmedia":[{"embeddable":true,"href":"https:\/\/k-bus.at\/sq\/wp-json\/wp\/v2\/media\/2314"}],"wp:attachment":[{"href":"https:\/\/k-bus.at\/sq\/wp-json\/wp\/v2\/media?parent=16378"}],"wp:term":[{"taxonomy":"category","embeddable":true,"href":"https:\/\/k-bus.at\/sq\/wp-json\/wp\/v2\/categories?post=16378"},{"taxonomy":"post_tag","embeddable":true,"href":"https:\/\/k-bus.at\/sq\/wp-json\/wp\/v2\/tags?post=16378"}],"curies":[{"name":"wp","href":"https:\/\/api.w.org\/{rel}","templated":true}]}}