{"id":16388,"date":"2026-07-02T09:38:32","date_gmt":"2026-07-02T07:38:32","guid":{"rendered":"https:\/\/adiznctb3b.wpdns.site\/autobusi-i-pare-elektrik-me-nje-dizajn-te-ri-nga-k-bus-per-kapfenberg\/"},"modified":"2026-07-02T09:38:32","modified_gmt":"2026-07-02T07:38:32","slug":"autobusi-i-pare-elektrik-me-nje-dizajn-te-ri-nga-k-bus-per-kapfenberg","status":"publish","type":"post","link":"https:\/\/k-bus.at\/sq\/autobusi-i-pare-elektrik-me-nje-dizajn-te-ri-nga-k-bus-per-kapfenberg\/","title":{"rendered":"Autobusi i par\u00eb elektrik me nj\u00eb dizajn t\u00eb ri nga K-BUS p\u00ebr Kapfenberg"},"content":{"rendered":"<p data-start=\"176\" data-end=\"399\">K-BUS ka k\u00ebnaq\u00ebsin\u00eb t\u00eb njoftoj\u00eb vendosjen me sukses t\u00eb autobusit t\u00eb saj t\u00eb par\u00eb elektrik n\u00eb dizajnin e tij t\u00eb ri. Mjeti inovativ tani \u00ebsht\u00eb n\u00eb operim n\u00eb Kapfenberg dhe p\u00ebrfaq\u00ebson l\u00ebvizshm\u00ebrin\u00eb moderne dhe t\u00eb q\u00ebndrueshme n\u00eb rajon. <\/p>\n<p data-start=\"401\" data-end=\"653\">Gazeta rajonale <span class=\"hover:entity-accent entity-underline inline cursor-pointer align-baseline\"><span class=\"whitespace-normal\">MeinBezirk<\/span><\/span> gjithashtu raporton gjer\u00ebsisht mbi projektin n\u00eb nj\u00eb artikull t\u00eb koh\u00ebve t\u00eb fundit n\u00eb internet. Artikulli thekson si karakteristikat teknike ashtu edhe r\u00ebnd\u00ebsin\u00eb e autobusit elektrik p\u00ebr rajonin. <\/p>\n<p data-start=\"655\" data-end=\"820\">Artikullin e plot\u00eb mund ta gjeni k\u00ebtu:<br data-start=\"700\" data-end=\"703\"\/> <a class=\"decorated-link\" href=\"https:\/\/www.meinbezirk.at\/bruck-an-der-mur\/c-wirtschaft\/erster-e-bus-mit-neuem-design-rollt-durch-kapfenberg_a8455460\" target=\"_new\" rel=\"noopener\" data-start=\"703\" data-end=\"820\">https:\/\/www.meinbezirk.at\/bruck-an-der-mur\/c-wirtschaft\/erster-e-bus-mit-neuem-design-rollt-durch-kapfenberg_a8455460<\/a><\/p>\n","protected":false},"excerpt":{"rendered":"<p>K-BUS ka k\u00ebnaq\u00ebsin\u00eb t\u00eb njoftoj\u00eb vendosjen me sukses t\u00eb autobusit t\u00eb saj t\u00eb par\u00eb elektrik n\u00eb dizajnin e tij t\u00eb<\/p>\n","protected":false},"author":3,"featured_media":2379,"comment_status":"closed","ping_status":"closed","sticky":false,"template":"","format":"standard","meta":{"_acf_changed":false,"footnotes":""},"categories":[240],"tags":[],"class_list":["post-16388","post","type-post","status-publish","format-standard","has-post-thumbnail","hentry","category-te-pakategorizuara"],"acf":[],"yoast_head":"<!-- This site is optimized with the Yoast SEO plugin v28.0 - https:\/\/yoast.com\/product\/yoast-seo-wordpress\/ -->\n<title>Autobusi i par\u00eb elektrik me nj\u00eb dizajn t\u00eb ri nga K-BUS p\u00ebr Kapfenberg - K-Bus<\/title>\n<meta name=\"robots\" content=\"index, follow, max-snippet:-1, max-image-preview:large, max-video-preview:-1\" \/>\n<link rel=\"canonical\" href=\"https:\/\/k-bus.at\/sq\/autobusi-i-pare-elektrik-me-nje-dizajn-te-ri-nga-k-bus-per-kapfenberg\/\" \/>\n<meta property=\"og:locale\" content=\"sq_AL\" \/>\n<meta property=\"og:type\" content=\"article\" \/>\n<meta property=\"og:title\" content=\"Autobusi i par\u00eb elektrik me nj\u00eb dizajn t\u00eb ri nga K-BUS p\u00ebr Kapfenberg - K-Bus\" \/>\n<meta property=\"og:description\" content=\"K-BUS ka k\u00ebnaq\u00ebsin\u00eb t\u00eb njoftoj\u00eb vendosjen me sukses t\u00eb autobusit t\u00eb saj t\u00eb par\u00eb elektrik n\u00eb dizajnin e tij t\u00eb\" \/>\n<meta property=\"og:url\" content=\"https:\/\/k-bus.at\/sq\/autobusi-i-pare-elektrik-me-nje-dizajn-te-ri-nga-k-bus-per-kapfenberg\/\" \/>\n<meta property=\"og:site_name\" content=\"K-Bus\" \/>\n<meta property=\"article:published_time\" content=\"2026-07-02T07:38:32+00:00\" \/>\n<meta property=\"og:image\" content=\"https:\/\/k-bus.at\/wp-content\/uploads\/2026\/03\/Muerztaler-scaled-e1775812594961.jpg\" \/>\n\t<meta property=\"og:image:width\" content=\"2560\" \/>\n\t<meta property=\"og:image:height\" content=\"1920\" \/>\n\t<meta property=\"og:image:type\" content=\"image\/jpeg\" \/>\n<meta name=\"author\" content=\"Andrea Pirecki\" \/>\n<meta name=\"twitter:card\" content=\"summary_large_image\" \/>\n<meta name=\"twitter:label1\" content=\"Written by\" \/>\n\t<meta name=\"twitter:data1\" content=\"Andrea Pirecki\" \/>\n<script type=\"application\/ld+json\" class=\"yoast-schema-graph\">{\"@context\":\"https:\\\/\\\/schema.org\",\"@graph\":[{\"@type\":\"Article\",\"@id\":\"https:\\\/\\\/k-bus.at\\\/sq\\\/autobusi-i-pare-elektrik-me-nje-dizajn-te-ri-nga-k-bus-per-kapfenberg\\\/#article\",\"isPartOf\":{\"@id\":\"https:\\\/\\\/k-bus.at\\\/sq\\\/autobusi-i-pare-elektrik-me-nje-dizajn-te-ri-nga-k-bus-per-kapfenberg\\\/\"},\"author\":{\"name\":\"Andrea Pirecki\",\"@id\":\"https:\\\/\\\/k-bus.at\\\/sq\\\/#\\\/schema\\\/person\\\/b79a4f67da3db34c482fb3becd6e4245\"},\"headline\":\"Autobusi i par\u00eb elektrik me nj\u00eb dizajn t\u00eb ri nga K-BUS p\u00ebr Kapfenberg\",\"datePublished\":\"2026-07-02T07:38:32+00:00\",\"mainEntityOfPage\":{\"@id\":\"https:\\\/\\\/k-bus.at\\\/sq\\\/autobusi-i-pare-elektrik-me-nje-dizajn-te-ri-nga-k-bus-per-kapfenberg\\\/\"},\"wordCount\":110,\"image\":{\"@id\":\"https:\\\/\\\/k-bus.at\\\/sq\\\/autobusi-i-pare-elektrik-me-nje-dizajn-te-ri-nga-k-bus-per-kapfenberg\\\/#primaryimage\"},\"thumbnailUrl\":\"https:\\\/\\\/k-bus.at\\\/wp-content\\\/uploads\\\/2026\\\/03\\\/Muerztaler-scaled.jpg\",\"articleSection\":[\"T\u00eb pakategorizuara\"],\"inLanguage\":\"sq-AL\"},{\"@type\":\"WebPage\",\"@id\":\"https:\\\/\\\/k-bus.at\\\/sq\\\/autobusi-i-pare-elektrik-me-nje-dizajn-te-ri-nga-k-bus-per-kapfenberg\\\/\",\"url\":\"https:\\\/\\\/k-bus.at\\\/sq\\\/autobusi-i-pare-elektrik-me-nje-dizajn-te-ri-nga-k-bus-per-kapfenberg\\\/\",\"name\":\"Autobusi i par\u00eb elektrik me nj\u00eb dizajn t\u00eb ri nga K-BUS p\u00ebr Kapfenberg - K-Bus\",\"isPartOf\":{\"@id\":\"https:\\\/\\\/k-bus.at\\\/sq\\\/#website\"},\"primaryImageOfPage\":{\"@id\":\"https:\\\/\\\/k-bus.at\\\/sq\\\/autobusi-i-pare-elektrik-me-nje-dizajn-te-ri-nga-k-bus-per-kapfenberg\\\/#primaryimage\"},\"image\":{\"@id\":\"https:\\\/\\\/k-bus.at\\\/sq\\\/autobusi-i-pare-elektrik-me-nje-dizajn-te-ri-nga-k-bus-per-kapfenberg\\\/#primaryimage\"},\"thumbnailUrl\":\"https:\\\/\\\/k-bus.at\\\/wp-content\\\/uploads\\\/2026\\\/03\\\/Muerztaler-scaled.jpg\",\"datePublished\":\"2026-07-02T07:38:32+00:00\",\"author\":{\"@id\":\"https:\\\/\\\/k-bus.at\\\/sq\\\/#\\\/schema\\\/person\\\/b79a4f67da3db34c482fb3becd6e4245\"},\"breadcrumb\":{\"@id\":\"https:\\\/\\\/k-bus.at\\\/sq\\\/autobusi-i-pare-elektrik-me-nje-dizajn-te-ri-nga-k-bus-per-kapfenberg\\\/#breadcrumb\"},\"inLanguage\":\"sq-AL\",\"potentialAction\":[{\"@type\":\"ReadAction\",\"target\":[\"https:\\\/\\\/k-bus.at\\\/sq\\\/autobusi-i-pare-elektrik-me-nje-dizajn-te-ri-nga-k-bus-per-kapfenberg\\\/\"]}]},{\"@type\":\"ImageObject\",\"inLanguage\":\"sq-AL\",\"@id\":\"https:\\\/\\\/k-bus.at\\\/sq\\\/autobusi-i-pare-elektrik-me-nje-dizajn-te-ri-nga-k-bus-per-kapfenberg\\\/#primaryimage\",\"url\":\"https:\\\/\\\/k-bus.at\\\/wp-content\\\/uploads\\\/2026\\\/03\\\/Muerztaler-scaled.jpg\",\"contentUrl\":\"https:\\\/\\\/k-bus.at\\\/wp-content\\\/uploads\\\/2026\\\/03\\\/Muerztaler-scaled.jpg\",\"width\":2560,\"height\":1920},{\"@type\":\"BreadcrumbList\",\"@id\":\"https:\\\/\\\/k-bus.at\\\/sq\\\/autobusi-i-pare-elektrik-me-nje-dizajn-te-ri-nga-k-bus-per-kapfenberg\\\/#breadcrumb\",\"itemListElement\":[{\"@type\":\"ListItem\",\"position\":1,\"name\":\"Startseite\",\"item\":\"https:\\\/\\\/k-bus.at\\\/sq\\\/k-bus-gmbh\\\/\"},{\"@type\":\"ListItem\",\"position\":2,\"name\":\"Autobusi i par\u00eb elektrik me nj\u00eb dizajn t\u00eb ri nga K-BUS p\u00ebr Kapfenberg\"}]},{\"@type\":\"WebSite\",\"@id\":\"https:\\\/\\\/k-bus.at\\\/sq\\\/#website\",\"url\":\"https:\\\/\\\/k-bus.at\\\/sq\\\/\",\"name\":\"K-Bus\",\"description\":\"Smart Mobility\",\"potentialAction\":[{\"@type\":\"SearchAction\",\"target\":{\"@type\":\"EntryPoint\",\"urlTemplate\":\"https:\\\/\\\/k-bus.at\\\/sq\\\/?s={search_term_string}\"},\"query-input\":{\"@type\":\"PropertyValueSpecification\",\"valueRequired\":true,\"valueName\":\"search_term_string\"}}],\"inLanguage\":\"sq-AL\"},{\"@type\":\"Person\",\"@id\":\"https:\\\/\\\/k-bus.at\\\/sq\\\/#\\\/schema\\\/person\\\/b79a4f67da3db34c482fb3becd6e4245\",\"name\":\"Andrea Pirecki\",\"image\":{\"@type\":\"ImageObject\",\"inLanguage\":\"sq-AL\",\"@id\":\"https:\\\/\\\/secure.gravatar.com\\\/avatar\\\/5e7490fdafa64acbdd60eca8c45c7de318b19f18b275b5c3183eff64bd4dd9e8?s=96&d=mm&r=g\",\"url\":\"https:\\\/\\\/secure.gravatar.com\\\/avatar\\\/5e7490fdafa64acbdd60eca8c45c7de318b19f18b275b5c3183eff64bd4dd9e8?s=96&d=mm&r=g\",\"contentUrl\":\"https:\\\/\\\/secure.gravatar.com\\\/avatar\\\/5e7490fdafa64acbdd60eca8c45c7de318b19f18b275b5c3183eff64bd4dd9e8?s=96&d=mm&r=g\",\"caption\":\"Andrea Pirecki\"}}]}<\/script>\n<!-- \/ Yoast SEO plugin. -->","yoast_head_json":{"title":"Autobusi i par\u00eb elektrik me nj\u00eb dizajn t\u00eb ri nga K-BUS p\u00ebr Kapfenberg - K-Bus","robots":{"index":"index","follow":"follow","max-snippet":"max-snippet:-1","max-image-preview":"max-image-preview:large","max-video-preview":"max-video-preview:-1"},"canonical":"https:\/\/k-bus.at\/sq\/autobusi-i-pare-elektrik-me-nje-dizajn-te-ri-nga-k-bus-per-kapfenberg\/","og_locale":"sq_AL","og_type":"article","og_title":"Autobusi i par\u00eb elektrik me nj\u00eb dizajn t\u00eb ri nga K-BUS p\u00ebr Kapfenberg - K-Bus","og_description":"K-BUS ka k\u00ebnaq\u00ebsin\u00eb t\u00eb njoftoj\u00eb vendosjen me sukses t\u00eb autobusit t\u00eb saj t\u00eb par\u00eb elektrik n\u00eb dizajnin e tij t\u00eb","og_url":"https:\/\/k-bus.at\/sq\/autobusi-i-pare-elektrik-me-nje-dizajn-te-ri-nga-k-bus-per-kapfenberg\/","og_site_name":"K-Bus","article_published_time":"2026-07-02T07:38:32+00:00","og_image":[{"width":2560,"height":1920,"url":"https:\/\/k-bus.at\/wp-content\/uploads\/2026\/03\/Muerztaler-scaled-e1775812594961.jpg","type":"image\/jpeg"}],"author":"Andrea Pirecki","twitter_card":"summary_large_image","twitter_misc":{"Written by":"Andrea Pirecki"},"schema":{"@context":"https:\/\/schema.org","@graph":[{"@type":"Article","@id":"https:\/\/k-bus.at\/sq\/autobusi-i-pare-elektrik-me-nje-dizajn-te-ri-nga-k-bus-per-kapfenberg\/#article","isPartOf":{"@id":"https:\/\/k-bus.at\/sq\/autobusi-i-pare-elektrik-me-nje-dizajn-te-ri-nga-k-bus-per-kapfenberg\/"},"author":{"name":"Andrea Pirecki","@id":"https:\/\/k-bus.at\/sq\/#\/schema\/person\/b79a4f67da3db34c482fb3becd6e4245"},"headline":"Autobusi i par\u00eb elektrik me nj\u00eb dizajn t\u00eb ri nga K-BUS p\u00ebr Kapfenberg","datePublished":"2026-07-02T07:38:32+00:00","mainEntityOfPage":{"@id":"https:\/\/k-bus.at\/sq\/autobusi-i-pare-elektrik-me-nje-dizajn-te-ri-nga-k-bus-per-kapfenberg\/"},"wordCount":110,"image":{"@id":"https:\/\/k-bus.at\/sq\/autobusi-i-pare-elektrik-me-nje-dizajn-te-ri-nga-k-bus-per-kapfenberg\/#primaryimage"},"thumbnailUrl":"https:\/\/k-bus.at\/wp-content\/uploads\/2026\/03\/Muerztaler-scaled.jpg","articleSection":["T\u00eb pakategorizuara"],"inLanguage":"sq-AL"},{"@type":"WebPage","@id":"https:\/\/k-bus.at\/sq\/autobusi-i-pare-elektrik-me-nje-dizajn-te-ri-nga-k-bus-per-kapfenberg\/","url":"https:\/\/k-bus.at\/sq\/autobusi-i-pare-elektrik-me-nje-dizajn-te-ri-nga-k-bus-per-kapfenberg\/","name":"Autobusi i par\u00eb elektrik me nj\u00eb dizajn t\u00eb ri nga K-BUS p\u00ebr Kapfenberg - K-Bus","isPartOf":{"@id":"https:\/\/k-bus.at\/sq\/#website"},"primaryImageOfPage":{"@id":"https:\/\/k-bus.at\/sq\/autobusi-i-pare-elektrik-me-nje-dizajn-te-ri-nga-k-bus-per-kapfenberg\/#primaryimage"},"image":{"@id":"https:\/\/k-bus.at\/sq\/autobusi-i-pare-elektrik-me-nje-dizajn-te-ri-nga-k-bus-per-kapfenberg\/#primaryimage"},"thumbnailUrl":"https:\/\/k-bus.at\/wp-content\/uploads\/2026\/03\/Muerztaler-scaled.jpg","datePublished":"2026-07-02T07:38:32+00:00","author":{"@id":"https:\/\/k-bus.at\/sq\/#\/schema\/person\/b79a4f67da3db34c482fb3becd6e4245"},"breadcrumb":{"@id":"https:\/\/k-bus.at\/sq\/autobusi-i-pare-elektrik-me-nje-dizajn-te-ri-nga-k-bus-per-kapfenberg\/#breadcrumb"},"inLanguage":"sq-AL","potentialAction":[{"@type":"ReadAction","target":["https:\/\/k-bus.at\/sq\/autobusi-i-pare-elektrik-me-nje-dizajn-te-ri-nga-k-bus-per-kapfenberg\/"]}]},{"@type":"ImageObject","inLanguage":"sq-AL","@id":"https:\/\/k-bus.at\/sq\/autobusi-i-pare-elektrik-me-nje-dizajn-te-ri-nga-k-bus-per-kapfenberg\/#primaryimage","url":"https:\/\/k-bus.at\/wp-content\/uploads\/2026\/03\/Muerztaler-scaled.jpg","contentUrl":"https:\/\/k-bus.at\/wp-content\/uploads\/2026\/03\/Muerztaler-scaled.jpg","width":2560,"height":1920},{"@type":"BreadcrumbList","@id":"https:\/\/k-bus.at\/sq\/autobusi-i-pare-elektrik-me-nje-dizajn-te-ri-nga-k-bus-per-kapfenberg\/#breadcrumb","itemListElement":[{"@type":"ListItem","position":1,"name":"Startseite","item":"https:\/\/k-bus.at\/sq\/k-bus-gmbh\/"},{"@type":"ListItem","position":2,"name":"Autobusi i par\u00eb elektrik me nj\u00eb dizajn t\u00eb ri nga K-BUS p\u00ebr Kapfenberg"}]},{"@type":"WebSite","@id":"https:\/\/k-bus.at\/sq\/#website","url":"https:\/\/k-bus.at\/sq\/","name":"K-Bus","description":"Smart Mobility","potentialAction":[{"@type":"SearchAction","target":{"@type":"EntryPoint","urlTemplate":"https:\/\/k-bus.at\/sq\/?s={search_term_string}"},"query-input":{"@type":"PropertyValueSpecification","valueRequired":true,"valueName":"search_term_string"}}],"inLanguage":"sq-AL"},{"@type":"Person","@id":"https:\/\/k-bus.at\/sq\/#\/schema\/person\/b79a4f67da3db34c482fb3becd6e4245","name":"Andrea Pirecki","image":{"@type":"ImageObject","inLanguage":"sq-AL","@id":"https:\/\/secure.gravatar.com\/avatar\/5e7490fdafa64acbdd60eca8c45c7de318b19f18b275b5c3183eff64bd4dd9e8?s=96&d=mm&r=g","url":"https:\/\/secure.gravatar.com\/avatar\/5e7490fdafa64acbdd60eca8c45c7de318b19f18b275b5c3183eff64bd4dd9e8?s=96&d=mm&r=g","contentUrl":"https:\/\/secure.gravatar.com\/avatar\/5e7490fdafa64acbdd60eca8c45c7de318b19f18b275b5c3183eff64bd4dd9e8?s=96&d=mm&r=g","caption":"Andrea Pirecki"}}]}},"_links":{"self":[{"href":"https:\/\/k-bus.at\/sq\/wp-json\/wp\/v2\/posts\/16388","targetHints":{"allow":["GET"]}}],"collection":[{"href":"https:\/\/k-bus.at\/sq\/wp-json\/wp\/v2\/posts"}],"about":[{"href":"https:\/\/k-bus.at\/sq\/wp-json\/wp\/v2\/types\/post"}],"author":[{"embeddable":true,"href":"https:\/\/k-bus.at\/sq\/wp-json\/wp\/v2\/users\/3"}],"replies":[{"embeddable":true,"href":"https:\/\/k-bus.at\/sq\/wp-json\/wp\/v2\/comments?post=16388"}],"version-history":[{"count":0,"href":"https:\/\/k-bus.at\/sq\/wp-json\/wp\/v2\/posts\/16388\/revisions"}],"wp:featuredmedia":[{"embeddable":true,"href":"https:\/\/k-bus.at\/sq\/wp-json\/wp\/v2\/media\/2379"}],"wp:attachment":[{"href":"https:\/\/k-bus.at\/sq\/wp-json\/wp\/v2\/media?parent=16388"}],"wp:term":[{"taxonomy":"category","embeddable":true,"href":"https:\/\/k-bus.at\/sq\/wp-json\/wp\/v2\/categories?post=16388"},{"taxonomy":"post_tag","embeddable":true,"href":"https:\/\/k-bus.at\/sq\/wp-json\/wp\/v2\/tags?post=16388"}],"curies":[{"name":"wp","href":"https:\/\/api.w.org\/{rel}","templated":true}]}}