{"id":16408,"date":"2026-07-02T09:38:45","date_gmt":"2026-07-02T07:38:45","guid":{"rendered":"https:\/\/adiznctb3b.wpdns.site\/autobuset-e-qytetit-e-solar-po-operojne-me-sukses-ne-qytetet-evropiane\/"},"modified":"2026-07-02T09:38:45","modified_gmt":"2026-07-02T07:38:45","slug":"autobuset-e-qytetit-e-solar-po-operojne-me-sukses-ne-qytetet-evropiane","status":"publish","type":"post","link":"https:\/\/k-bus.at\/sq\/autobuset-e-qytetit-e-solar-po-operojne-me-sukses-ne-qytetet-evropiane\/","title":{"rendered":"Autobus\u00ebt e qytetit E-Solar po operojn\u00eb me sukses n\u00eb qytetet evropiane"},"content":{"rendered":"<h4>Autobus\u00ebt tan\u00eb urban\u00eb elektro-solar\u00eb jan\u00eb b\u00ebr\u00eb t\u00eb njohur: Ata tashm\u00eb operojn\u00eb n\u00eb qytete si Stokholmi, K\u00eblni, Kapfenbergu ose Koperi \u2013 n\u00eb m\u00ebnyr\u00eb t\u00eb besueshme, pa pengesa dhe pa emetime.<\/h4>\n<p>N\u00eb vitin 2017, ne zhvilluam nj\u00eb klas\u00eb t\u00eb re autobus\u00ebsh elektrik\u00eb me E-Solar City \u2013 kompakt, pa pengesa dhe me nj\u00eb rreze veprimi deri n\u00eb 160 kilometra. D\u00ebrgesat e para filluan n\u00eb vitin 2018 dhe automjetet tani jan\u00eb b\u00ebr\u00eb nj\u00eb pamje e zakonshme n\u00eb trafikun e p\u00ebrditsh\u00ebm evropian. <\/p>\n<p>Qoft\u00eb n\u00eb trafikun e qytetit, si autobus komunal apo n\u00eb qytete m\u00eb t\u00eb vogla \u2013 E-Solar City tregon se elektromobiliteti funksionon edhe n\u00eb klasat e automjeteve kompakte. Kombinimi i leht\u00ebsis\u00eb s\u00eb p\u00ebrdorimit (patent\u00eb shoferi standarde kategoria B) dhe prakticitetit t\u00eb p\u00ebrditsh\u00ebm vler\u00ebsohet ve\u00e7an\u00ebrisht. <\/p>\n<p>Jemi t\u00eb k\u00ebnaqur q\u00eb kompani si Bergvarabus, Postbus dhe MVG po p\u00ebrdorin autobus\u00ebt tan\u00eb &#8211; duke d\u00ebrguar k\u00ebshtu nj\u00eb sinjal t\u00eb qart\u00eb p\u00ebr l\u00ebvizshm\u00ebri t\u00eb q\u00ebndrueshme.<\/p>\n<p>\u2192 M\u00eb shum\u00eb rreth autobus\u00ebve tan\u00eb t\u00eb qytetit<\/p>\n","protected":false},"excerpt":{"rendered":"<p>Autobus\u00ebt tan\u00eb urban\u00eb elektro-solar\u00eb jan\u00eb b\u00ebr\u00eb t\u00eb njohur: Ata tashm\u00eb operojn\u00eb n\u00eb qytete si Stokholmi, K\u00eblni, Kapfenbergu ose Koperi \u2013<\/p>\n","protected":false},"author":3,"featured_media":16410,"comment_status":"closed","ping_status":"closed","sticky":false,"template":"","format":"standard","meta":{"_acf_changed":false,"footnotes":""},"categories":[240],"tags":[],"class_list":["post-16408","post","type-post","status-publish","format-standard","has-post-thumbnail","hentry","category-te-pakategorizuara"],"acf":[],"yoast_head":"<!-- This site is optimized with the Yoast SEO plugin v28.0 - https:\/\/yoast.com\/product\/yoast-seo-wordpress\/ -->\n<title>Autobus\u00ebt e qytetit E-Solar po operojn\u00eb me sukses n\u00eb qytetet evropiane - K-Bus<\/title>\n<meta name=\"robots\" content=\"index, follow, max-snippet:-1, max-image-preview:large, max-video-preview:-1\" \/>\n<link rel=\"canonical\" href=\"https:\/\/k-bus.at\/sq\/autobuset-e-qytetit-e-solar-po-operojne-me-sukses-ne-qytetet-evropiane\/\" \/>\n<meta property=\"og:locale\" content=\"sq_AL\" \/>\n<meta property=\"og:type\" content=\"article\" \/>\n<meta property=\"og:title\" content=\"Autobus\u00ebt e qytetit E-Solar po operojn\u00eb me sukses n\u00eb qytetet evropiane - K-Bus\" \/>\n<meta property=\"og:description\" content=\"Autobus\u00ebt tan\u00eb urban\u00eb elektro-solar\u00eb jan\u00eb b\u00ebr\u00eb t\u00eb njohur: Ata tashm\u00eb operojn\u00eb n\u00eb qytete si Stokholmi, K\u00eblni, Kapfenbergu ose Koperi \u2013\" \/>\n<meta property=\"og:url\" content=\"https:\/\/k-bus.at\/sq\/autobuset-e-qytetit-e-solar-po-operojne-me-sukses-ne-qytetet-evropiane\/\" \/>\n<meta property=\"og:site_name\" content=\"K-Bus\" \/>\n<meta property=\"article:published_time\" content=\"2026-07-02T07:38:45+00:00\" \/>\n<meta property=\"og:image\" content=\"https:\/\/k-bus.at\/wp-content\/uploads\/2026\/01\/e-daily5_solar_xl_kbus-e1781161208356.jpg\" \/>\n\t<meta property=\"og:image:width\" content=\"1000\" \/>\n\t<meta property=\"og:image:height\" content=\"715\" \/>\n\t<meta property=\"og:image:type\" content=\"image\/jpeg\" \/>\n<meta name=\"author\" content=\"Andrea Pirecki\" \/>\n<meta name=\"twitter:card\" content=\"summary_large_image\" \/>\n<meta name=\"twitter:label1\" content=\"Written by\" \/>\n\t<meta name=\"twitter:data1\" content=\"Andrea Pirecki\" \/>\n\t<meta name=\"twitter:label2\" content=\"Est. reading time\" \/>\n\t<meta name=\"twitter:data2\" content=\"1 minute\" \/>\n<script type=\"application\/ld+json\" class=\"yoast-schema-graph\">{\"@context\":\"https:\\\/\\\/schema.org\",\"@graph\":[{\"@type\":\"Article\",\"@id\":\"https:\\\/\\\/k-bus.at\\\/sq\\\/autobuset-e-qytetit-e-solar-po-operojne-me-sukses-ne-qytetet-evropiane\\\/#article\",\"isPartOf\":{\"@id\":\"https:\\\/\\\/k-bus.at\\\/sq\\\/autobuset-e-qytetit-e-solar-po-operojne-me-sukses-ne-qytetet-evropiane\\\/\"},\"author\":{\"name\":\"Andrea Pirecki\",\"@id\":\"https:\\\/\\\/k-bus.at\\\/sq\\\/#\\\/schema\\\/person\\\/b79a4f67da3db34c482fb3becd6e4245\"},\"headline\":\"Autobus\u00ebt e qytetit E-Solar po operojn\u00eb me sukses n\u00eb qytetet evropiane\",\"datePublished\":\"2026-07-02T07:38:45+00:00\",\"mainEntityOfPage\":{\"@id\":\"https:\\\/\\\/k-bus.at\\\/sq\\\/autobuset-e-qytetit-e-solar-po-operojne-me-sukses-ne-qytetet-evropiane\\\/\"},\"wordCount\":185,\"image\":{\"@id\":\"https:\\\/\\\/k-bus.at\\\/sq\\\/autobuset-e-qytetit-e-solar-po-operojne-me-sukses-ne-qytetet-evropiane\\\/#primaryimage\"},\"thumbnailUrl\":\"https:\\\/\\\/k-bus.at\\\/wp-content\\\/uploads\\\/2026\\\/01\\\/e-daily5_solar_xl_kbus-e1781161208356.jpg\",\"articleSection\":[\"T\u00eb pakategorizuara\"],\"inLanguage\":\"sq-AL\"},{\"@type\":\"WebPage\",\"@id\":\"https:\\\/\\\/k-bus.at\\\/sq\\\/autobuset-e-qytetit-e-solar-po-operojne-me-sukses-ne-qytetet-evropiane\\\/\",\"url\":\"https:\\\/\\\/k-bus.at\\\/sq\\\/autobuset-e-qytetit-e-solar-po-operojne-me-sukses-ne-qytetet-evropiane\\\/\",\"name\":\"Autobus\u00ebt e qytetit E-Solar po operojn\u00eb me sukses n\u00eb qytetet evropiane - K-Bus\",\"isPartOf\":{\"@id\":\"https:\\\/\\\/k-bus.at\\\/sq\\\/#website\"},\"primaryImageOfPage\":{\"@id\":\"https:\\\/\\\/k-bus.at\\\/sq\\\/autobuset-e-qytetit-e-solar-po-operojne-me-sukses-ne-qytetet-evropiane\\\/#primaryimage\"},\"image\":{\"@id\":\"https:\\\/\\\/k-bus.at\\\/sq\\\/autobuset-e-qytetit-e-solar-po-operojne-me-sukses-ne-qytetet-evropiane\\\/#primaryimage\"},\"thumbnailUrl\":\"https:\\\/\\\/k-bus.at\\\/wp-content\\\/uploads\\\/2026\\\/01\\\/e-daily5_solar_xl_kbus-e1781161208356.jpg\",\"datePublished\":\"2026-07-02T07:38:45+00:00\",\"author\":{\"@id\":\"https:\\\/\\\/k-bus.at\\\/sq\\\/#\\\/schema\\\/person\\\/b79a4f67da3db34c482fb3becd6e4245\"},\"breadcrumb\":{\"@id\":\"https:\\\/\\\/k-bus.at\\\/sq\\\/autobuset-e-qytetit-e-solar-po-operojne-me-sukses-ne-qytetet-evropiane\\\/#breadcrumb\"},\"inLanguage\":\"sq-AL\",\"potentialAction\":[{\"@type\":\"ReadAction\",\"target\":[\"https:\\\/\\\/k-bus.at\\\/sq\\\/autobuset-e-qytetit-e-solar-po-operojne-me-sukses-ne-qytetet-evropiane\\\/\"]}]},{\"@type\":\"ImageObject\",\"inLanguage\":\"sq-AL\",\"@id\":\"https:\\\/\\\/k-bus.at\\\/sq\\\/autobuset-e-qytetit-e-solar-po-operojne-me-sukses-ne-qytetet-evropiane\\\/#primaryimage\",\"url\":\"https:\\\/\\\/k-bus.at\\\/wp-content\\\/uploads\\\/2026\\\/01\\\/e-daily5_solar_xl_kbus-e1781161208356.jpg\",\"contentUrl\":\"https:\\\/\\\/k-bus.at\\\/wp-content\\\/uploads\\\/2026\\\/01\\\/e-daily5_solar_xl_kbus-e1781161208356.jpg\",\"width\":1000,\"height\":715},{\"@type\":\"BreadcrumbList\",\"@id\":\"https:\\\/\\\/k-bus.at\\\/sq\\\/autobuset-e-qytetit-e-solar-po-operojne-me-sukses-ne-qytetet-evropiane\\\/#breadcrumb\",\"itemListElement\":[{\"@type\":\"ListItem\",\"position\":1,\"name\":\"Startseite\",\"item\":\"https:\\\/\\\/k-bus.at\\\/sq\\\/k-bus-gmbh\\\/\"},{\"@type\":\"ListItem\",\"position\":2,\"name\":\"Autobus\u00ebt e qytetit E-Solar po operojn\u00eb me sukses n\u00eb qytetet evropiane\"}]},{\"@type\":\"WebSite\",\"@id\":\"https:\\\/\\\/k-bus.at\\\/sq\\\/#website\",\"url\":\"https:\\\/\\\/k-bus.at\\\/sq\\\/\",\"name\":\"K-Bus\",\"description\":\"Smart Mobility\",\"potentialAction\":[{\"@type\":\"SearchAction\",\"target\":{\"@type\":\"EntryPoint\",\"urlTemplate\":\"https:\\\/\\\/k-bus.at\\\/sq\\\/?s={search_term_string}\"},\"query-input\":{\"@type\":\"PropertyValueSpecification\",\"valueRequired\":true,\"valueName\":\"search_term_string\"}}],\"inLanguage\":\"sq-AL\"},{\"@type\":\"Person\",\"@id\":\"https:\\\/\\\/k-bus.at\\\/sq\\\/#\\\/schema\\\/person\\\/b79a4f67da3db34c482fb3becd6e4245\",\"name\":\"Andrea Pirecki\",\"image\":{\"@type\":\"ImageObject\",\"inLanguage\":\"sq-AL\",\"@id\":\"https:\\\/\\\/secure.gravatar.com\\\/avatar\\\/5e7490fdafa64acbdd60eca8c45c7de318b19f18b275b5c3183eff64bd4dd9e8?s=96&d=mm&r=g\",\"url\":\"https:\\\/\\\/secure.gravatar.com\\\/avatar\\\/5e7490fdafa64acbdd60eca8c45c7de318b19f18b275b5c3183eff64bd4dd9e8?s=96&d=mm&r=g\",\"contentUrl\":\"https:\\\/\\\/secure.gravatar.com\\\/avatar\\\/5e7490fdafa64acbdd60eca8c45c7de318b19f18b275b5c3183eff64bd4dd9e8?s=96&d=mm&r=g\",\"caption\":\"Andrea Pirecki\"}}]}<\/script>\n<!-- \/ Yoast SEO plugin. -->","yoast_head_json":{"title":"Autobus\u00ebt e qytetit E-Solar po operojn\u00eb me sukses n\u00eb qytetet evropiane - K-Bus","robots":{"index":"index","follow":"follow","max-snippet":"max-snippet:-1","max-image-preview":"max-image-preview:large","max-video-preview":"max-video-preview:-1"},"canonical":"https:\/\/k-bus.at\/sq\/autobuset-e-qytetit-e-solar-po-operojne-me-sukses-ne-qytetet-evropiane\/","og_locale":"sq_AL","og_type":"article","og_title":"Autobus\u00ebt e qytetit E-Solar po operojn\u00eb me sukses n\u00eb qytetet evropiane - K-Bus","og_description":"Autobus\u00ebt tan\u00eb urban\u00eb elektro-solar\u00eb jan\u00eb b\u00ebr\u00eb t\u00eb njohur: Ata tashm\u00eb operojn\u00eb n\u00eb qytete si Stokholmi, K\u00eblni, Kapfenbergu ose Koperi \u2013","og_url":"https:\/\/k-bus.at\/sq\/autobuset-e-qytetit-e-solar-po-operojne-me-sukses-ne-qytetet-evropiane\/","og_site_name":"K-Bus","article_published_time":"2026-07-02T07:38:45+00:00","og_image":[{"width":1000,"height":715,"url":"https:\/\/k-bus.at\/wp-content\/uploads\/2026\/01\/e-daily5_solar_xl_kbus-e1781161208356.jpg","type":"image\/jpeg"}],"author":"Andrea Pirecki","twitter_card":"summary_large_image","twitter_misc":{"Written by":"Andrea Pirecki","Est. reading time":"1 minute"},"schema":{"@context":"https:\/\/schema.org","@graph":[{"@type":"Article","@id":"https:\/\/k-bus.at\/sq\/autobuset-e-qytetit-e-solar-po-operojne-me-sukses-ne-qytetet-evropiane\/#article","isPartOf":{"@id":"https:\/\/k-bus.at\/sq\/autobuset-e-qytetit-e-solar-po-operojne-me-sukses-ne-qytetet-evropiane\/"},"author":{"name":"Andrea Pirecki","@id":"https:\/\/k-bus.at\/sq\/#\/schema\/person\/b79a4f67da3db34c482fb3becd6e4245"},"headline":"Autobus\u00ebt e qytetit E-Solar po operojn\u00eb me sukses n\u00eb qytetet evropiane","datePublished":"2026-07-02T07:38:45+00:00","mainEntityOfPage":{"@id":"https:\/\/k-bus.at\/sq\/autobuset-e-qytetit-e-solar-po-operojne-me-sukses-ne-qytetet-evropiane\/"},"wordCount":185,"image":{"@id":"https:\/\/k-bus.at\/sq\/autobuset-e-qytetit-e-solar-po-operojne-me-sukses-ne-qytetet-evropiane\/#primaryimage"},"thumbnailUrl":"https:\/\/k-bus.at\/wp-content\/uploads\/2026\/01\/e-daily5_solar_xl_kbus-e1781161208356.jpg","articleSection":["T\u00eb pakategorizuara"],"inLanguage":"sq-AL"},{"@type":"WebPage","@id":"https:\/\/k-bus.at\/sq\/autobuset-e-qytetit-e-solar-po-operojne-me-sukses-ne-qytetet-evropiane\/","url":"https:\/\/k-bus.at\/sq\/autobuset-e-qytetit-e-solar-po-operojne-me-sukses-ne-qytetet-evropiane\/","name":"Autobus\u00ebt e qytetit E-Solar po operojn\u00eb me sukses n\u00eb qytetet evropiane - K-Bus","isPartOf":{"@id":"https:\/\/k-bus.at\/sq\/#website"},"primaryImageOfPage":{"@id":"https:\/\/k-bus.at\/sq\/autobuset-e-qytetit-e-solar-po-operojne-me-sukses-ne-qytetet-evropiane\/#primaryimage"},"image":{"@id":"https:\/\/k-bus.at\/sq\/autobuset-e-qytetit-e-solar-po-operojne-me-sukses-ne-qytetet-evropiane\/#primaryimage"},"thumbnailUrl":"https:\/\/k-bus.at\/wp-content\/uploads\/2026\/01\/e-daily5_solar_xl_kbus-e1781161208356.jpg","datePublished":"2026-07-02T07:38:45+00:00","author":{"@id":"https:\/\/k-bus.at\/sq\/#\/schema\/person\/b79a4f67da3db34c482fb3becd6e4245"},"breadcrumb":{"@id":"https:\/\/k-bus.at\/sq\/autobuset-e-qytetit-e-solar-po-operojne-me-sukses-ne-qytetet-evropiane\/#breadcrumb"},"inLanguage":"sq-AL","potentialAction":[{"@type":"ReadAction","target":["https:\/\/k-bus.at\/sq\/autobuset-e-qytetit-e-solar-po-operojne-me-sukses-ne-qytetet-evropiane\/"]}]},{"@type":"ImageObject","inLanguage":"sq-AL","@id":"https:\/\/k-bus.at\/sq\/autobuset-e-qytetit-e-solar-po-operojne-me-sukses-ne-qytetet-evropiane\/#primaryimage","url":"https:\/\/k-bus.at\/wp-content\/uploads\/2026\/01\/e-daily5_solar_xl_kbus-e1781161208356.jpg","contentUrl":"https:\/\/k-bus.at\/wp-content\/uploads\/2026\/01\/e-daily5_solar_xl_kbus-e1781161208356.jpg","width":1000,"height":715},{"@type":"BreadcrumbList","@id":"https:\/\/k-bus.at\/sq\/autobuset-e-qytetit-e-solar-po-operojne-me-sukses-ne-qytetet-evropiane\/#breadcrumb","itemListElement":[{"@type":"ListItem","position":1,"name":"Startseite","item":"https:\/\/k-bus.at\/sq\/k-bus-gmbh\/"},{"@type":"ListItem","position":2,"name":"Autobus\u00ebt e qytetit E-Solar po operojn\u00eb me sukses n\u00eb qytetet evropiane"}]},{"@type":"WebSite","@id":"https:\/\/k-bus.at\/sq\/#website","url":"https:\/\/k-bus.at\/sq\/","name":"K-Bus","description":"Smart Mobility","potentialAction":[{"@type":"SearchAction","target":{"@type":"EntryPoint","urlTemplate":"https:\/\/k-bus.at\/sq\/?s={search_term_string}"},"query-input":{"@type":"PropertyValueSpecification","valueRequired":true,"valueName":"search_term_string"}}],"inLanguage":"sq-AL"},{"@type":"Person","@id":"https:\/\/k-bus.at\/sq\/#\/schema\/person\/b79a4f67da3db34c482fb3becd6e4245","name":"Andrea Pirecki","image":{"@type":"ImageObject","inLanguage":"sq-AL","@id":"https:\/\/secure.gravatar.com\/avatar\/5e7490fdafa64acbdd60eca8c45c7de318b19f18b275b5c3183eff64bd4dd9e8?s=96&d=mm&r=g","url":"https:\/\/secure.gravatar.com\/avatar\/5e7490fdafa64acbdd60eca8c45c7de318b19f18b275b5c3183eff64bd4dd9e8?s=96&d=mm&r=g","contentUrl":"https:\/\/secure.gravatar.com\/avatar\/5e7490fdafa64acbdd60eca8c45c7de318b19f18b275b5c3183eff64bd4dd9e8?s=96&d=mm&r=g","caption":"Andrea Pirecki"}}]}},"_links":{"self":[{"href":"https:\/\/k-bus.at\/sq\/wp-json\/wp\/v2\/posts\/16408","targetHints":{"allow":["GET"]}}],"collection":[{"href":"https:\/\/k-bus.at\/sq\/wp-json\/wp\/v2\/posts"}],"about":[{"href":"https:\/\/k-bus.at\/sq\/wp-json\/wp\/v2\/types\/post"}],"author":[{"embeddable":true,"href":"https:\/\/k-bus.at\/sq\/wp-json\/wp\/v2\/users\/3"}],"replies":[{"embeddable":true,"href":"https:\/\/k-bus.at\/sq\/wp-json\/wp\/v2\/comments?post=16408"}],"version-history":[{"count":0,"href":"https:\/\/k-bus.at\/sq\/wp-json\/wp\/v2\/posts\/16408\/revisions"}],"wp:featuredmedia":[{"embeddable":true,"href":"https:\/\/k-bus.at\/sq\/wp-json\/wp\/v2\/media\/16410"}],"wp:attachment":[{"href":"https:\/\/k-bus.at\/sq\/wp-json\/wp\/v2\/media?parent=16408"}],"wp:term":[{"taxonomy":"category","embeddable":true,"href":"https:\/\/k-bus.at\/sq\/wp-json\/wp\/v2\/categories?post=16408"},{"taxonomy":"post_tag","embeddable":true,"href":"https:\/\/k-bus.at\/sq\/wp-json\/wp\/v2\/tags?post=16408"}],"curies":[{"name":"wp","href":"https:\/\/api.w.org\/{rel}","templated":true}]}}