{"id":16545,"date":"2026-07-02T09:40:14","date_gmt":"2026-07-02T07:40:14","guid":{"rendered":"https:\/\/adiznctb3b.wpdns.site\/k-bus-paa-bus2bus-maessan-i-berlin-2026\/"},"modified":"2026-07-02T09:40:14","modified_gmt":"2026-07-02T07:40:14","slug":"k-bus-paa-bus2bus-maessan-i-berlin-2026","status":"publish","type":"post","link":"https:\/\/k-bus.at\/sv\/k-bus-paa-bus2bus-maessan-i-berlin-2026\/","title":{"rendered":"K-BUS p\u00e5 BUS2BUS-m\u00e4ssan i Berlin 2026"},"content":{"rendered":"<p data-start=\"150\" data-end=\"305\">Den 15 och 16 april deltog K-BUS p\u00e5 m\u00e4ssan BUS2BUS \u2013 en av branschens viktigaste plattformar f\u00f6r innovativa mobilitetsl\u00f6sningar inom busssektorn.  <\/p>\n<p data-start=\"307\" data-end=\"587\">I fokus stod det personliga utbytet med fackbes\u00f6kare, samarbetspartner och intresserade parter samt aktuella utvecklingar inom skr\u00e4ddarsydda bussl\u00f6sningar. S\u00e4rskilt stort intresse v\u00e4ckte v\u00e5ra skr\u00e4ddarsydda koncept f\u00f6r kommuner, kollektivtrafikf\u00f6retag och specialtill\u00e4mpningar. <\/p>\n<p data-start=\"589\" data-end=\"832\">M\u00e4ssan gav oss ett utm\u00e4rkt tillf\u00e4lle att f\u00f6rdjupa befintliga kontakter och f\u00e5 nya impulser fr\u00e5n branschen. Den direkta dialogen p\u00e5 plats bekr\u00e4ftar \u00e4n en g\u00e5ng hur efterfr\u00e5gade flexibla och skr\u00e4ddarsydda fordonsl\u00f6sningar \u00e4r. <\/p>\n<p data-start=\"834\" data-end=\"918\">Vi vill tacka alla bes\u00f6kare f\u00f6r deras intresse och de sp\u00e4nnande samtalen!<\/p>\n<p data-start=\"834\" data-end=\"918\"><a href=\"https:\/\/www.bus2bus.berlin\/en\/digital\/newsroom\">\u00d6versikt \u00f6ver nyhetsrummet \u2013 BUS2BUS<\/a><\/p>\n","protected":false},"excerpt":{"rendered":"<p>Den 15 och 16 april deltog K-BUS p\u00e5 m\u00e4ssan BUS2BUS \u2013 en av branschens viktigaste plattformar f\u00f6r innovativa mobilitetsl\u00f6sningar inom<\/p>\n","protected":false},"author":16,"featured_media":5342,"comment_status":"closed","ping_status":"closed","sticky":false,"template":"","format":"standard","meta":{"_acf_changed":false,"footnotes":""},"categories":[148],"tags":[],"class_list":["post-16545","post","type-post","status-publish","format-standard","has-post-thumbnail","hentry","category-okategoriserad"],"acf":[],"yoast_head":"<!-- This site is optimized with the Yoast SEO plugin v28.0 - https:\/\/yoast.com\/product\/yoast-seo-wordpress\/ -->\n<title>K-BUS p\u00e5 BUS2BUS-m\u00e4ssan i Berlin 2026 - K-Bus<\/title>\n<meta name=\"robots\" content=\"index, follow, max-snippet:-1, max-image-preview:large, max-video-preview:-1\" \/>\n<link rel=\"canonical\" href=\"https:\/\/k-bus.at\/sv\/k-bus-paa-bus2bus-maessan-i-berlin-2026\/\" \/>\n<meta property=\"og:locale\" content=\"sv_SE\" \/>\n<meta property=\"og:type\" content=\"article\" \/>\n<meta property=\"og:title\" content=\"K-BUS p\u00e5 BUS2BUS-m\u00e4ssan i Berlin 2026 - K-Bus\" \/>\n<meta property=\"og:description\" content=\"Den 15 och 16 april deltog K-BUS p\u00e5 m\u00e4ssan BUS2BUS \u2013 en av branschens viktigaste plattformar f\u00f6r innovativa mobilitetsl\u00f6sningar inom\" \/>\n<meta property=\"og:url\" content=\"https:\/\/k-bus.at\/sv\/k-bus-paa-bus2bus-maessan-i-berlin-2026\/\" \/>\n<meta property=\"og:site_name\" content=\"K-Bus\" \/>\n<meta property=\"article:published_time\" content=\"2026-07-02T07:40:14+00:00\" \/>\n<meta property=\"og:image\" content=\"https:\/\/k-bus.at\/wp-content\/uploads\/2026\/04\/IMG_5876-scaled-e1781161778962.jpeg\" \/>\n\t<meta property=\"og:image:width\" content=\"2560\" \/>\n\t<meta property=\"og:image:height\" content=\"1920\" \/>\n\t<meta property=\"og:image:type\" content=\"image\/jpeg\" \/>\n<meta name=\"author\" content=\"Presse KBus\" \/>\n<meta name=\"twitter:card\" content=\"summary_large_image\" \/>\n<meta name=\"twitter:label1\" content=\"Skriven av\" \/>\n\t<meta name=\"twitter:data1\" content=\"Presse KBus\" \/>\n\t<meta name=\"twitter:label2\" content=\"Ber\u00e4knad l\u00e4stid\" \/>\n\t<meta name=\"twitter:data2\" content=\"1 minut\" \/>\n<script type=\"application\/ld+json\" class=\"yoast-schema-graph\">{\"@context\":\"https:\\\/\\\/schema.org\",\"@graph\":[{\"@type\":\"Article\",\"@id\":\"https:\\\/\\\/k-bus.at\\\/sv\\\/k-bus-paa-bus2bus-maessan-i-berlin-2026\\\/#article\",\"isPartOf\":{\"@id\":\"https:\\\/\\\/k-bus.at\\\/sv\\\/k-bus-paa-bus2bus-maessan-i-berlin-2026\\\/\"},\"author\":{\"name\":\"Presse KBus\",\"@id\":\"https:\\\/\\\/k-bus.at\\\/sv\\\/#\\\/schema\\\/person\\\/81c4a0ee7a2e01e2e5fc53487104fd3a\"},\"headline\":\"K-BUS p\u00e5 BUS2BUS-m\u00e4ssan i Berlin 2026\",\"datePublished\":\"2026-07-02T07:40:14+00:00\",\"mainEntityOfPage\":{\"@id\":\"https:\\\/\\\/k-bus.at\\\/sv\\\/k-bus-paa-bus2bus-maessan-i-berlin-2026\\\/\"},\"wordCount\":131,\"image\":{\"@id\":\"https:\\\/\\\/k-bus.at\\\/sv\\\/k-bus-paa-bus2bus-maessan-i-berlin-2026\\\/#primaryimage\"},\"thumbnailUrl\":\"https:\\\/\\\/k-bus.at\\\/wp-content\\\/uploads\\\/2026\\\/04\\\/IMG_5876-scaled.jpeg\",\"articleSection\":[\"Okategoriserad\"],\"inLanguage\":\"sv-SE\"},{\"@type\":\"WebPage\",\"@id\":\"https:\\\/\\\/k-bus.at\\\/sv\\\/k-bus-paa-bus2bus-maessan-i-berlin-2026\\\/\",\"url\":\"https:\\\/\\\/k-bus.at\\\/sv\\\/k-bus-paa-bus2bus-maessan-i-berlin-2026\\\/\",\"name\":\"K-BUS p\u00e5 BUS2BUS-m\u00e4ssan i Berlin 2026 - K-Bus\",\"isPartOf\":{\"@id\":\"https:\\\/\\\/k-bus.at\\\/sv\\\/#website\"},\"primaryImageOfPage\":{\"@id\":\"https:\\\/\\\/k-bus.at\\\/sv\\\/k-bus-paa-bus2bus-maessan-i-berlin-2026\\\/#primaryimage\"},\"image\":{\"@id\":\"https:\\\/\\\/k-bus.at\\\/sv\\\/k-bus-paa-bus2bus-maessan-i-berlin-2026\\\/#primaryimage\"},\"thumbnailUrl\":\"https:\\\/\\\/k-bus.at\\\/wp-content\\\/uploads\\\/2026\\\/04\\\/IMG_5876-scaled.jpeg\",\"datePublished\":\"2026-07-02T07:40:14+00:00\",\"author\":{\"@id\":\"https:\\\/\\\/k-bus.at\\\/sv\\\/#\\\/schema\\\/person\\\/81c4a0ee7a2e01e2e5fc53487104fd3a\"},\"breadcrumb\":{\"@id\":\"https:\\\/\\\/k-bus.at\\\/sv\\\/k-bus-paa-bus2bus-maessan-i-berlin-2026\\\/#breadcrumb\"},\"inLanguage\":\"sv-SE\",\"potentialAction\":[{\"@type\":\"ReadAction\",\"target\":[\"https:\\\/\\\/k-bus.at\\\/sv\\\/k-bus-paa-bus2bus-maessan-i-berlin-2026\\\/\"]}]},{\"@type\":\"ImageObject\",\"inLanguage\":\"sv-SE\",\"@id\":\"https:\\\/\\\/k-bus.at\\\/sv\\\/k-bus-paa-bus2bus-maessan-i-berlin-2026\\\/#primaryimage\",\"url\":\"https:\\\/\\\/k-bus.at\\\/wp-content\\\/uploads\\\/2026\\\/04\\\/IMG_5876-scaled.jpeg\",\"contentUrl\":\"https:\\\/\\\/k-bus.at\\\/wp-content\\\/uploads\\\/2026\\\/04\\\/IMG_5876-scaled.jpeg\",\"width\":2560,\"height\":1920},{\"@type\":\"BreadcrumbList\",\"@id\":\"https:\\\/\\\/k-bus.at\\\/sv\\\/k-bus-paa-bus2bus-maessan-i-berlin-2026\\\/#breadcrumb\",\"itemListElement\":[{\"@type\":\"ListItem\",\"position\":1,\"name\":\"Startseite\",\"item\":\"https:\\\/\\\/k-bus.at\\\/sv\\\/k-bus-gmbh\\\/\"},{\"@type\":\"ListItem\",\"position\":2,\"name\":\"K-BUS p\u00e5 BUS2BUS-m\u00e4ssan i Berlin 2026\"}]},{\"@type\":\"WebSite\",\"@id\":\"https:\\\/\\\/k-bus.at\\\/sv\\\/#website\",\"url\":\"https:\\\/\\\/k-bus.at\\\/sv\\\/\",\"name\":\"K-Bus\",\"description\":\"Smart Mobility\",\"potentialAction\":[{\"@type\":\"SearchAction\",\"target\":{\"@type\":\"EntryPoint\",\"urlTemplate\":\"https:\\\/\\\/k-bus.at\\\/sv\\\/?s={search_term_string}\"},\"query-input\":{\"@type\":\"PropertyValueSpecification\",\"valueRequired\":true,\"valueName\":\"search_term_string\"}}],\"inLanguage\":\"sv-SE\"},{\"@type\":\"Person\",\"@id\":\"https:\\\/\\\/k-bus.at\\\/sv\\\/#\\\/schema\\\/person\\\/81c4a0ee7a2e01e2e5fc53487104fd3a\",\"name\":\"Presse KBus\",\"image\":{\"@type\":\"ImageObject\",\"inLanguage\":\"sv-SE\",\"@id\":\"https:\\\/\\\/secure.gravatar.com\\\/avatar\\\/9ca69a0789daf56b6ac09b0279c3c10b83df241fd02ad009a70bfcec3d8cb15c?s=96&d=mm&r=g\",\"url\":\"https:\\\/\\\/secure.gravatar.com\\\/avatar\\\/9ca69a0789daf56b6ac09b0279c3c10b83df241fd02ad009a70bfcec3d8cb15c?s=96&d=mm&r=g\",\"contentUrl\":\"https:\\\/\\\/secure.gravatar.com\\\/avatar\\\/9ca69a0789daf56b6ac09b0279c3c10b83df241fd02ad009a70bfcec3d8cb15c?s=96&d=mm&r=g\",\"caption\":\"Presse KBus\"}}]}<\/script>\n<!-- \/ Yoast SEO plugin. -->","yoast_head_json":{"title":"K-BUS p\u00e5 BUS2BUS-m\u00e4ssan i Berlin 2026 - K-Bus","robots":{"index":"index","follow":"follow","max-snippet":"max-snippet:-1","max-image-preview":"max-image-preview:large","max-video-preview":"max-video-preview:-1"},"canonical":"https:\/\/k-bus.at\/sv\/k-bus-paa-bus2bus-maessan-i-berlin-2026\/","og_locale":"sv_SE","og_type":"article","og_title":"K-BUS p\u00e5 BUS2BUS-m\u00e4ssan i Berlin 2026 - K-Bus","og_description":"Den 15 och 16 april deltog K-BUS p\u00e5 m\u00e4ssan BUS2BUS \u2013 en av branschens viktigaste plattformar f\u00f6r innovativa mobilitetsl\u00f6sningar inom","og_url":"https:\/\/k-bus.at\/sv\/k-bus-paa-bus2bus-maessan-i-berlin-2026\/","og_site_name":"K-Bus","article_published_time":"2026-07-02T07:40:14+00:00","og_image":[{"width":2560,"height":1920,"url":"https:\/\/k-bus.at\/wp-content\/uploads\/2026\/04\/IMG_5876-scaled-e1781161778962.jpeg","type":"image\/jpeg"}],"author":"Presse KBus","twitter_card":"summary_large_image","twitter_misc":{"Skriven av":"Presse KBus","Ber\u00e4knad l\u00e4stid":"1 minut"},"schema":{"@context":"https:\/\/schema.org","@graph":[{"@type":"Article","@id":"https:\/\/k-bus.at\/sv\/k-bus-paa-bus2bus-maessan-i-berlin-2026\/#article","isPartOf":{"@id":"https:\/\/k-bus.at\/sv\/k-bus-paa-bus2bus-maessan-i-berlin-2026\/"},"author":{"name":"Presse KBus","@id":"https:\/\/k-bus.at\/sv\/#\/schema\/person\/81c4a0ee7a2e01e2e5fc53487104fd3a"},"headline":"K-BUS p\u00e5 BUS2BUS-m\u00e4ssan i Berlin 2026","datePublished":"2026-07-02T07:40:14+00:00","mainEntityOfPage":{"@id":"https:\/\/k-bus.at\/sv\/k-bus-paa-bus2bus-maessan-i-berlin-2026\/"},"wordCount":131,"image":{"@id":"https:\/\/k-bus.at\/sv\/k-bus-paa-bus2bus-maessan-i-berlin-2026\/#primaryimage"},"thumbnailUrl":"https:\/\/k-bus.at\/wp-content\/uploads\/2026\/04\/IMG_5876-scaled.jpeg","articleSection":["Okategoriserad"],"inLanguage":"sv-SE"},{"@type":"WebPage","@id":"https:\/\/k-bus.at\/sv\/k-bus-paa-bus2bus-maessan-i-berlin-2026\/","url":"https:\/\/k-bus.at\/sv\/k-bus-paa-bus2bus-maessan-i-berlin-2026\/","name":"K-BUS p\u00e5 BUS2BUS-m\u00e4ssan i Berlin 2026 - K-Bus","isPartOf":{"@id":"https:\/\/k-bus.at\/sv\/#website"},"primaryImageOfPage":{"@id":"https:\/\/k-bus.at\/sv\/k-bus-paa-bus2bus-maessan-i-berlin-2026\/#primaryimage"},"image":{"@id":"https:\/\/k-bus.at\/sv\/k-bus-paa-bus2bus-maessan-i-berlin-2026\/#primaryimage"},"thumbnailUrl":"https:\/\/k-bus.at\/wp-content\/uploads\/2026\/04\/IMG_5876-scaled.jpeg","datePublished":"2026-07-02T07:40:14+00:00","author":{"@id":"https:\/\/k-bus.at\/sv\/#\/schema\/person\/81c4a0ee7a2e01e2e5fc53487104fd3a"},"breadcrumb":{"@id":"https:\/\/k-bus.at\/sv\/k-bus-paa-bus2bus-maessan-i-berlin-2026\/#breadcrumb"},"inLanguage":"sv-SE","potentialAction":[{"@type":"ReadAction","target":["https:\/\/k-bus.at\/sv\/k-bus-paa-bus2bus-maessan-i-berlin-2026\/"]}]},{"@type":"ImageObject","inLanguage":"sv-SE","@id":"https:\/\/k-bus.at\/sv\/k-bus-paa-bus2bus-maessan-i-berlin-2026\/#primaryimage","url":"https:\/\/k-bus.at\/wp-content\/uploads\/2026\/04\/IMG_5876-scaled.jpeg","contentUrl":"https:\/\/k-bus.at\/wp-content\/uploads\/2026\/04\/IMG_5876-scaled.jpeg","width":2560,"height":1920},{"@type":"BreadcrumbList","@id":"https:\/\/k-bus.at\/sv\/k-bus-paa-bus2bus-maessan-i-berlin-2026\/#breadcrumb","itemListElement":[{"@type":"ListItem","position":1,"name":"Startseite","item":"https:\/\/k-bus.at\/sv\/k-bus-gmbh\/"},{"@type":"ListItem","position":2,"name":"K-BUS p\u00e5 BUS2BUS-m\u00e4ssan i Berlin 2026"}]},{"@type":"WebSite","@id":"https:\/\/k-bus.at\/sv\/#website","url":"https:\/\/k-bus.at\/sv\/","name":"K-Bus","description":"Smart Mobility","potentialAction":[{"@type":"SearchAction","target":{"@type":"EntryPoint","urlTemplate":"https:\/\/k-bus.at\/sv\/?s={search_term_string}"},"query-input":{"@type":"PropertyValueSpecification","valueRequired":true,"valueName":"search_term_string"}}],"inLanguage":"sv-SE"},{"@type":"Person","@id":"https:\/\/k-bus.at\/sv\/#\/schema\/person\/81c4a0ee7a2e01e2e5fc53487104fd3a","name":"Presse KBus","image":{"@type":"ImageObject","inLanguage":"sv-SE","@id":"https:\/\/secure.gravatar.com\/avatar\/9ca69a0789daf56b6ac09b0279c3c10b83df241fd02ad009a70bfcec3d8cb15c?s=96&d=mm&r=g","url":"https:\/\/secure.gravatar.com\/avatar\/9ca69a0789daf56b6ac09b0279c3c10b83df241fd02ad009a70bfcec3d8cb15c?s=96&d=mm&r=g","contentUrl":"https:\/\/secure.gravatar.com\/avatar\/9ca69a0789daf56b6ac09b0279c3c10b83df241fd02ad009a70bfcec3d8cb15c?s=96&d=mm&r=g","caption":"Presse KBus"}}]}},"_links":{"self":[{"href":"https:\/\/k-bus.at\/sv\/wp-json\/wp\/v2\/posts\/16545","targetHints":{"allow":["GET"]}}],"collection":[{"href":"https:\/\/k-bus.at\/sv\/wp-json\/wp\/v2\/posts"}],"about":[{"href":"https:\/\/k-bus.at\/sv\/wp-json\/wp\/v2\/types\/post"}],"author":[{"embeddable":true,"href":"https:\/\/k-bus.at\/sv\/wp-json\/wp\/v2\/users\/16"}],"replies":[{"embeddable":true,"href":"https:\/\/k-bus.at\/sv\/wp-json\/wp\/v2\/comments?post=16545"}],"version-history":[{"count":0,"href":"https:\/\/k-bus.at\/sv\/wp-json\/wp\/v2\/posts\/16545\/revisions"}],"wp:featuredmedia":[{"embeddable":true,"href":"https:\/\/k-bus.at\/sv\/wp-json\/wp\/v2\/media\/5342"}],"wp:attachment":[{"href":"https:\/\/k-bus.at\/sv\/wp-json\/wp\/v2\/media?parent=16545"}],"wp:term":[{"taxonomy":"category","embeddable":true,"href":"https:\/\/k-bus.at\/sv\/wp-json\/wp\/v2\/categories?post=16545"},{"taxonomy":"post_tag","embeddable":true,"href":"https:\/\/k-bus.at\/sv\/wp-json\/wp\/v2\/tags?post=16545"}],"curies":[{"name":"wp","href":"https:\/\/api.w.org\/{rel}","templated":true}]}}