{"id":16565,"date":"2026-07-02T09:40:25","date_gmt":"2026-07-02T07:40:25","guid":{"rendered":"https:\/\/adiznctb3b.wpdns.site\/fler-elbussar-fraan-k-bus-staerker-den-haallbara-mobiliteten-i-leoben\/"},"modified":"2026-07-02T09:40:25","modified_gmt":"2026-07-02T07:40:25","slug":"fler-elbussar-fraan-k-bus-staerker-den-haallbara-mobiliteten-i-leoben","status":"publish","type":"post","link":"https:\/\/k-bus.at\/sv\/fler-elbussar-fraan-k-bus-staerker-den-haallbara-mobiliteten-i-leoben\/","title":{"rendered":"Fler elbussar fr\u00e5n K-BUS st\u00e4rker den h\u00e5llbara mobiliteten i Leoben"},"content":{"rendered":"<p data-start=\"200\" data-end=\"584\">Elektrifieringen av kollektivtrafiken i Leoben forts\u00e4tter att g\u00e5 fram\u00e5t. I och med \u00f6verl\u00e4mnandet av nya elbussar i Leoben ut\u00f6kas Stadtwerke Leobens fordonsflotta p\u00e5 ett m\u00e5linriktat s\u00e4tt. De moderna fordonen kommer i framtiden att anv\u00e4ndas b\u00e5de i den innerstadsbundna linjetrafiken och i p\u00e5kallningsbussystemet. De bidrar d\u00e4rmed p\u00e5 ett viktigt s\u00e4tt till h\u00e5llbar mobilitet i regionen.   <\/p>\n<p data-start=\"586\" data-end=\"782\">\u00c4ven regionaltidningen MeinBezirk rapporterar om detta i artikeln <strong data-start=\"488\" data-end=\"538\">\u201dUt\u00f6kning av elfordonsflottan hos Stadtwerke\u201d.<\/strong> Artikeln belyser vilken betydelse de nya elbussarna har f\u00f6r staden Leoben. <\/p>\n<p data-start=\"904\" data-end=\"1051\">Hela artikeln finns h\u00e4r:<br data-start=\"949\" data-end=\"952\"\/><a class=\"decorated-link\" href=\"https:\/\/www.meinbezirk.at\/leoben\/c-lokales\/verstaerkung-der-e-flotte-bei-den-stadtwerken_a8515549\" target=\"_new\" rel=\"noopener\" data-start=\"952\" data-end=\"1049\">https:\/\/www.meinbezirk.at\/leoben\/c-lokales\/verstaerkung-der-e-flotte-bei-den-stadtwerken_a8515549<\/a><\/p>\n","protected":false},"excerpt":{"rendered":"<p>Elektrifieringen av kollektivtrafiken i Leoben forts\u00e4tter att g\u00e5 fram\u00e5t. I och med \u00f6verl\u00e4mnandet av nya elbussar i Leoben ut\u00f6kas Stadtwerke<\/p>\n","protected":false},"author":3,"featured_media":2343,"comment_status":"closed","ping_status":"closed","sticky":false,"template":"","format":"standard","meta":{"_acf_changed":false,"footnotes":""},"categories":[148],"tags":[],"class_list":["post-16565","post","type-post","status-publish","format-standard","has-post-thumbnail","hentry","category-okategoriserad"],"acf":[],"yoast_head":"<!-- This site is optimized with the Yoast SEO plugin v28.0 - https:\/\/yoast.com\/product\/yoast-seo-wordpress\/ -->\n<title>Fler elbussar fr\u00e5n K-BUS st\u00e4rker den h\u00e5llbara mobiliteten i Leoben - K-Bus<\/title>\n<meta name=\"robots\" content=\"index, follow, max-snippet:-1, max-image-preview:large, max-video-preview:-1\" \/>\n<link rel=\"canonical\" href=\"https:\/\/k-bus.at\/sv\/fler-elbussar-fraan-k-bus-staerker-den-haallbara-mobiliteten-i-leoben\/\" \/>\n<meta property=\"og:locale\" content=\"sv_SE\" \/>\n<meta property=\"og:type\" content=\"article\" \/>\n<meta property=\"og:title\" content=\"Fler elbussar fr\u00e5n K-BUS st\u00e4rker den h\u00e5llbara mobiliteten i Leoben - K-Bus\" \/>\n<meta property=\"og:description\" content=\"Elektrifieringen av kollektivtrafiken i Leoben forts\u00e4tter att g\u00e5 fram\u00e5t. I och med \u00f6verl\u00e4mnandet av nya elbussar i Leoben ut\u00f6kas Stadtwerke\" \/>\n<meta property=\"og:url\" content=\"https:\/\/k-bus.at\/sv\/fler-elbussar-fraan-k-bus-staerker-den-haallbara-mobiliteten-i-leoben\/\" \/>\n<meta property=\"og:site_name\" content=\"K-Bus\" \/>\n<meta property=\"article:published_time\" content=\"2026-07-02T07:40:25+00:00\" \/>\n<meta property=\"og:image\" content=\"https:\/\/k-bus.at\/wp-content\/uploads\/2026\/04\/20260310_1016140-scaled-e1775804841780.jpg\" \/>\n\t<meta property=\"og:image:width\" content=\"2560\" \/>\n\t<meta property=\"og:image:height\" content=\"1920\" \/>\n\t<meta property=\"og:image:type\" content=\"image\/jpeg\" \/>\n<meta name=\"author\" content=\"Andrea Pirecki\" \/>\n<meta name=\"twitter:card\" content=\"summary_large_image\" \/>\n<meta name=\"twitter:label1\" content=\"Skriven av\" \/>\n\t<meta name=\"twitter:data1\" content=\"Andrea Pirecki\" \/>\n\t<meta name=\"twitter:label2\" content=\"Ber\u00e4knad l\u00e4stid\" \/>\n\t<meta name=\"twitter:data2\" content=\"1 minut\" \/>\n<script type=\"application\/ld+json\" class=\"yoast-schema-graph\">{\"@context\":\"https:\\\/\\\/schema.org\",\"@graph\":[{\"@type\":\"Article\",\"@id\":\"https:\\\/\\\/k-bus.at\\\/sv\\\/fler-elbussar-fraan-k-bus-staerker-den-haallbara-mobiliteten-i-leoben\\\/#article\",\"isPartOf\":{\"@id\":\"https:\\\/\\\/k-bus.at\\\/sv\\\/fler-elbussar-fraan-k-bus-staerker-den-haallbara-mobiliteten-i-leoben\\\/\"},\"author\":{\"name\":\"Andrea Pirecki\",\"@id\":\"https:\\\/\\\/k-bus.at\\\/sv\\\/#\\\/schema\\\/person\\\/b79a4f67da3db34c482fb3becd6e4245\"},\"headline\":\"Fler elbussar fr\u00e5n K-BUS st\u00e4rker den h\u00e5llbara mobiliteten i Leoben\",\"datePublished\":\"2026-07-02T07:40:25+00:00\",\"mainEntityOfPage\":{\"@id\":\"https:\\\/\\\/k-bus.at\\\/sv\\\/fler-elbussar-fraan-k-bus-staerker-den-haallbara-mobiliteten-i-leoben\\\/\"},\"wordCount\":118,\"image\":{\"@id\":\"https:\\\/\\\/k-bus.at\\\/sv\\\/fler-elbussar-fraan-k-bus-staerker-den-haallbara-mobiliteten-i-leoben\\\/#primaryimage\"},\"thumbnailUrl\":\"https:\\\/\\\/k-bus.at\\\/wp-content\\\/uploads\\\/2026\\\/04\\\/20260310_1016140-scaled.jpg\",\"articleSection\":[\"Okategoriserad\"],\"inLanguage\":\"sv-SE\"},{\"@type\":\"WebPage\",\"@id\":\"https:\\\/\\\/k-bus.at\\\/sv\\\/fler-elbussar-fraan-k-bus-staerker-den-haallbara-mobiliteten-i-leoben\\\/\",\"url\":\"https:\\\/\\\/k-bus.at\\\/sv\\\/fler-elbussar-fraan-k-bus-staerker-den-haallbara-mobiliteten-i-leoben\\\/\",\"name\":\"Fler elbussar fr\u00e5n K-BUS st\u00e4rker den h\u00e5llbara mobiliteten i Leoben - K-Bus\",\"isPartOf\":{\"@id\":\"https:\\\/\\\/k-bus.at\\\/sv\\\/#website\"},\"primaryImageOfPage\":{\"@id\":\"https:\\\/\\\/k-bus.at\\\/sv\\\/fler-elbussar-fraan-k-bus-staerker-den-haallbara-mobiliteten-i-leoben\\\/#primaryimage\"},\"image\":{\"@id\":\"https:\\\/\\\/k-bus.at\\\/sv\\\/fler-elbussar-fraan-k-bus-staerker-den-haallbara-mobiliteten-i-leoben\\\/#primaryimage\"},\"thumbnailUrl\":\"https:\\\/\\\/k-bus.at\\\/wp-content\\\/uploads\\\/2026\\\/04\\\/20260310_1016140-scaled.jpg\",\"datePublished\":\"2026-07-02T07:40:25+00:00\",\"author\":{\"@id\":\"https:\\\/\\\/k-bus.at\\\/sv\\\/#\\\/schema\\\/person\\\/b79a4f67da3db34c482fb3becd6e4245\"},\"breadcrumb\":{\"@id\":\"https:\\\/\\\/k-bus.at\\\/sv\\\/fler-elbussar-fraan-k-bus-staerker-den-haallbara-mobiliteten-i-leoben\\\/#breadcrumb\"},\"inLanguage\":\"sv-SE\",\"potentialAction\":[{\"@type\":\"ReadAction\",\"target\":[\"https:\\\/\\\/k-bus.at\\\/sv\\\/fler-elbussar-fraan-k-bus-staerker-den-haallbara-mobiliteten-i-leoben\\\/\"]}]},{\"@type\":\"ImageObject\",\"inLanguage\":\"sv-SE\",\"@id\":\"https:\\\/\\\/k-bus.at\\\/sv\\\/fler-elbussar-fraan-k-bus-staerker-den-haallbara-mobiliteten-i-leoben\\\/#primaryimage\",\"url\":\"https:\\\/\\\/k-bus.at\\\/wp-content\\\/uploads\\\/2026\\\/04\\\/20260310_1016140-scaled.jpg\",\"contentUrl\":\"https:\\\/\\\/k-bus.at\\\/wp-content\\\/uploads\\\/2026\\\/04\\\/20260310_1016140-scaled.jpg\",\"width\":2560,\"height\":1920,\"caption\":\"KBus-Kutsenits\"},{\"@type\":\"BreadcrumbList\",\"@id\":\"https:\\\/\\\/k-bus.at\\\/sv\\\/fler-elbussar-fraan-k-bus-staerker-den-haallbara-mobiliteten-i-leoben\\\/#breadcrumb\",\"itemListElement\":[{\"@type\":\"ListItem\",\"position\":1,\"name\":\"Startseite\",\"item\":\"https:\\\/\\\/k-bus.at\\\/sv\\\/k-bus-gmbh\\\/\"},{\"@type\":\"ListItem\",\"position\":2,\"name\":\"Fler elbussar fr\u00e5n K-BUS st\u00e4rker den h\u00e5llbara mobiliteten i Leoben\"}]},{\"@type\":\"WebSite\",\"@id\":\"https:\\\/\\\/k-bus.at\\\/sv\\\/#website\",\"url\":\"https:\\\/\\\/k-bus.at\\\/sv\\\/\",\"name\":\"K-Bus\",\"description\":\"Smart Mobility\",\"potentialAction\":[{\"@type\":\"SearchAction\",\"target\":{\"@type\":\"EntryPoint\",\"urlTemplate\":\"https:\\\/\\\/k-bus.at\\\/sv\\\/?s={search_term_string}\"},\"query-input\":{\"@type\":\"PropertyValueSpecification\",\"valueRequired\":true,\"valueName\":\"search_term_string\"}}],\"inLanguage\":\"sv-SE\"},{\"@type\":\"Person\",\"@id\":\"https:\\\/\\\/k-bus.at\\\/sv\\\/#\\\/schema\\\/person\\\/b79a4f67da3db34c482fb3becd6e4245\",\"name\":\"Andrea Pirecki\",\"image\":{\"@type\":\"ImageObject\",\"inLanguage\":\"sv-SE\",\"@id\":\"https:\\\/\\\/secure.gravatar.com\\\/avatar\\\/5e7490fdafa64acbdd60eca8c45c7de318b19f18b275b5c3183eff64bd4dd9e8?s=96&d=mm&r=g\",\"url\":\"https:\\\/\\\/secure.gravatar.com\\\/avatar\\\/5e7490fdafa64acbdd60eca8c45c7de318b19f18b275b5c3183eff64bd4dd9e8?s=96&d=mm&r=g\",\"contentUrl\":\"https:\\\/\\\/secure.gravatar.com\\\/avatar\\\/5e7490fdafa64acbdd60eca8c45c7de318b19f18b275b5c3183eff64bd4dd9e8?s=96&d=mm&r=g\",\"caption\":\"Andrea Pirecki\"}}]}<\/script>\n<!-- \/ Yoast SEO plugin. -->","yoast_head_json":{"title":"Fler elbussar fr\u00e5n K-BUS st\u00e4rker den h\u00e5llbara mobiliteten i Leoben - K-Bus","robots":{"index":"index","follow":"follow","max-snippet":"max-snippet:-1","max-image-preview":"max-image-preview:large","max-video-preview":"max-video-preview:-1"},"canonical":"https:\/\/k-bus.at\/sv\/fler-elbussar-fraan-k-bus-staerker-den-haallbara-mobiliteten-i-leoben\/","og_locale":"sv_SE","og_type":"article","og_title":"Fler elbussar fr\u00e5n K-BUS st\u00e4rker den h\u00e5llbara mobiliteten i Leoben - K-Bus","og_description":"Elektrifieringen av kollektivtrafiken i Leoben forts\u00e4tter att g\u00e5 fram\u00e5t. I och med \u00f6verl\u00e4mnandet av nya elbussar i Leoben ut\u00f6kas Stadtwerke","og_url":"https:\/\/k-bus.at\/sv\/fler-elbussar-fraan-k-bus-staerker-den-haallbara-mobiliteten-i-leoben\/","og_site_name":"K-Bus","article_published_time":"2026-07-02T07:40:25+00:00","og_image":[{"width":2560,"height":1920,"url":"https:\/\/k-bus.at\/wp-content\/uploads\/2026\/04\/20260310_1016140-scaled-e1775804841780.jpg","type":"image\/jpeg"}],"author":"Andrea Pirecki","twitter_card":"summary_large_image","twitter_misc":{"Skriven av":"Andrea Pirecki","Ber\u00e4knad l\u00e4stid":"1 minut"},"schema":{"@context":"https:\/\/schema.org","@graph":[{"@type":"Article","@id":"https:\/\/k-bus.at\/sv\/fler-elbussar-fraan-k-bus-staerker-den-haallbara-mobiliteten-i-leoben\/#article","isPartOf":{"@id":"https:\/\/k-bus.at\/sv\/fler-elbussar-fraan-k-bus-staerker-den-haallbara-mobiliteten-i-leoben\/"},"author":{"name":"Andrea Pirecki","@id":"https:\/\/k-bus.at\/sv\/#\/schema\/person\/b79a4f67da3db34c482fb3becd6e4245"},"headline":"Fler elbussar fr\u00e5n K-BUS st\u00e4rker den h\u00e5llbara mobiliteten i Leoben","datePublished":"2026-07-02T07:40:25+00:00","mainEntityOfPage":{"@id":"https:\/\/k-bus.at\/sv\/fler-elbussar-fraan-k-bus-staerker-den-haallbara-mobiliteten-i-leoben\/"},"wordCount":118,"image":{"@id":"https:\/\/k-bus.at\/sv\/fler-elbussar-fraan-k-bus-staerker-den-haallbara-mobiliteten-i-leoben\/#primaryimage"},"thumbnailUrl":"https:\/\/k-bus.at\/wp-content\/uploads\/2026\/04\/20260310_1016140-scaled.jpg","articleSection":["Okategoriserad"],"inLanguage":"sv-SE"},{"@type":"WebPage","@id":"https:\/\/k-bus.at\/sv\/fler-elbussar-fraan-k-bus-staerker-den-haallbara-mobiliteten-i-leoben\/","url":"https:\/\/k-bus.at\/sv\/fler-elbussar-fraan-k-bus-staerker-den-haallbara-mobiliteten-i-leoben\/","name":"Fler elbussar fr\u00e5n K-BUS st\u00e4rker den h\u00e5llbara mobiliteten i Leoben - K-Bus","isPartOf":{"@id":"https:\/\/k-bus.at\/sv\/#website"},"primaryImageOfPage":{"@id":"https:\/\/k-bus.at\/sv\/fler-elbussar-fraan-k-bus-staerker-den-haallbara-mobiliteten-i-leoben\/#primaryimage"},"image":{"@id":"https:\/\/k-bus.at\/sv\/fler-elbussar-fraan-k-bus-staerker-den-haallbara-mobiliteten-i-leoben\/#primaryimage"},"thumbnailUrl":"https:\/\/k-bus.at\/wp-content\/uploads\/2026\/04\/20260310_1016140-scaled.jpg","datePublished":"2026-07-02T07:40:25+00:00","author":{"@id":"https:\/\/k-bus.at\/sv\/#\/schema\/person\/b79a4f67da3db34c482fb3becd6e4245"},"breadcrumb":{"@id":"https:\/\/k-bus.at\/sv\/fler-elbussar-fraan-k-bus-staerker-den-haallbara-mobiliteten-i-leoben\/#breadcrumb"},"inLanguage":"sv-SE","potentialAction":[{"@type":"ReadAction","target":["https:\/\/k-bus.at\/sv\/fler-elbussar-fraan-k-bus-staerker-den-haallbara-mobiliteten-i-leoben\/"]}]},{"@type":"ImageObject","inLanguage":"sv-SE","@id":"https:\/\/k-bus.at\/sv\/fler-elbussar-fraan-k-bus-staerker-den-haallbara-mobiliteten-i-leoben\/#primaryimage","url":"https:\/\/k-bus.at\/wp-content\/uploads\/2026\/04\/20260310_1016140-scaled.jpg","contentUrl":"https:\/\/k-bus.at\/wp-content\/uploads\/2026\/04\/20260310_1016140-scaled.jpg","width":2560,"height":1920,"caption":"KBus-Kutsenits"},{"@type":"BreadcrumbList","@id":"https:\/\/k-bus.at\/sv\/fler-elbussar-fraan-k-bus-staerker-den-haallbara-mobiliteten-i-leoben\/#breadcrumb","itemListElement":[{"@type":"ListItem","position":1,"name":"Startseite","item":"https:\/\/k-bus.at\/sv\/k-bus-gmbh\/"},{"@type":"ListItem","position":2,"name":"Fler elbussar fr\u00e5n K-BUS st\u00e4rker den h\u00e5llbara mobiliteten i Leoben"}]},{"@type":"WebSite","@id":"https:\/\/k-bus.at\/sv\/#website","url":"https:\/\/k-bus.at\/sv\/","name":"K-Bus","description":"Smart Mobility","potentialAction":[{"@type":"SearchAction","target":{"@type":"EntryPoint","urlTemplate":"https:\/\/k-bus.at\/sv\/?s={search_term_string}"},"query-input":{"@type":"PropertyValueSpecification","valueRequired":true,"valueName":"search_term_string"}}],"inLanguage":"sv-SE"},{"@type":"Person","@id":"https:\/\/k-bus.at\/sv\/#\/schema\/person\/b79a4f67da3db34c482fb3becd6e4245","name":"Andrea Pirecki","image":{"@type":"ImageObject","inLanguage":"sv-SE","@id":"https:\/\/secure.gravatar.com\/avatar\/5e7490fdafa64acbdd60eca8c45c7de318b19f18b275b5c3183eff64bd4dd9e8?s=96&d=mm&r=g","url":"https:\/\/secure.gravatar.com\/avatar\/5e7490fdafa64acbdd60eca8c45c7de318b19f18b275b5c3183eff64bd4dd9e8?s=96&d=mm&r=g","contentUrl":"https:\/\/secure.gravatar.com\/avatar\/5e7490fdafa64acbdd60eca8c45c7de318b19f18b275b5c3183eff64bd4dd9e8?s=96&d=mm&r=g","caption":"Andrea Pirecki"}}]}},"_links":{"self":[{"href":"https:\/\/k-bus.at\/sv\/wp-json\/wp\/v2\/posts\/16565","targetHints":{"allow":["GET"]}}],"collection":[{"href":"https:\/\/k-bus.at\/sv\/wp-json\/wp\/v2\/posts"}],"about":[{"href":"https:\/\/k-bus.at\/sv\/wp-json\/wp\/v2\/types\/post"}],"author":[{"embeddable":true,"href":"https:\/\/k-bus.at\/sv\/wp-json\/wp\/v2\/users\/3"}],"replies":[{"embeddable":true,"href":"https:\/\/k-bus.at\/sv\/wp-json\/wp\/v2\/comments?post=16565"}],"version-history":[{"count":0,"href":"https:\/\/k-bus.at\/sv\/wp-json\/wp\/v2\/posts\/16565\/revisions"}],"wp:featuredmedia":[{"embeddable":true,"href":"https:\/\/k-bus.at\/sv\/wp-json\/wp\/v2\/media\/2343"}],"wp:attachment":[{"href":"https:\/\/k-bus.at\/sv\/wp-json\/wp\/v2\/media?parent=16565"}],"wp:term":[{"taxonomy":"category","embeddable":true,"href":"https:\/\/k-bus.at\/sv\/wp-json\/wp\/v2\/categories?post=16565"},{"taxonomy":"post_tag","embeddable":true,"href":"https:\/\/k-bus.at\/sv\/wp-json\/wp\/v2\/tags?post=16565"}],"curies":[{"name":"wp","href":"https:\/\/api.w.org\/{rel}","templated":true}]}}